{"id":9109,"date":"2025-05-01T09:22:39","date_gmt":"2025-05-01T07:22:39","guid":{"rendered":"https:\/\/www.ersteprvaliga.hr\/plava-liga\/?p=9109"},"modified":"2025-05-03T20:26:12","modified_gmt":"2025-05-03T18:26:12","slug":"erste-plava-liga-u-osijeku-jos-je-jednom-bila-festival-atletike","status":"publish","type":"post","link":"https:\/\/www.ersteprvaliga.hr\/plava-liga\/erste-plava-liga-u-osijeku-jos-je-jednom-bila-festival-atletike\/","title":{"rendered":"Erste Plava liga u Osijeku jo\u0161 je jednom bila festival atletike"},"content":{"rendered":"\n<blockquote class=\"wp-block-quote is-layout-flow wp-block-quote-is-layout-flow\"><p><em>Na kvalifikacijama Erste Plave lige u Osijeku se u kraljici sportova natjecalo preko 500 natjecatelja<\/em><\/p><\/blockquote>\n\n\n\n<p class=\"wp-block-paragraph\"><\/p>\n\n\n\n<p class=\"has-drop-cap wp-block-paragraph\">Jo\u0161 jedno izdanje Erste Plave lige uspje\u0161no je odr\u017eano u Osijeku, okupiv\u0161i preko 500 mladih natjecatelja. Ovo natjecanje ponovno je pokazalo za\u0161to je jedno od najpopularnijih dje\u010djih atletskih doga\u0111anja u Hrvatskoj.&nbsp;<\/p>\n\n\n\n<p class=\"wp-block-paragraph\">Poseban doprinos ovogodi\u0161njem izdanju dala su i djeca s pote\u0161ko\u0107ama u razvoju, koja su prvi puta sudjelovala u sklopu programa inkluzivne atletike. S ponosom isti\u010demo sudjelovanje u\u010denika iz <strong>Centra za odgoj i obrazovanje \u201eIvan \u0160tark\u201c Osijek<\/strong>, <strong>Osnovne \u0161kole Darda<\/strong> i <strong>O\u0160 \u201eDr. Franjo Tu\u0111man\u201c Beli Manastir<\/strong>. Njihovo prisustvo pokazuje koliko je va\u017eno otvarati sportske prilike za svu djecu \u2013 bez obzira na njihove mogu\u0107nosti. Svojim nastupima i osmijesima dodatno su obogatili atmosferu i pokazali da atletika doista mo\u017ee biti prostor za sve.<\/p>\n\n\n\n<p class=\"wp-block-paragraph\"><strong>Marko Grguri\u0107, predsjednik Atletskog kluba Slavonija \u017dito<\/strong><\/p>\n\n\n\n<p class=\"wp-block-paragraph\"><em>\u201cErste Plava liga u Osijeku ponovo je okupila preko 500 mladih natjecatelja. Uo\u010dili smo puno novih talenata, ali i odu\u0161evljenje djece koja su se prvi put susrela s atletikom. Mnoge od njih motivirali smo da se uklju\u010de u redovne klupske aktivnosti, \u0161to nam je jedan od glavnih ciljeva. Erste Plava liga jo\u0161 jednom je pokazala kako sport mo\u017ee biti pristupa\u010dan, inkluzivan i zabavan za sve, bez obzira na uzrast i sposobnosti.\u201d<\/em><\/p>\n\n\n\n<p class=\"wp-block-paragraph\">Uz natjecanje, djeca su imala priliku sudjelovati i u edukativnim aktivnostima vezanima uz <strong>financijsku pismenost<\/strong>, u sklopu kojih su simboli\u010dno ispunjavala kartice sa svojim \u017eeljama za \u0161tednju. Cilj ove aktivnosti bio je potaknuti djecu na razmi\u0161ljanje o odgovornom upravljanju novcem ve\u0107 od najranije dobi, u skladu s vrijednostima koje Erste mirovinski fondovi&nbsp; kontinuirano promi\u010du.<\/p>\n\n\n\n<p class=\"wp-block-paragraph\"><strong>Matea Juri\u0161i\u0107<\/strong>, sudionica natjecanja, izjavila je:<\/p>\n\n\n\n<p class=\"wp-block-paragraph\"><em>&#8220;Bacala sam kuglu, to obo\u017eavam. Bilo je jako lijepo bez obzira \u0161to sam malo pogrije\u0161ila.&#8221;<\/em><\/p>\n\n\n\n<p class=\"wp-block-paragraph\"><strong>U Osijeku velika volonterska zajednica<\/strong><\/p>\n\n\n\n<p class=\"wp-block-paragraph\">U Osijeku je poznato da se i za volontiranje treba \u201cizboriti\u201d, velika volonterska zajednica i ove godine pokazala se kao vrhunska podr\u0161ka u organziaciji ovakvih natjecanja, volonterka Monika izjavila je nakon natjecanja:&nbsp;<\/p>\n\n\n\n<p class=\"wp-block-paragraph\"><em>\u201c Studiram ekonomiju te sam se preko fakulteta i prijavila za volontiranje. Jako nam je zanimljivo i jako se zabavljamo i mi volonteri, upoznajemo druge volontere i, naravno, djecu. Svima je lijepo, jako je bitno baviti se sportom pa sve pozivam ve\u0107 sljede\u0107e godine, budite i vi dio Erste Plave lige.\u201d<\/em><\/p>\n\n\n\n<p class=\"wp-block-paragraph\"><strong>Erste Plava liga<\/strong> i ove se godine odr\u017eava u 11 hrvatskih gradova, a do sada je okupila preko 45.000 natjecatelja. Natjecanje podr\u017eavaju najpoznatiji hrvatski atleti\u010dari, uklju\u010duju\u0107i <strong>Blanku Vla\u0161i\u0107, Sandru Elkasevi\u0107, Saru Kolak i Janu Ko\u0161\u010dak<\/strong>, koji svojim primjerom dodatno motiviraju djecu da u sportu prona\u0111u inspiraciju, snagu i zabavu.<\/p>\n\n\n\n<p class=\"wp-block-paragraph\"><a href=\"https:\/\/www.ersteprvaliga.hr\/plava-liga\/rezultati\/?godina=2025&amp;grad=Osijek\" target=\"_blank\" rel=\"noreferrer noopener\">Rezultati kvalifikacija EPL 2025 u Osijeku<\/a><\/p>\n","protected":false},"excerpt":{"rendered":"<p>Na kvalifikacijama Erste Plave lige u Osijeku se u kraljici sportova natjecalo preko 500 natjecatelja Jo\u0161 jedno izdanje Erste Plave lige uspje\u0161no je odr\u017eano u Osijeku, okupiv\u0161i preko 500 mladih natjecatelja. Ovo natjecanje ponovno je pokazalo za\u0161to je jedno od najpopularnijih dje\u010djih atletskih doga\u0111anja u Hrvatskoj.&nbsp; Poseban doprinos ovogodi\u0161njem izdanju dala su i djeca s [&hellip;]<\/p>\n","protected":false},"author":2581,"featured_media":9112,"comment_status":"open","ping_status":"open","sticky":false,"template":"","format":"standard","meta":{"footnotes":""},"categories":[11],"tags":[],"class_list":["post-9109","post","type-post","status-publish","format-standard","has-post-thumbnail","hentry","category-vijesti"],"yoast_head":"<!-- This site is optimized with the Yoast SEO plugin v28.3 - https:\/\/yoast.com\/product\/yoast-seo-wordpress\/ -->\n<title>Erste Plava liga u Osijeku jo\u0161 je jednom bila festival atletike - Erste Plava Liga<\/title>\n<meta name=\"robots\" content=\"index, follow, max-snippet:-1, max-image-preview:large, max-video-preview:-1\" \/>\n<link rel=\"canonical\" href=\"https:\/\/www.ersteprvaliga.hr\/plava-liga\/erste-plava-liga-u-osijeku-jos-je-jednom-bila-festival-atletike\/\" \/>\n<meta property=\"og:locale\" content=\"hr_HR\" \/>\n<meta property=\"og:type\" content=\"article\" \/>\n<meta property=\"og:title\" content=\"Erste Plava liga u Osijeku jo\u0161 je jednom bila festival atletike - Erste Plava Liga\" \/>\n<meta property=\"og:description\" content=\"Na kvalifikacijama Erste Plave lige u Osijeku se u kraljici sportova natjecalo preko 500 natjecatelja Jo\u0161 jedno izdanje Erste Plave lige uspje\u0161no je odr\u017eano u Osijeku, okupiv\u0161i preko 500 mladih natjecatelja. Ovo natjecanje ponovno je pokazalo za\u0161to je jedno od najpopularnijih dje\u010djih atletskih doga\u0111anja u Hrvatskoj.&nbsp; Poseban doprinos ovogodi\u0161njem izdanju dala su i djeca s [&hellip;]\" \/>\n<meta property=\"og:url\" content=\"https:\/\/www.ersteprvaliga.hr\/plava-liga\/erste-plava-liga-u-osijeku-jos-je-jednom-bila-festival-atletike\/\" \/>\n<meta property=\"og:site_name\" content=\"Erste Plava Liga\" \/>\n<meta property=\"article:published_time\" content=\"2025-05-01T07:22:39+00:00\" \/>\n<meta property=\"article:modified_time\" content=\"2025-05-03T18:26:12+00:00\" \/>\n<meta property=\"og:image\" content=\"https:\/\/www.ersteprvaliga.hr\/plava-liga\/wp-content\/uploads\/sites\/2\/2025\/05\/EPL-Osijek-.jpg\" \/>\n\t<meta property=\"og:image:width\" content=\"1200\" \/>\n\t<meta property=\"og:image:height\" content=\"800\" \/>\n\t<meta property=\"og:image:type\" content=\"image\/jpeg\" \/>\n<meta name=\"author\" content=\"Marin \u0160arec\" \/>\n<meta name=\"twitter:card\" content=\"summary_large_image\" \/>\n<meta name=\"twitter:label1\" content=\"Napisao\/la\" \/>\n\t<meta name=\"twitter:data1\" content=\"Marin \u0160arec\" \/>\n\t<meta name=\"twitter:label2\" content=\"Procijenjeno vrijeme \u010ditanja\" \/>\n\t<meta name=\"twitter:data2\" content=\"2 minute\" \/>\n<script type=\"application\/ld+json\" class=\"yoast-schema-graph\">{\"@context\":\"https:\\\/\\\/schema.org\",\"@graph\":[{\"@type\":\"Article\",\"@id\":\"https:\\\/\\\/www.ersteprvaliga.hr\\\/plava-liga\\\/erste-plava-liga-u-osijeku-jos-je-jednom-bila-festival-atletike\\\/#article\",\"isPartOf\":{\"@id\":\"https:\\\/\\\/www.ersteprvaliga.hr\\\/plava-liga\\\/erste-plava-liga-u-osijeku-jos-je-jednom-bila-festival-atletike\\\/\"},\"author\":{\"name\":\"Marin \u0160arec\",\"@id\":\"https:\\\/\\\/www.ersteprvaliga.hr\\\/plava-liga\\\/#\\\/schema\\\/person\\\/b8a657cf6397e2c2e6b9f208d1f5cd0b\"},\"headline\":\"Erste Plava liga u Osijeku jo\u0161 je jednom bila festival atletike\",\"datePublished\":\"2025-05-01T07:22:39+00:00\",\"dateModified\":\"2025-05-03T18:26:12+00:00\",\"mainEntityOfPage\":{\"@id\":\"https:\\\/\\\/www.ersteprvaliga.hr\\\/plava-liga\\\/erste-plava-liga-u-osijeku-jos-je-jednom-bila-festival-atletike\\\/\"},\"wordCount\":466,\"commentCount\":0,\"publisher\":{\"@id\":\"https:\\\/\\\/www.ersteprvaliga.hr\\\/plava-liga\\\/#organization\"},\"image\":{\"@id\":\"https:\\\/\\\/www.ersteprvaliga.hr\\\/plava-liga\\\/erste-plava-liga-u-osijeku-jos-je-jednom-bila-festival-atletike\\\/#primaryimage\"},\"thumbnailUrl\":\"https:\\\/\\\/www.ersteprvaliga.hr\\\/plava-liga\\\/wp-content\\\/uploads\\\/sites\\\/2\\\/2025\\\/05\\\/EPL-Osijek-.jpg\",\"articleSection\":[\"Vijesti\"],\"inLanguage\":\"hr\",\"potentialAction\":[{\"@type\":\"CommentAction\",\"name\":\"Comment\",\"target\":[\"https:\\\/\\\/www.ersteprvaliga.hr\\\/plava-liga\\\/erste-plava-liga-u-osijeku-jos-je-jednom-bila-festival-atletike\\\/#respond\"]}]},{\"@type\":\"WebPage\",\"@id\":\"https:\\\/\\\/www.ersteprvaliga.hr\\\/plava-liga\\\/erste-plava-liga-u-osijeku-jos-je-jednom-bila-festival-atletike\\\/\",\"url\":\"https:\\\/\\\/www.ersteprvaliga.hr\\\/plava-liga\\\/erste-plava-liga-u-osijeku-jos-je-jednom-bila-festival-atletike\\\/\",\"name\":\"Erste Plava liga u Osijeku jo\u0161 je jednom bila festival atletike - Erste Plava Liga\",\"isPartOf\":{\"@id\":\"https:\\\/\\\/www.ersteprvaliga.hr\\\/plava-liga\\\/#website\"},\"primaryImageOfPage\":{\"@id\":\"https:\\\/\\\/www.ersteprvaliga.hr\\\/plava-liga\\\/erste-plava-liga-u-osijeku-jos-je-jednom-bila-festival-atletike\\\/#primaryimage\"},\"image\":{\"@id\":\"https:\\\/\\\/www.ersteprvaliga.hr\\\/plava-liga\\\/erste-plava-liga-u-osijeku-jos-je-jednom-bila-festival-atletike\\\/#primaryimage\"},\"thumbnailUrl\":\"https:\\\/\\\/www.ersteprvaliga.hr\\\/plava-liga\\\/wp-content\\\/uploads\\\/sites\\\/2\\\/2025\\\/05\\\/EPL-Osijek-.jpg\",\"datePublished\":\"2025-05-01T07:22:39+00:00\",\"dateModified\":\"2025-05-03T18:26:12+00:00\",\"breadcrumb\":{\"@id\":\"https:\\\/\\\/www.ersteprvaliga.hr\\\/plava-liga\\\/erste-plava-liga-u-osijeku-jos-je-jednom-bila-festival-atletike\\\/#breadcrumb\"},\"inLanguage\":\"hr\",\"potentialAction\":[{\"@type\":\"ReadAction\",\"target\":[\"https:\\\/\\\/www.ersteprvaliga.hr\\\/plava-liga\\\/erste-plava-liga-u-osijeku-jos-je-jednom-bila-festival-atletike\\\/\"]}]},{\"@type\":\"ImageObject\",\"inLanguage\":\"hr\",\"@id\":\"https:\\\/\\\/www.ersteprvaliga.hr\\\/plava-liga\\\/erste-plava-liga-u-osijeku-jos-je-jednom-bila-festival-atletike\\\/#primaryimage\",\"url\":\"https:\\\/\\\/www.ersteprvaliga.hr\\\/plava-liga\\\/wp-content\\\/uploads\\\/sites\\\/2\\\/2025\\\/05\\\/EPL-Osijek-.jpg\",\"contentUrl\":\"https:\\\/\\\/www.ersteprvaliga.hr\\\/plava-liga\\\/wp-content\\\/uploads\\\/sites\\\/2\\\/2025\\\/05\\\/EPL-Osijek-.jpg\",\"width\":1200,\"height\":800},{\"@type\":\"BreadcrumbList\",\"@id\":\"https:\\\/\\\/www.ersteprvaliga.hr\\\/plava-liga\\\/erste-plava-liga-u-osijeku-jos-je-jednom-bila-festival-atletike\\\/#breadcrumb\",\"itemListElement\":[{\"@type\":\"ListItem\",\"position\":1,\"name\":\"Po\u010detna stranica\",\"item\":\"https:\\\/\\\/www.ersteprvaliga.hr\\\/plava-liga\\\/\"},{\"@type\":\"ListItem\",\"position\":2,\"name\":\"Erste Plava liga u Osijeku jo\u0161 je jednom bila festival atletike\"}]},{\"@type\":\"WebSite\",\"@id\":\"https:\\\/\\\/www.ersteprvaliga.hr\\\/plava-liga\\\/#website\",\"url\":\"https:\\\/\\\/www.ersteprvaliga.hr\\\/plava-liga\\\/\",\"name\":\"Erste Plava Liga\",\"description\":\"\",\"publisher\":{\"@id\":\"https:\\\/\\\/www.ersteprvaliga.hr\\\/plava-liga\\\/#organization\"},\"potentialAction\":[{\"@type\":\"SearchAction\",\"target\":{\"@type\":\"EntryPoint\",\"urlTemplate\":\"https:\\\/\\\/www.ersteprvaliga.hr\\\/plava-liga\\\/?s={search_term_string}\"},\"query-input\":{\"@type\":\"PropertyValueSpecification\",\"valueRequired\":true,\"valueName\":\"search_term_string\"}}],\"inLanguage\":\"hr\"},{\"@type\":\"Organization\",\"@id\":\"https:\\\/\\\/www.ersteprvaliga.hr\\\/plava-liga\\\/#organization\",\"name\":\"Erste Plava Liga\",\"url\":\"https:\\\/\\\/www.ersteprvaliga.hr\\\/plava-liga\\\/\",\"logo\":{\"@type\":\"ImageObject\",\"inLanguage\":\"hr\",\"@id\":\"https:\\\/\\\/www.ersteprvaliga.hr\\\/plava-liga\\\/#\\\/schema\\\/logo\\\/image\\\/\",\"url\":\"https:\\\/\\\/www.ersteprvaliga.hr\\\/plava-liga\\\/wp-content\\\/uploads\\\/sites\\\/2\\\/2022\\\/03\\\/fb-share-plava-liga-1.jpg\",\"contentUrl\":\"https:\\\/\\\/www.ersteprvaliga.hr\\\/plava-liga\\\/wp-content\\\/uploads\\\/sites\\\/2\\\/2022\\\/03\\\/fb-share-plava-liga-1.jpg\",\"width\":1200,\"height\":630,\"caption\":\"Erste Plava Liga\"},\"image\":{\"@id\":\"https:\\\/\\\/www.ersteprvaliga.hr\\\/plava-liga\\\/#\\\/schema\\\/logo\\\/image\\\/\"}},{\"@type\":\"Person\",\"@id\":\"https:\\\/\\\/www.ersteprvaliga.hr\\\/plava-liga\\\/#\\\/schema\\\/person\\\/b8a657cf6397e2c2e6b9f208d1f5cd0b\",\"name\":\"Marin \u0160arec\",\"image\":{\"@type\":\"ImageObject\",\"inLanguage\":\"hr\",\"@id\":\"https:\\\/\\\/secure.gravatar.com\\\/avatar\\\/c9ead507faf6bb31e2ed98aeb1453bd75599faf65890726d60d6f206cc766d6d?s=96&d=mm&r=g\",\"url\":\"https:\\\/\\\/secure.gravatar.com\\\/avatar\\\/c9ead507faf6bb31e2ed98aeb1453bd75599faf65890726d60d6f206cc766d6d?s=96&d=mm&r=g\",\"contentUrl\":\"https:\\\/\\\/secure.gravatar.com\\\/avatar\\\/c9ead507faf6bb31e2ed98aeb1453bd75599faf65890726d60d6f206cc766d6d?s=96&d=mm&r=g\",\"caption\":\"Marin \u0160arec\"},\"url\":\"https:\\\/\\\/www.ersteprvaliga.hr\\\/plava-liga\\\/author\\\/marin_sarec\\\/\"}]}<\/script>\n<!-- \/ Yoast SEO plugin. -->","yoast_head_json":{"title":"Erste Plava liga u Osijeku jo\u0161 je jednom bila festival atletike - Erste Plava Liga","robots":{"index":"index","follow":"follow","max-snippet":"max-snippet:-1","max-image-preview":"max-image-preview:large","max-video-preview":"max-video-preview:-1"},"canonical":"https:\/\/www.ersteprvaliga.hr\/plava-liga\/erste-plava-liga-u-osijeku-jos-je-jednom-bila-festival-atletike\/","og_locale":"hr_HR","og_type":"article","og_title":"Erste Plava liga u Osijeku jo\u0161 je jednom bila festival atletike - Erste Plava Liga","og_description":"Na kvalifikacijama Erste Plave lige u Osijeku se u kraljici sportova natjecalo preko 500 natjecatelja Jo\u0161 jedno izdanje Erste Plave lige uspje\u0161no je odr\u017eano u Osijeku, okupiv\u0161i preko 500 mladih natjecatelja. Ovo natjecanje ponovno je pokazalo za\u0161to je jedno od najpopularnijih dje\u010djih atletskih doga\u0111anja u Hrvatskoj.&nbsp; Poseban doprinos ovogodi\u0161njem izdanju dala su i djeca s [&hellip;]","og_url":"https:\/\/www.ersteprvaliga.hr\/plava-liga\/erste-plava-liga-u-osijeku-jos-je-jednom-bila-festival-atletike\/","og_site_name":"Erste Plava Liga","article_published_time":"2025-05-01T07:22:39+00:00","article_modified_time":"2025-05-03T18:26:12+00:00","og_image":[{"width":1200,"height":800,"url":"https:\/\/www.ersteprvaliga.hr\/plava-liga\/wp-content\/uploads\/sites\/2\/2025\/05\/EPL-Osijek-.jpg","type":"image\/jpeg"}],"author":"Marin \u0160arec","twitter_card":"summary_large_image","twitter_misc":{"Napisao\/la":"Marin \u0160arec","Procijenjeno vrijeme \u010ditanja":"2 minute"},"schema":{"@context":"https:\/\/schema.org","@graph":[{"@type":"Article","@id":"https:\/\/www.ersteprvaliga.hr\/plava-liga\/erste-plava-liga-u-osijeku-jos-je-jednom-bila-festival-atletike\/#article","isPartOf":{"@id":"https:\/\/www.ersteprvaliga.hr\/plava-liga\/erste-plava-liga-u-osijeku-jos-je-jednom-bila-festival-atletike\/"},"author":{"name":"Marin \u0160arec","@id":"https:\/\/www.ersteprvaliga.hr\/plava-liga\/#\/schema\/person\/b8a657cf6397e2c2e6b9f208d1f5cd0b"},"headline":"Erste Plava liga u Osijeku jo\u0161 je jednom bila festival atletike","datePublished":"2025-05-01T07:22:39+00:00","dateModified":"2025-05-03T18:26:12+00:00","mainEntityOfPage":{"@id":"https:\/\/www.ersteprvaliga.hr\/plava-liga\/erste-plava-liga-u-osijeku-jos-je-jednom-bila-festival-atletike\/"},"wordCount":466,"commentCount":0,"publisher":{"@id":"https:\/\/www.ersteprvaliga.hr\/plava-liga\/#organization"},"image":{"@id":"https:\/\/www.ersteprvaliga.hr\/plava-liga\/erste-plava-liga-u-osijeku-jos-je-jednom-bila-festival-atletike\/#primaryimage"},"thumbnailUrl":"https:\/\/www.ersteprvaliga.hr\/plava-liga\/wp-content\/uploads\/sites\/2\/2025\/05\/EPL-Osijek-.jpg","articleSection":["Vijesti"],"inLanguage":"hr","potentialAction":[{"@type":"CommentAction","name":"Comment","target":["https:\/\/www.ersteprvaliga.hr\/plava-liga\/erste-plava-liga-u-osijeku-jos-je-jednom-bila-festival-atletike\/#respond"]}]},{"@type":"WebPage","@id":"https:\/\/www.ersteprvaliga.hr\/plava-liga\/erste-plava-liga-u-osijeku-jos-je-jednom-bila-festival-atletike\/","url":"https:\/\/www.ersteprvaliga.hr\/plava-liga\/erste-plava-liga-u-osijeku-jos-je-jednom-bila-festival-atletike\/","name":"Erste Plava liga u Osijeku jo\u0161 je jednom bila festival atletike - Erste Plava Liga","isPartOf":{"@id":"https:\/\/www.ersteprvaliga.hr\/plava-liga\/#website"},"primaryImageOfPage":{"@id":"https:\/\/www.ersteprvaliga.hr\/plava-liga\/erste-plava-liga-u-osijeku-jos-je-jednom-bila-festival-atletike\/#primaryimage"},"image":{"@id":"https:\/\/www.ersteprvaliga.hr\/plava-liga\/erste-plava-liga-u-osijeku-jos-je-jednom-bila-festival-atletike\/#primaryimage"},"thumbnailUrl":"https:\/\/www.ersteprvaliga.hr\/plava-liga\/wp-content\/uploads\/sites\/2\/2025\/05\/EPL-Osijek-.jpg","datePublished":"2025-05-01T07:22:39+00:00","dateModified":"2025-05-03T18:26:12+00:00","breadcrumb":{"@id":"https:\/\/www.ersteprvaliga.hr\/plava-liga\/erste-plava-liga-u-osijeku-jos-je-jednom-bila-festival-atletike\/#breadcrumb"},"inLanguage":"hr","potentialAction":[{"@type":"ReadAction","target":["https:\/\/www.ersteprvaliga.hr\/plava-liga\/erste-plava-liga-u-osijeku-jos-je-jednom-bila-festival-atletike\/"]}]},{"@type":"ImageObject","inLanguage":"hr","@id":"https:\/\/www.ersteprvaliga.hr\/plava-liga\/erste-plava-liga-u-osijeku-jos-je-jednom-bila-festival-atletike\/#primaryimage","url":"https:\/\/www.ersteprvaliga.hr\/plava-liga\/wp-content\/uploads\/sites\/2\/2025\/05\/EPL-Osijek-.jpg","contentUrl":"https:\/\/www.ersteprvaliga.hr\/plava-liga\/wp-content\/uploads\/sites\/2\/2025\/05\/EPL-Osijek-.jpg","width":1200,"height":800},{"@type":"BreadcrumbList","@id":"https:\/\/www.ersteprvaliga.hr\/plava-liga\/erste-plava-liga-u-osijeku-jos-je-jednom-bila-festival-atletike\/#breadcrumb","itemListElement":[{"@type":"ListItem","position":1,"name":"Po\u010detna stranica","item":"https:\/\/www.ersteprvaliga.hr\/plava-liga\/"},{"@type":"ListItem","position":2,"name":"Erste Plava liga u Osijeku jo\u0161 je jednom bila festival atletike"}]},{"@type":"WebSite","@id":"https:\/\/www.ersteprvaliga.hr\/plava-liga\/#website","url":"https:\/\/www.ersteprvaliga.hr\/plava-liga\/","name":"Erste Plava Liga","description":"","publisher":{"@id":"https:\/\/www.ersteprvaliga.hr\/plava-liga\/#organization"},"potentialAction":[{"@type":"SearchAction","target":{"@type":"EntryPoint","urlTemplate":"https:\/\/www.ersteprvaliga.hr\/plava-liga\/?s={search_term_string}"},"query-input":{"@type":"PropertyValueSpecification","valueRequired":true,"valueName":"search_term_string"}}],"inLanguage":"hr"},{"@type":"Organization","@id":"https:\/\/www.ersteprvaliga.hr\/plava-liga\/#organization","name":"Erste Plava Liga","url":"https:\/\/www.ersteprvaliga.hr\/plava-liga\/","logo":{"@type":"ImageObject","inLanguage":"hr","@id":"https:\/\/www.ersteprvaliga.hr\/plava-liga\/#\/schema\/logo\/image\/","url":"https:\/\/www.ersteprvaliga.hr\/plava-liga\/wp-content\/uploads\/sites\/2\/2022\/03\/fb-share-plava-liga-1.jpg","contentUrl":"https:\/\/www.ersteprvaliga.hr\/plava-liga\/wp-content\/uploads\/sites\/2\/2022\/03\/fb-share-plava-liga-1.jpg","width":1200,"height":630,"caption":"Erste Plava Liga"},"image":{"@id":"https:\/\/www.ersteprvaliga.hr\/plava-liga\/#\/schema\/logo\/image\/"}},{"@type":"Person","@id":"https:\/\/www.ersteprvaliga.hr\/plava-liga\/#\/schema\/person\/b8a657cf6397e2c2e6b9f208d1f5cd0b","name":"Marin \u0160arec","image":{"@type":"ImageObject","inLanguage":"hr","@id":"https:\/\/secure.gravatar.com\/avatar\/c9ead507faf6bb31e2ed98aeb1453bd75599faf65890726d60d6f206cc766d6d?s=96&d=mm&r=g","url":"https:\/\/secure.gravatar.com\/avatar\/c9ead507faf6bb31e2ed98aeb1453bd75599faf65890726d60d6f206cc766d6d?s=96&d=mm&r=g","contentUrl":"https:\/\/secure.gravatar.com\/avatar\/c9ead507faf6bb31e2ed98aeb1453bd75599faf65890726d60d6f206cc766d6d?s=96&d=mm&r=g","caption":"Marin \u0160arec"},"url":"https:\/\/www.ersteprvaliga.hr\/plava-liga\/author\/marin_sarec\/"}]}},"_links":{"self":[{"href":"https:\/\/www.ersteprvaliga.hr\/plava-liga\/wp-json\/wp\/v2\/posts\/9109","targetHints":{"allow":["GET"]}}],"collection":[{"href":"https:\/\/www.ersteprvaliga.hr\/plava-liga\/wp-json\/wp\/v2\/posts"}],"about":[{"href":"https:\/\/www.ersteprvaliga.hr\/plava-liga\/wp-json\/wp\/v2\/types\/post"}],"author":[{"embeddable":true,"href":"https:\/\/www.ersteprvaliga.hr\/plava-liga\/wp-json\/wp\/v2\/users\/2581"}],"replies":[{"embeddable":true,"href":"https:\/\/www.ersteprvaliga.hr\/plava-liga\/wp-json\/wp\/v2\/comments?post=9109"}],"version-history":[{"count":2,"href":"https:\/\/www.ersteprvaliga.hr\/plava-liga\/wp-json\/wp\/v2\/posts\/9109\/revisions"}],"predecessor-version":[{"id":9121,"href":"https:\/\/www.ersteprvaliga.hr\/plava-liga\/wp-json\/wp\/v2\/posts\/9109\/revisions\/9121"}],"wp:featuredmedia":[{"embeddable":true,"href":"https:\/\/www.ersteprvaliga.hr\/plava-liga\/wp-json\/wp\/v2\/media\/9112"}],"wp:attachment":[{"href":"https:\/\/www.ersteprvaliga.hr\/plava-liga\/wp-json\/wp\/v2\/media?parent=9109"}],"wp:term":[{"taxonomy":"category","embeddable":true,"href":"https:\/\/www.ersteprvaliga.hr\/plava-liga\/wp-json\/wp\/v2\/categories?post=9109"},{"taxonomy":"post_tag","embeddable":true,"href":"https:\/\/www.ersteprvaliga.hr\/plava-liga\/wp-json\/wp\/v2\/tags?post=9109"}],"curies":[{"name":"wp","href":"https:\/\/api.w.org\/{rel}","templated":true}]}}