{"id":9089,"date":"2025-04-17T14:40:04","date_gmt":"2025-04-17T12:40:04","guid":{"rendered":"https:\/\/www.ersteprvaliga.hr\/plava-liga\/?p=9089"},"modified":"2025-04-17T16:03:00","modified_gmt":"2025-04-17T14:03:00","slug":"erste-plava-liga-jos-brze-vise-jace","status":"publish","type":"post","link":"https:\/\/www.ersteprvaliga.hr\/plava-liga\/erste-plava-liga-jos-brze-vise-jace\/","title":{"rendered":"Erste Plava liga \u201cJo\u0161 Br\u017ee. Vi\u0161e. Ja\u010de.\u201d"},"content":{"rendered":"\n<blockquote class=\"wp-block-quote is-layout-flow wp-block-quote-is-layout-flow\"><p><em>Nova sezona najve\u0107eg dje\u010djeg atletskog natjecanja donosi rast, ja\u010da zajedni\u0161tvo i, sna\u017enije nego ikad, promi\u010de sportske vrijednosti!<\/em><\/p><\/blockquote>\n\n\n\n<p class=\"wp-block-paragraph\"><a href=\"https:\/\/www.ersteprvaliga.hr\/plava-liga\/\">Erste Plava liga<\/a>, najve\u0107e amatersko atletsko natjecanje za djecu u Hrvatskoj i ove godine okuplja tisu\u0107e djece iz <strong>11 hrvatskih gradova<\/strong>. U svojoj 13. sezoni, Liga dolazi po prvi put u <strong>Sisak<\/strong>, a veliko finale ove \u0107e se godine odr\u017eati u <strong>Vara\u017edinu<\/strong>.<\/p>\n\n\n\n<p class=\"wp-block-paragraph\">Natjecanje pru\u017ea priliku djeci da se uklju\u010de u svijet sporta i nadmetanja, neovisno o prethodnom iskustvu ili razini tjelesne pripremljenosti. Cilj Lige nije isklju\u010divo sportski rezultat, ve\u0107 poticanje zdravih \u017eivotnih navika, timskog duha, samopouzdanja i aktivnog na\u010dina \u017eivota. <strong>Svako dijete ima priliku otkriti vlastiti talent<\/strong> i osjetiti radost sudjelovanja u sportskom doga\u0111anju.<\/p>\n\n\n\n<p class=\"wp-block-paragraph\">Ovogodi\u0161nje izdanje okupit \u0107e preko<strong> 6000 natjecatelja<\/strong> iz osnovnih \u0161kola, a mnogima \u0107e sudjelovanje u Erste Plavoj ligi predstavljati va\u017ean i nezaboravan po\u010detak vlastitog sportskog puta. <strong>Liga se time jo\u0161 sna\u017enije pozicionira kao natjecanje namijenjeno svoj djeci, neovisno o njihovom sportskom predznanju.<\/strong><\/p>\n\n\n\n<p class=\"wp-block-paragraph\"><strong>Erste Plava liga nije rezervirana samo za atleti\u010dare \u2013 upravo suprotno. Atletika nudi niz prilika za otkrivanje talenata, bilo da dijete voli tr\u010dati, skakati ili bacati \u2013 svi su dobrodo\u0161li.<\/strong><\/p>\n\n\n\n<p class=\"wp-block-paragraph\">Ligu od samih po\u010detaka podr\u017eavaju i promoviraju najpoznatiji hrvatski atleti\u010dari, me\u0111u kojima su <strong>Sandra Elkasevi\u0107, Blanka Vla\u0161i\u0107, Sara Kolak, Jana Ko\u0161\u010dak <\/strong>te mnogi drugi, koji svojim primjerom dodatno motiviraju djecu da u sportu prona\u0111u inspiraciju, snagu i zabavu.<\/p>\n\n\n\n<p class=\"wp-block-paragraph\">Va\u017enu ulogu u razvoju i dostupnosti ovog projekta imaju sponzori i pokrovitelji Lige \u2013 <strong>Erste banka, Erste mirovinski fondovi, Ministarstvo turizma i sporta, Jadrolinija, Janaf, XIXO napitci te 24sata.hr i JoomBoos<\/strong>. Svojim kontinuiranim doprinosom svi oni omogu\u0107uju odr\u017eavanje natjecanja na nacionalnoj razini i pru\u017eaju podr\u0161ku djeci na njihovom sportskom putu.<\/p>\n\n\n\n<p class=\"wp-block-paragraph\">U fokusu ovogodi\u0161njeg izdanja posebno je isticanje <strong>zna\u010daja sigurnog okru\u017eenja u sportu<\/strong> za sve sudionike \u2013 natjecatelje, roditelje, trenere, volontere, suce i organizatore. <strong>Erste Plava liga ostaje predana promicanju sportskih vrijednosti koje nadilaze rezultat<\/strong> \u2013 <strong>a to su po\u0161tovanje, <\/strong><strong><em>fair play<\/em><\/strong><strong>, solidarnost i me\u0111usobno uva\u017eavanje.<\/strong> U amaterskom sportu ove vrijednosti prepoznajemo kao temelj, a ne dodatak.<\/p>\n\n\n\n<p class=\"wp-block-paragraph\">Prijave za Erste Plavu ligu dostupne su na<a href=\"https:\/\/mvpiz.com\/\"> digitalnoj sportskoj platformi MVPiz<\/a>, koja je osmi\u0161ljena kao digitalni most izme\u0111u djece, roditelja i sportskih organizacija da bi se svakom djetetu olak\u0161ao put prema aktivnijem \u017eivotu i uklju\u010divanju u sport. Preko MVPiz platforme djeca tako\u0111er mogu ostvariti i pristup besplatnim probnim treninzima u atletici ili drugim sportovima.<\/p>\n\n\n\n<p class=\"wp-block-paragraph\">Prona\u0111ite poveznicu za prijavu na natjecanje ispod odabranog grada u kojem se \u017eelite natjecati.<img loading=\"lazy\" decoding=\"async\" alt=\"\ud83d\udc49\ud83c\udffb\" src=\"https:\/\/lh7-rt.googleusercontent.com\/docsz\/AD_4nXdd9YCw7Lg4tNc-MeZ4IT2yGAMzJ8iyopOxjMe2oqosyjJWqZJJqu0mE20fmSagkz8E5IpUoU7YftpM2cG-Px9yCE61YvKb1bOKOoPcjMZln1_kEhTHXRhpe08eM9qTF3hI4LwSew?key=cpCtVGm0IsS9i-ePdtHK4Kj0\" width=\"16\" height=\"16\"><a href=\"https:\/\/www.ersteprvaliga.hr\/plava-liga\/?fbclid=IwZXh0bgNhZW0CMTAAAR6wrBOJtks2eTaMf5ELLeeNbXoi2PHiJxib2zbn7y4RtIvSpbjiF67i6YrQww_aem_xd433WlY37FQ-9zTdrABqA#gradovi\"> https:\/\/www.ersteprvaliga.hr\/plava-liga\/#gradovi<\/a><\/p>\n\n\n\n<hr class=\"wp-block-separator\" \/>\n\n\n\n<p class=\"wp-block-paragraph\"><strong>Erste Plava liga \u2013 Sigurno i vrijednostima vo\u0111eno sportsko okru\u017eenje!<\/strong><\/p>\n\n\n\n<p class=\"wp-block-paragraph\">Kroz ovogodi\u0161nje izdanje Erste Plave lige posebnu \u0107emo pozornost posvetiti razvoju i njegovanju sigurnog sportskog okru\u017eenja, koje uklju\u010duje sve sudionike \u2013 natjecatelje, roditelje, trenere, volontere, suce i organizatore. Vjerujemo da je sigurnost, me\u0111usobno po\u0161tovanje i osje\u0107aj pripadnosti temelj svakog zdravog sportskog iskustva, osobito u amaterskom sportu, gdje je naglasak na u\u010denju, razvoju i zajedni\u0161tvu.<\/p>\n\n\n\n<p class=\"wp-block-paragraph\">Erste Plava liga, kao amatersko natjecanje namijenjeno djeci, ove \u0107e godine posebno nagla\u0161avati va\u017enost sportskih vrijednosti \u2013 <em>fair playa<\/em>, discipline, solidarnosti, uva\u017eavanja razli\u010ditosti, marljivosti i prijateljstva. Upravo te vrijednosti prepoznajemo kao prioritet nad rezultatom, jer vjerujemo da djeca u sportu ne trebaju u\u010diti samo kako pobijediti \u2013 ve\u0107 i kako sura\u0111ivati, podr\u017eavati, ustrajati i po\u0161tovati druge. Na\u0161 cilj je stvoriti okru\u017eenje u kojem se svatko, bez obzira na ulogu, osje\u0107a sigurno, prihva\u0107eno i podr\u017eano.<\/p>\n\n\n\n<p class=\"wp-block-paragraph\">Stoga Erste Plava liga nije samo natjecanje \u2013 ona je zajednica u kojoj se rast ne mjeri samo vremenom i metrima, ve\u0107 i vrijednostima koje djeca i odrasli nose sa sobom i izvan terena. Vi\u0161e od rezultata. Vi\u0161e od sporta. Sigurno i vrijedno za sve.<\/p>\n","protected":false},"excerpt":{"rendered":"<p>Nova sezona najve\u0107eg dje\u010djeg atletskog natjecanja donosi rast, ja\u010da zajedni\u0161tvo i, sna\u017enije nego ikad, promi\u010de sportske vrijednosti! Erste Plava liga, najve\u0107e amatersko atletsko natjecanje za djecu u Hrvatskoj i ove godine okuplja tisu\u0107e djece iz 11 hrvatskih gradova. U svojoj 13. sezoni, Liga dolazi po prvi put u Sisak, a veliko finale ove \u0107e se [&hellip;]<\/p>\n","protected":false},"author":2581,"featured_media":9090,"comment_status":"open","ping_status":"open","sticky":false,"template":"","format":"standard","meta":{"footnotes":""},"categories":[11],"tags":[98,99,96],"class_list":["post-9089","post","type-post","status-publish","format-standard","has-post-thumbnail","hentry","category-vijesti","tag-brze-vise-jace","tag-erste-plava-liga-2025","tag-prijave"],"yoast_head":"<!-- This site is optimized with the Yoast SEO plugin v28.4 - https:\/\/yoast.com\/product\/yoast-seo-wordpress\/ -->\n<title>Erste Plava liga \u201cJo\u0161 Br\u017ee. Vi\u0161e. Ja\u010de.\u201d - Erste Plava Liga<\/title>\n<meta name=\"robots\" content=\"index, follow, max-snippet:-1, max-image-preview:large, max-video-preview:-1\" \/>\n<link rel=\"canonical\" href=\"https:\/\/www.ersteprvaliga.hr\/plava-liga\/erste-plava-liga-jos-brze-vise-jace\/\" \/>\n<meta property=\"og:locale\" content=\"hr_HR\" \/>\n<meta property=\"og:type\" content=\"article\" \/>\n<meta property=\"og:title\" content=\"Erste Plava liga \u201cJo\u0161 Br\u017ee. Vi\u0161e. Ja\u010de.\u201d - Erste Plava Liga\" \/>\n<meta property=\"og:description\" content=\"Nova sezona najve\u0107eg dje\u010djeg atletskog natjecanja donosi rast, ja\u010da zajedni\u0161tvo i, sna\u017enije nego ikad, promi\u010de sportske vrijednosti! Erste Plava liga, najve\u0107e amatersko atletsko natjecanje za djecu u Hrvatskoj i ove godine okuplja tisu\u0107e djece iz 11 hrvatskih gradova. U svojoj 13. sezoni, Liga dolazi po prvi put u Sisak, a veliko finale ove \u0107e se [&hellip;]\" \/>\n<meta property=\"og:url\" content=\"https:\/\/www.ersteprvaliga.hr\/plava-liga\/erste-plava-liga-jos-brze-vise-jace\/\" \/>\n<meta property=\"og:site_name\" content=\"Erste Plava Liga\" \/>\n<meta property=\"article:published_time\" content=\"2025-04-17T12:40:04+00:00\" \/>\n<meta property=\"article:modified_time\" content=\"2025-04-17T14:03:00+00:00\" \/>\n<meta property=\"og:image\" content=\"https:\/\/www.ersteprvaliga.hr\/plava-liga\/wp-content\/uploads\/sites\/2\/2025\/04\/Finale24-0908-169.jpg\" \/>\n\t<meta property=\"og:image:width\" content=\"1200\" \/>\n\t<meta property=\"og:image:height\" content=\"764\" \/>\n\t<meta property=\"og:image:type\" content=\"image\/jpeg\" \/>\n<meta name=\"author\" content=\"Marin \u0160arec\" \/>\n<meta name=\"twitter:card\" content=\"summary_large_image\" \/>\n<meta name=\"twitter:label1\" content=\"Napisao\/la\" \/>\n\t<meta name=\"twitter:data1\" content=\"Marin \u0160arec\" \/>\n\t<meta name=\"twitter:label2\" content=\"Procijenjeno vrijeme \u010ditanja\" \/>\n\t<meta name=\"twitter:data2\" content=\"3 minute\" \/>\n<script type=\"application\/ld+json\" class=\"yoast-schema-graph\">{\"@context\":\"https:\\\/\\\/schema.org\",\"@graph\":[{\"@type\":\"Article\",\"@id\":\"https:\\\/\\\/www.ersteprvaliga.hr\\\/plava-liga\\\/erste-plava-liga-jos-brze-vise-jace\\\/#article\",\"isPartOf\":{\"@id\":\"https:\\\/\\\/www.ersteprvaliga.hr\\\/plava-liga\\\/erste-plava-liga-jos-brze-vise-jace\\\/\"},\"author\":{\"name\":\"Marin \u0160arec\",\"@id\":\"https:\\\/\\\/www.ersteprvaliga.hr\\\/plava-liga\\\/#\\\/schema\\\/person\\\/b8a657cf6397e2c2e6b9f208d1f5cd0b\"},\"headline\":\"Erste Plava liga \u201cJo\u0161 Br\u017ee. Vi\u0161e. Ja\u010de.\u201d\",\"datePublished\":\"2025-04-17T12:40:04+00:00\",\"dateModified\":\"2025-04-17T14:03:00+00:00\",\"mainEntityOfPage\":{\"@id\":\"https:\\\/\\\/www.ersteprvaliga.hr\\\/plava-liga\\\/erste-plava-liga-jos-brze-vise-jace\\\/\"},\"wordCount\":653,\"commentCount\":0,\"publisher\":{\"@id\":\"https:\\\/\\\/www.ersteprvaliga.hr\\\/plava-liga\\\/#organization\"},\"image\":{\"@id\":\"https:\\\/\\\/www.ersteprvaliga.hr\\\/plava-liga\\\/erste-plava-liga-jos-brze-vise-jace\\\/#primaryimage\"},\"thumbnailUrl\":\"https:\\\/\\\/www.ersteprvaliga.hr\\\/plava-liga\\\/wp-content\\\/uploads\\\/sites\\\/2\\\/2025\\\/04\\\/Finale24-0908-169.jpg\",\"keywords\":[\"Br\u017ee.Vi\u0161e.Ja\u010de\",\"Erste Plava liga 2025\",\"Prijave\"],\"articleSection\":[\"Vijesti\"],\"inLanguage\":\"hr\",\"potentialAction\":[{\"@type\":\"CommentAction\",\"name\":\"Comment\",\"target\":[\"https:\\\/\\\/www.ersteprvaliga.hr\\\/plava-liga\\\/erste-plava-liga-jos-brze-vise-jace\\\/#respond\"]}]},{\"@type\":\"WebPage\",\"@id\":\"https:\\\/\\\/www.ersteprvaliga.hr\\\/plava-liga\\\/erste-plava-liga-jos-brze-vise-jace\\\/\",\"url\":\"https:\\\/\\\/www.ersteprvaliga.hr\\\/plava-liga\\\/erste-plava-liga-jos-brze-vise-jace\\\/\",\"name\":\"Erste Plava liga \u201cJo\u0161 Br\u017ee. Vi\u0161e. Ja\u010de.\u201d - Erste Plava Liga\",\"isPartOf\":{\"@id\":\"https:\\\/\\\/www.ersteprvaliga.hr\\\/plava-liga\\\/#website\"},\"primaryImageOfPage\":{\"@id\":\"https:\\\/\\\/www.ersteprvaliga.hr\\\/plava-liga\\\/erste-plava-liga-jos-brze-vise-jace\\\/#primaryimage\"},\"image\":{\"@id\":\"https:\\\/\\\/www.ersteprvaliga.hr\\\/plava-liga\\\/erste-plava-liga-jos-brze-vise-jace\\\/#primaryimage\"},\"thumbnailUrl\":\"https:\\\/\\\/www.ersteprvaliga.hr\\\/plava-liga\\\/wp-content\\\/uploads\\\/sites\\\/2\\\/2025\\\/04\\\/Finale24-0908-169.jpg\",\"datePublished\":\"2025-04-17T12:40:04+00:00\",\"dateModified\":\"2025-04-17T14:03:00+00:00\",\"breadcrumb\":{\"@id\":\"https:\\\/\\\/www.ersteprvaliga.hr\\\/plava-liga\\\/erste-plava-liga-jos-brze-vise-jace\\\/#breadcrumb\"},\"inLanguage\":\"hr\",\"potentialAction\":[{\"@type\":\"ReadAction\",\"target\":[\"https:\\\/\\\/www.ersteprvaliga.hr\\\/plava-liga\\\/erste-plava-liga-jos-brze-vise-jace\\\/\"]}]},{\"@type\":\"ImageObject\",\"inLanguage\":\"hr\",\"@id\":\"https:\\\/\\\/www.ersteprvaliga.hr\\\/plava-liga\\\/erste-plava-liga-jos-brze-vise-jace\\\/#primaryimage\",\"url\":\"https:\\\/\\\/www.ersteprvaliga.hr\\\/plava-liga\\\/wp-content\\\/uploads\\\/sites\\\/2\\\/2025\\\/04\\\/Finale24-0908-169.jpg\",\"contentUrl\":\"https:\\\/\\\/www.ersteprvaliga.hr\\\/plava-liga\\\/wp-content\\\/uploads\\\/sites\\\/2\\\/2025\\\/04\\\/Finale24-0908-169.jpg\",\"width\":1200,\"height\":764},{\"@type\":\"BreadcrumbList\",\"@id\":\"https:\\\/\\\/www.ersteprvaliga.hr\\\/plava-liga\\\/erste-plava-liga-jos-brze-vise-jace\\\/#breadcrumb\",\"itemListElement\":[{\"@type\":\"ListItem\",\"position\":1,\"name\":\"Po\u010detna stranica\",\"item\":\"https:\\\/\\\/www.ersteprvaliga.hr\\\/plava-liga\\\/\"},{\"@type\":\"ListItem\",\"position\":2,\"name\":\"Erste Plava liga \u201cJo\u0161 Br\u017ee. Vi\u0161e. Ja\u010de.\u201d\"}]},{\"@type\":\"WebSite\",\"@id\":\"https:\\\/\\\/www.ersteprvaliga.hr\\\/plava-liga\\\/#website\",\"url\":\"https:\\\/\\\/www.ersteprvaliga.hr\\\/plava-liga\\\/\",\"name\":\"Erste Plava Liga\",\"description\":\"\",\"publisher\":{\"@id\":\"https:\\\/\\\/www.ersteprvaliga.hr\\\/plava-liga\\\/#organization\"},\"potentialAction\":[{\"@type\":\"SearchAction\",\"target\":{\"@type\":\"EntryPoint\",\"urlTemplate\":\"https:\\\/\\\/www.ersteprvaliga.hr\\\/plava-liga\\\/?s={search_term_string}\"},\"query-input\":{\"@type\":\"PropertyValueSpecification\",\"valueRequired\":true,\"valueName\":\"search_term_string\"}}],\"inLanguage\":\"hr\"},{\"@type\":\"Organization\",\"@id\":\"https:\\\/\\\/www.ersteprvaliga.hr\\\/plava-liga\\\/#organization\",\"name\":\"Erste Plava Liga\",\"url\":\"https:\\\/\\\/www.ersteprvaliga.hr\\\/plava-liga\\\/\",\"logo\":{\"@type\":\"ImageObject\",\"inLanguage\":\"hr\",\"@id\":\"https:\\\/\\\/www.ersteprvaliga.hr\\\/plava-liga\\\/#\\\/schema\\\/logo\\\/image\\\/\",\"url\":\"https:\\\/\\\/www.ersteprvaliga.hr\\\/plava-liga\\\/wp-content\\\/uploads\\\/sites\\\/2\\\/2022\\\/03\\\/fb-share-plava-liga-1.jpg\",\"contentUrl\":\"https:\\\/\\\/www.ersteprvaliga.hr\\\/plava-liga\\\/wp-content\\\/uploads\\\/sites\\\/2\\\/2022\\\/03\\\/fb-share-plava-liga-1.jpg\",\"width\":1200,\"height\":630,\"caption\":\"Erste Plava Liga\"},\"image\":{\"@id\":\"https:\\\/\\\/www.ersteprvaliga.hr\\\/plava-liga\\\/#\\\/schema\\\/logo\\\/image\\\/\"}},{\"@type\":\"Person\",\"@id\":\"https:\\\/\\\/www.ersteprvaliga.hr\\\/plava-liga\\\/#\\\/schema\\\/person\\\/b8a657cf6397e2c2e6b9f208d1f5cd0b\",\"name\":\"Marin \u0160arec\",\"image\":{\"@type\":\"ImageObject\",\"inLanguage\":\"hr\",\"@id\":\"https:\\\/\\\/secure.gravatar.com\\\/avatar\\\/c9ead507faf6bb31e2ed98aeb1453bd75599faf65890726d60d6f206cc766d6d?s=96&d=mm&r=g\",\"url\":\"https:\\\/\\\/secure.gravatar.com\\\/avatar\\\/c9ead507faf6bb31e2ed98aeb1453bd75599faf65890726d60d6f206cc766d6d?s=96&d=mm&r=g\",\"contentUrl\":\"https:\\\/\\\/secure.gravatar.com\\\/avatar\\\/c9ead507faf6bb31e2ed98aeb1453bd75599faf65890726d60d6f206cc766d6d?s=96&d=mm&r=g\",\"caption\":\"Marin \u0160arec\"},\"url\":\"https:\\\/\\\/www.ersteprvaliga.hr\\\/plava-liga\\\/author\\\/marin_sarec\\\/\"}]}<\/script>\n<!-- \/ Yoast SEO plugin. -->","yoast_head_json":{"title":"Erste Plava liga \u201cJo\u0161 Br\u017ee. Vi\u0161e. Ja\u010de.\u201d - Erste Plava Liga","robots":{"index":"index","follow":"follow","max-snippet":"max-snippet:-1","max-image-preview":"max-image-preview:large","max-video-preview":"max-video-preview:-1"},"canonical":"https:\/\/www.ersteprvaliga.hr\/plava-liga\/erste-plava-liga-jos-brze-vise-jace\/","og_locale":"hr_HR","og_type":"article","og_title":"Erste Plava liga \u201cJo\u0161 Br\u017ee. Vi\u0161e. Ja\u010de.\u201d - Erste Plava Liga","og_description":"Nova sezona najve\u0107eg dje\u010djeg atletskog natjecanja donosi rast, ja\u010da zajedni\u0161tvo i, sna\u017enije nego ikad, promi\u010de sportske vrijednosti! Erste Plava liga, najve\u0107e amatersko atletsko natjecanje za djecu u Hrvatskoj i ove godine okuplja tisu\u0107e djece iz 11 hrvatskih gradova. U svojoj 13. sezoni, Liga dolazi po prvi put u Sisak, a veliko finale ove \u0107e se [&hellip;]","og_url":"https:\/\/www.ersteprvaliga.hr\/plava-liga\/erste-plava-liga-jos-brze-vise-jace\/","og_site_name":"Erste Plava Liga","article_published_time":"2025-04-17T12:40:04+00:00","article_modified_time":"2025-04-17T14:03:00+00:00","og_image":[{"width":1200,"height":764,"url":"https:\/\/www.ersteprvaliga.hr\/plava-liga\/wp-content\/uploads\/sites\/2\/2025\/04\/Finale24-0908-169.jpg","type":"image\/jpeg"}],"author":"Marin \u0160arec","twitter_card":"summary_large_image","twitter_misc":{"Napisao\/la":"Marin \u0160arec","Procijenjeno vrijeme \u010ditanja":"3 minute"},"schema":{"@context":"https:\/\/schema.org","@graph":[{"@type":"Article","@id":"https:\/\/www.ersteprvaliga.hr\/plava-liga\/erste-plava-liga-jos-brze-vise-jace\/#article","isPartOf":{"@id":"https:\/\/www.ersteprvaliga.hr\/plava-liga\/erste-plava-liga-jos-brze-vise-jace\/"},"author":{"name":"Marin \u0160arec","@id":"https:\/\/www.ersteprvaliga.hr\/plava-liga\/#\/schema\/person\/b8a657cf6397e2c2e6b9f208d1f5cd0b"},"headline":"Erste Plava liga \u201cJo\u0161 Br\u017ee. Vi\u0161e. Ja\u010de.\u201d","datePublished":"2025-04-17T12:40:04+00:00","dateModified":"2025-04-17T14:03:00+00:00","mainEntityOfPage":{"@id":"https:\/\/www.ersteprvaliga.hr\/plava-liga\/erste-plava-liga-jos-brze-vise-jace\/"},"wordCount":653,"commentCount":0,"publisher":{"@id":"https:\/\/www.ersteprvaliga.hr\/plava-liga\/#organization"},"image":{"@id":"https:\/\/www.ersteprvaliga.hr\/plava-liga\/erste-plava-liga-jos-brze-vise-jace\/#primaryimage"},"thumbnailUrl":"https:\/\/www.ersteprvaliga.hr\/plava-liga\/wp-content\/uploads\/sites\/2\/2025\/04\/Finale24-0908-169.jpg","keywords":["Br\u017ee.Vi\u0161e.Ja\u010de","Erste Plava liga 2025","Prijave"],"articleSection":["Vijesti"],"inLanguage":"hr","potentialAction":[{"@type":"CommentAction","name":"Comment","target":["https:\/\/www.ersteprvaliga.hr\/plava-liga\/erste-plava-liga-jos-brze-vise-jace\/#respond"]}]},{"@type":"WebPage","@id":"https:\/\/www.ersteprvaliga.hr\/plava-liga\/erste-plava-liga-jos-brze-vise-jace\/","url":"https:\/\/www.ersteprvaliga.hr\/plava-liga\/erste-plava-liga-jos-brze-vise-jace\/","name":"Erste Plava liga \u201cJo\u0161 Br\u017ee. Vi\u0161e. Ja\u010de.\u201d - Erste Plava Liga","isPartOf":{"@id":"https:\/\/www.ersteprvaliga.hr\/plava-liga\/#website"},"primaryImageOfPage":{"@id":"https:\/\/www.ersteprvaliga.hr\/plava-liga\/erste-plava-liga-jos-brze-vise-jace\/#primaryimage"},"image":{"@id":"https:\/\/www.ersteprvaliga.hr\/plava-liga\/erste-plava-liga-jos-brze-vise-jace\/#primaryimage"},"thumbnailUrl":"https:\/\/www.ersteprvaliga.hr\/plava-liga\/wp-content\/uploads\/sites\/2\/2025\/04\/Finale24-0908-169.jpg","datePublished":"2025-04-17T12:40:04+00:00","dateModified":"2025-04-17T14:03:00+00:00","breadcrumb":{"@id":"https:\/\/www.ersteprvaliga.hr\/plava-liga\/erste-plava-liga-jos-brze-vise-jace\/#breadcrumb"},"inLanguage":"hr","potentialAction":[{"@type":"ReadAction","target":["https:\/\/www.ersteprvaliga.hr\/plava-liga\/erste-plava-liga-jos-brze-vise-jace\/"]}]},{"@type":"ImageObject","inLanguage":"hr","@id":"https:\/\/www.ersteprvaliga.hr\/plava-liga\/erste-plava-liga-jos-brze-vise-jace\/#primaryimage","url":"https:\/\/www.ersteprvaliga.hr\/plava-liga\/wp-content\/uploads\/sites\/2\/2025\/04\/Finale24-0908-169.jpg","contentUrl":"https:\/\/www.ersteprvaliga.hr\/plava-liga\/wp-content\/uploads\/sites\/2\/2025\/04\/Finale24-0908-169.jpg","width":1200,"height":764},{"@type":"BreadcrumbList","@id":"https:\/\/www.ersteprvaliga.hr\/plava-liga\/erste-plava-liga-jos-brze-vise-jace\/#breadcrumb","itemListElement":[{"@type":"ListItem","position":1,"name":"Po\u010detna stranica","item":"https:\/\/www.ersteprvaliga.hr\/plava-liga\/"},{"@type":"ListItem","position":2,"name":"Erste Plava liga \u201cJo\u0161 Br\u017ee. Vi\u0161e. Ja\u010de.\u201d"}]},{"@type":"WebSite","@id":"https:\/\/www.ersteprvaliga.hr\/plava-liga\/#website","url":"https:\/\/www.ersteprvaliga.hr\/plava-liga\/","name":"Erste Plava Liga","description":"","publisher":{"@id":"https:\/\/www.ersteprvaliga.hr\/plava-liga\/#organization"},"potentialAction":[{"@type":"SearchAction","target":{"@type":"EntryPoint","urlTemplate":"https:\/\/www.ersteprvaliga.hr\/plava-liga\/?s={search_term_string}"},"query-input":{"@type":"PropertyValueSpecification","valueRequired":true,"valueName":"search_term_string"}}],"inLanguage":"hr"},{"@type":"Organization","@id":"https:\/\/www.ersteprvaliga.hr\/plava-liga\/#organization","name":"Erste Plava Liga","url":"https:\/\/www.ersteprvaliga.hr\/plava-liga\/","logo":{"@type":"ImageObject","inLanguage":"hr","@id":"https:\/\/www.ersteprvaliga.hr\/plava-liga\/#\/schema\/logo\/image\/","url":"https:\/\/www.ersteprvaliga.hr\/plava-liga\/wp-content\/uploads\/sites\/2\/2022\/03\/fb-share-plava-liga-1.jpg","contentUrl":"https:\/\/www.ersteprvaliga.hr\/plava-liga\/wp-content\/uploads\/sites\/2\/2022\/03\/fb-share-plava-liga-1.jpg","width":1200,"height":630,"caption":"Erste Plava Liga"},"image":{"@id":"https:\/\/www.ersteprvaliga.hr\/plava-liga\/#\/schema\/logo\/image\/"}},{"@type":"Person","@id":"https:\/\/www.ersteprvaliga.hr\/plava-liga\/#\/schema\/person\/b8a657cf6397e2c2e6b9f208d1f5cd0b","name":"Marin \u0160arec","image":{"@type":"ImageObject","inLanguage":"hr","@id":"https:\/\/secure.gravatar.com\/avatar\/c9ead507faf6bb31e2ed98aeb1453bd75599faf65890726d60d6f206cc766d6d?s=96&d=mm&r=g","url":"https:\/\/secure.gravatar.com\/avatar\/c9ead507faf6bb31e2ed98aeb1453bd75599faf65890726d60d6f206cc766d6d?s=96&d=mm&r=g","contentUrl":"https:\/\/secure.gravatar.com\/avatar\/c9ead507faf6bb31e2ed98aeb1453bd75599faf65890726d60d6f206cc766d6d?s=96&d=mm&r=g","caption":"Marin \u0160arec"},"url":"https:\/\/www.ersteprvaliga.hr\/plava-liga\/author\/marin_sarec\/"}]}},"_links":{"self":[{"href":"https:\/\/www.ersteprvaliga.hr\/plava-liga\/wp-json\/wp\/v2\/posts\/9089","targetHints":{"allow":["GET"]}}],"collection":[{"href":"https:\/\/www.ersteprvaliga.hr\/plava-liga\/wp-json\/wp\/v2\/posts"}],"about":[{"href":"https:\/\/www.ersteprvaliga.hr\/plava-liga\/wp-json\/wp\/v2\/types\/post"}],"author":[{"embeddable":true,"href":"https:\/\/www.ersteprvaliga.hr\/plava-liga\/wp-json\/wp\/v2\/users\/2581"}],"replies":[{"embeddable":true,"href":"https:\/\/www.ersteprvaliga.hr\/plava-liga\/wp-json\/wp\/v2\/comments?post=9089"}],"version-history":[{"count":1,"href":"https:\/\/www.ersteprvaliga.hr\/plava-liga\/wp-json\/wp\/v2\/posts\/9089\/revisions"}],"predecessor-version":[{"id":9091,"href":"https:\/\/www.ersteprvaliga.hr\/plava-liga\/wp-json\/wp\/v2\/posts\/9089\/revisions\/9091"}],"wp:featuredmedia":[{"embeddable":true,"href":"https:\/\/www.ersteprvaliga.hr\/plava-liga\/wp-json\/wp\/v2\/media\/9090"}],"wp:attachment":[{"href":"https:\/\/www.ersteprvaliga.hr\/plava-liga\/wp-json\/wp\/v2\/media?parent=9089"}],"wp:term":[{"taxonomy":"category","embeddable":true,"href":"https:\/\/www.ersteprvaliga.hr\/plava-liga\/wp-json\/wp\/v2\/categories?post=9089"},{"taxonomy":"post_tag","embeddable":true,"href":"https:\/\/www.ersteprvaliga.hr\/plava-liga\/wp-json\/wp\/v2\/tags?post=9089"}],"curies":[{"name":"wp","href":"https:\/\/api.w.org\/{rel}","templated":true}]}}