{"id":8326,"date":"2024-05-23T12:00:34","date_gmt":"2024-05-23T10:00:34","guid":{"rendered":"https:\/\/www.ersteprvaliga.hr\/plava-liga\/?p=8326"},"modified":"2024-05-23T16:38:47","modified_gmt":"2024-05-23T14:38:47","slug":"odlicno-ozracje-u-varazdinu-jana-koscak-dijelila-medalje","status":"publish","type":"post","link":"https:\/\/www.ersteprvaliga.hr\/plava-liga\/odlicno-ozracje-u-varazdinu-jana-koscak-dijelila-medalje\/","title":{"rendered":"Odli\u010dno ozra\u010dje u Vara\u017edinu, Jana Ko\u0161\u010dak dijelila medalje"},"content":{"rendered":"\n<p class=\"has-text-align-right wp-block-paragraph\"><em>Foto: EPL\/Pro Sport<\/em><\/p>\n\n\n\n<blockquote class=\"wp-block-quote is-layout-flow wp-block-quote-is-layout-flow\"><p><em>Naro\u010dito dobru reklamu Erste Plavoj ligi rade pro\u0161logodi\u0161nji finalisti, koji su odu\u0161evljeni svime \u0161to su do\u017eivjeli u Zagrebu i cijelim programom koji im je tamo prire\u0111en, ka\u017ee Nenad Pavli\u010dek iz AK Slobod<\/em><\/p><\/blockquote>\n\n\n\n<p class=\"has-drop-cap wp-block-paragraph\"><strong>Nakon kvalifikacija odr\u017eanih na stadionu Sloboda Vara\u017edin dobili smo finaliste Erste Plave lige 2024 iz Vara\u017edinske \u017eupanije i okolice. Sudjelovalo je 187 u\u010denica i u\u010denika 1. do 6. razreda osnovnih \u0161kola, a po dvoje najboljih u svakoj disciplini i kategoriji nastupit \u0107e na 7. rujna na finalu u Zagrebu, u sklopu Boris Han\u017eekovi\u0107 memorijala.<br><\/strong><br>Osim djece, njihovih roditelja, nastavnika i trenera, natjecanjem je vrlo zadovoljan i <strong>Nenad Pavli\u010dek <\/strong>iz AK Sloboda, koordinator Erste Plave lige za Vara\u017edin.<br><br>\u201eOzra\u010dje na stadionu je bilo odli\u010dno i djeca su se jako veselila \u0161to se mogu natjecati. Imali smo o\u010dekivani broj sudionika s obzirom na to da i \u010cakovec organizira kvalifikacije Erste Plave lige u na\u0161oj neposrednoj blizini. Radimo na ve\u0107oj animaciji osnovnih \u0161kola na na\u0161em prostoru, u \u010demu nam puno poma\u017ee to \u0161to djeca me\u0111usobno pri\u010daju o ovom natjecanju i podi\u017eu zanimanje za njega. Naro\u010dito nam dobru reklamu rade pro\u0161logodi\u0161nji finalisti, koji su odu\u0161evljeni svime \u0161to su do\u017eivjeli u Zagrebu i cijelim programom koji im je tamo prire\u0111en.\u201c<br><br>Spomenutom ozra\u010dju je znatno pridonijela i ambasadorica Erste Plave lige, svjetska juniorska rekorderka u petoboju <strong>Jana Ko\u0161\u010dak<\/strong>, koja je, izme\u0111u ostaloga, podu\u010davala djecu, ali i poznatog influencera <strong>Brunu Luki\u0107a<\/strong> kako se baca kugla.<br><br>\u201eDa, Jana je kao i lani dijelila medalje i autograme te razgovarala sa svima na stadionu. Mogu re\u0107i da je svoju ulogu ambasadorice jako dobro odradila\u201c, zaklju\u010duje Pavli\u010dek.<br><br>Jana Ko\u0161\u010dak je do svjetskog vrha me\u0111u juniorka do\u0161la treniraju\u0107i u atletskom klubu Sloboda. Sva djeca iz Vara\u017edina i okolice koja \u017eele trenirati atletiku mogu preko platforme&nbsp;<a href=\"https:\/\/sportbook.hr\/\" target=\"_blank\" rel=\"noreferrer noopener\">MVPiz.com<\/a> ostvariti besplatan probni period u trajanju od mjesec dana u&nbsp;<a href=\"https:\/\/sportbook.hr\/klub\/atletski-klub-sloboda-varazdin\/\" target=\"_blank\" rel=\"noreferrer noopener\">AK Sloboda Vara\u017edin<\/a>.<\/p>\n\n\n\n<p class=\"has-drop-cap wp-block-paragraph\"><br>Rezultate pogledajte <a href=\"https:\/\/www.ersteprvaliga.hr\/plava-liga\/rezultati\/?godina=2024&amp;grad=Vara%C5%BEdin\" target=\"_blank\" rel=\"noreferrer noopener\">OVDJE&gt;&gt;&gt;<\/a><\/p>\n\n\n\n<p class=\"wp-block-paragraph\">Galeriju fotografija pogledajte <a href=\"https:\/\/www.ersteprvaliga.hr\/plava-liga\/multimedija\/varazfin-2024\/\" target=\"_blank\" rel=\"noreferrer noopener\">OVDJE&gt;&gt;&gt;<\/a><\/p>\n\n\n\n<figure class=\"wp-block-image size-large is-style-default\"><img loading=\"lazy\" decoding=\"async\" width=\"1024\" height=\"714\" src=\"https:\/\/www.ersteprvaliga.hr\/plava-liga\/wp-content\/uploads\/sites\/2\/2024\/05\/Varazdin02-1024x714.jpg\" alt=\"\" class=\"wp-image-8331\" srcset=\"https:\/\/www.ersteprvaliga.hr\/plava-liga\/wp-content\/uploads\/sites\/2\/2024\/05\/Varazdin02-1024x714.jpg 1024w, https:\/\/www.ersteprvaliga.hr\/plava-liga\/wp-content\/uploads\/sites\/2\/2024\/05\/Varazdin02-300x209.jpg 300w, https:\/\/www.ersteprvaliga.hr\/plava-liga\/wp-content\/uploads\/sites\/2\/2024\/05\/Varazdin02-768x535.jpg 768w, https:\/\/www.ersteprvaliga.hr\/plava-liga\/wp-content\/uploads\/sites\/2\/2024\/05\/Varazdin02.jpg 1181w\" sizes=\"auto, (max-width: 1024px) 100vw, 1024px\" \/><\/figure>\n\n\n\n<figure class=\"wp-block-image size-large is-style-default\"><img loading=\"lazy\" decoding=\"async\" width=\"1024\" height=\"816\" src=\"https:\/\/www.ersteprvaliga.hr\/plava-liga\/wp-content\/uploads\/sites\/2\/2024\/05\/Varazdin04-1024x816.jpg\" alt=\"\" class=\"wp-image-8332\" srcset=\"https:\/\/www.ersteprvaliga.hr\/plava-liga\/wp-content\/uploads\/sites\/2\/2024\/05\/Varazdin04-1024x816.jpg 1024w, https:\/\/www.ersteprvaliga.hr\/plava-liga\/wp-content\/uploads\/sites\/2\/2024\/05\/Varazdin04-300x239.jpg 300w, https:\/\/www.ersteprvaliga.hr\/plava-liga\/wp-content\/uploads\/sites\/2\/2024\/05\/Varazdin04-768x612.jpg 768w, https:\/\/www.ersteprvaliga.hr\/plava-liga\/wp-content\/uploads\/sites\/2\/2024\/05\/Varazdin04.jpg 1181w\" sizes=\"auto, (max-width: 1024px) 100vw, 1024px\" \/><\/figure>\n","protected":false},"excerpt":{"rendered":"<p>Foto: EPL\/Pro Sport Naro\u010dito dobru reklamu Erste Plavoj ligi rade pro\u0161logodi\u0161nji finalisti, koji su odu\u0161evljeni svime \u0161to su do\u017eivjeli u Zagrebu i cijelim programom koji im je tamo prire\u0111en, ka\u017ee Nenad Pavli\u010dek iz AK Slobod Nakon kvalifikacija odr\u017eanih na stadionu Sloboda Vara\u017edin dobili smo finaliste Erste Plave lige 2024 iz Vara\u017edinske \u017eupanije i okolice. Sudjelovalo [&hellip;]<\/p>\n","protected":false},"author":2581,"featured_media":8327,"comment_status":"open","ping_status":"open","sticky":false,"template":"","format":"standard","meta":{"footnotes":""},"categories":[11],"tags":[94,67],"class_list":["post-8326","post","type-post","status-publish","format-standard","has-post-thumbnail","hentry","category-vijesti","tag-epl2024","tag-varazdin"],"yoast_head":"<!-- This site is optimized with the Yoast SEO plugin v28.3 - https:\/\/yoast.com\/product\/yoast-seo-wordpress\/ -->\n<title>Odli\u010dno ozra\u010dje u Vara\u017edinu, Jana Ko\u0161\u010dak dijelila medalje - Erste Plava Liga<\/title>\n<meta name=\"robots\" content=\"index, follow, max-snippet:-1, max-image-preview:large, max-video-preview:-1\" \/>\n<link rel=\"canonical\" href=\"https:\/\/www.ersteprvaliga.hr\/plava-liga\/odlicno-ozracje-u-varazdinu-jana-koscak-dijelila-medalje\/\" \/>\n<meta property=\"og:locale\" content=\"hr_HR\" \/>\n<meta property=\"og:type\" content=\"article\" \/>\n<meta property=\"og:title\" content=\"Odli\u010dno ozra\u010dje u Vara\u017edinu, Jana Ko\u0161\u010dak dijelila medalje - Erste Plava Liga\" \/>\n<meta property=\"og:description\" content=\"Foto: EPL\/Pro Sport Naro\u010dito dobru reklamu Erste Plavoj ligi rade pro\u0161logodi\u0161nji finalisti, koji su odu\u0161evljeni svime \u0161to su do\u017eivjeli u Zagrebu i cijelim programom koji im je tamo prire\u0111en, ka\u017ee Nenad Pavli\u010dek iz AK Slobod Nakon kvalifikacija odr\u017eanih na stadionu Sloboda Vara\u017edin dobili smo finaliste Erste Plave lige 2024 iz Vara\u017edinske \u017eupanije i okolice. Sudjelovalo [&hellip;]\" \/>\n<meta property=\"og:url\" content=\"https:\/\/www.ersteprvaliga.hr\/plava-liga\/odlicno-ozracje-u-varazdinu-jana-koscak-dijelila-medalje\/\" \/>\n<meta property=\"og:site_name\" content=\"Erste Plava Liga\" \/>\n<meta property=\"article:published_time\" content=\"2024-05-23T10:00:34+00:00\" \/>\n<meta property=\"article:modified_time\" content=\"2024-05-23T14:38:47+00:00\" \/>\n<meta property=\"og:image\" content=\"https:\/\/www.ersteprvaliga.hr\/plava-liga\/wp-content\/uploads\/sites\/2\/2024\/05\/Varazdin01.jpg\" \/>\n\t<meta property=\"og:image:width\" content=\"1181\" \/>\n\t<meta property=\"og:image:height\" content=\"861\" \/>\n\t<meta property=\"og:image:type\" content=\"image\/jpeg\" \/>\n<meta name=\"author\" content=\"Marin \u0160arec\" \/>\n<meta name=\"twitter:card\" content=\"summary_large_image\" \/>\n<meta name=\"twitter:label1\" content=\"Napisao\/la\" \/>\n\t<meta name=\"twitter:data1\" content=\"Marin \u0160arec\" \/>\n\t<meta name=\"twitter:label2\" content=\"Procijenjeno vrijeme \u010ditanja\" \/>\n\t<meta name=\"twitter:data2\" content=\"2 minute\" \/>\n<script type=\"application\/ld+json\" class=\"yoast-schema-graph\">{\"@context\":\"https:\\\/\\\/schema.org\",\"@graph\":[{\"@type\":\"Article\",\"@id\":\"https:\\\/\\\/www.ersteprvaliga.hr\\\/plava-liga\\\/odlicno-ozracje-u-varazdinu-jana-koscak-dijelila-medalje\\\/#article\",\"isPartOf\":{\"@id\":\"https:\\\/\\\/www.ersteprvaliga.hr\\\/plava-liga\\\/odlicno-ozracje-u-varazdinu-jana-koscak-dijelila-medalje\\\/\"},\"author\":{\"name\":\"Marin \u0160arec\",\"@id\":\"https:\\\/\\\/www.ersteprvaliga.hr\\\/plava-liga\\\/#\\\/schema\\\/person\\\/b8a657cf6397e2c2e6b9f208d1f5cd0b\"},\"headline\":\"Odli\u010dno ozra\u010dje u Vara\u017edinu, Jana Ko\u0161\u010dak dijelila medalje\",\"datePublished\":\"2024-05-23T10:00:34+00:00\",\"dateModified\":\"2024-05-23T14:38:47+00:00\",\"mainEntityOfPage\":{\"@id\":\"https:\\\/\\\/www.ersteprvaliga.hr\\\/plava-liga\\\/odlicno-ozracje-u-varazdinu-jana-koscak-dijelila-medalje\\\/\"},\"wordCount\":372,\"commentCount\":0,\"publisher\":{\"@id\":\"https:\\\/\\\/www.ersteprvaliga.hr\\\/plava-liga\\\/#organization\"},\"image\":{\"@id\":\"https:\\\/\\\/www.ersteprvaliga.hr\\\/plava-liga\\\/odlicno-ozracje-u-varazdinu-jana-koscak-dijelila-medalje\\\/#primaryimage\"},\"thumbnailUrl\":\"https:\\\/\\\/www.ersteprvaliga.hr\\\/plava-liga\\\/wp-content\\\/uploads\\\/sites\\\/2\\\/2024\\\/05\\\/Varazdin01.jpg\",\"keywords\":[\"EPL2024\",\"vara\u017edin\"],\"articleSection\":[\"Vijesti\"],\"inLanguage\":\"hr\",\"potentialAction\":[{\"@type\":\"CommentAction\",\"name\":\"Comment\",\"target\":[\"https:\\\/\\\/www.ersteprvaliga.hr\\\/plava-liga\\\/odlicno-ozracje-u-varazdinu-jana-koscak-dijelila-medalje\\\/#respond\"]}]},{\"@type\":\"WebPage\",\"@id\":\"https:\\\/\\\/www.ersteprvaliga.hr\\\/plava-liga\\\/odlicno-ozracje-u-varazdinu-jana-koscak-dijelila-medalje\\\/\",\"url\":\"https:\\\/\\\/www.ersteprvaliga.hr\\\/plava-liga\\\/odlicno-ozracje-u-varazdinu-jana-koscak-dijelila-medalje\\\/\",\"name\":\"Odli\u010dno ozra\u010dje u Vara\u017edinu, Jana Ko\u0161\u010dak dijelila medalje - Erste Plava Liga\",\"isPartOf\":{\"@id\":\"https:\\\/\\\/www.ersteprvaliga.hr\\\/plava-liga\\\/#website\"},\"primaryImageOfPage\":{\"@id\":\"https:\\\/\\\/www.ersteprvaliga.hr\\\/plava-liga\\\/odlicno-ozracje-u-varazdinu-jana-koscak-dijelila-medalje\\\/#primaryimage\"},\"image\":{\"@id\":\"https:\\\/\\\/www.ersteprvaliga.hr\\\/plava-liga\\\/odlicno-ozracje-u-varazdinu-jana-koscak-dijelila-medalje\\\/#primaryimage\"},\"thumbnailUrl\":\"https:\\\/\\\/www.ersteprvaliga.hr\\\/plava-liga\\\/wp-content\\\/uploads\\\/sites\\\/2\\\/2024\\\/05\\\/Varazdin01.jpg\",\"datePublished\":\"2024-05-23T10:00:34+00:00\",\"dateModified\":\"2024-05-23T14:38:47+00:00\",\"breadcrumb\":{\"@id\":\"https:\\\/\\\/www.ersteprvaliga.hr\\\/plava-liga\\\/odlicno-ozracje-u-varazdinu-jana-koscak-dijelila-medalje\\\/#breadcrumb\"},\"inLanguage\":\"hr\",\"potentialAction\":[{\"@type\":\"ReadAction\",\"target\":[\"https:\\\/\\\/www.ersteprvaliga.hr\\\/plava-liga\\\/odlicno-ozracje-u-varazdinu-jana-koscak-dijelila-medalje\\\/\"]}]},{\"@type\":\"ImageObject\",\"inLanguage\":\"hr\",\"@id\":\"https:\\\/\\\/www.ersteprvaliga.hr\\\/plava-liga\\\/odlicno-ozracje-u-varazdinu-jana-koscak-dijelila-medalje\\\/#primaryimage\",\"url\":\"https:\\\/\\\/www.ersteprvaliga.hr\\\/plava-liga\\\/wp-content\\\/uploads\\\/sites\\\/2\\\/2024\\\/05\\\/Varazdin01.jpg\",\"contentUrl\":\"https:\\\/\\\/www.ersteprvaliga.hr\\\/plava-liga\\\/wp-content\\\/uploads\\\/sites\\\/2\\\/2024\\\/05\\\/Varazdin01.jpg\",\"width\":1181,\"height\":861},{\"@type\":\"BreadcrumbList\",\"@id\":\"https:\\\/\\\/www.ersteprvaliga.hr\\\/plava-liga\\\/odlicno-ozracje-u-varazdinu-jana-koscak-dijelila-medalje\\\/#breadcrumb\",\"itemListElement\":[{\"@type\":\"ListItem\",\"position\":1,\"name\":\"Po\u010detna stranica\",\"item\":\"https:\\\/\\\/www.ersteprvaliga.hr\\\/plava-liga\\\/\"},{\"@type\":\"ListItem\",\"position\":2,\"name\":\"Odli\u010dno ozra\u010dje u Vara\u017edinu, Jana Ko\u0161\u010dak dijelila medalje\"}]},{\"@type\":\"WebSite\",\"@id\":\"https:\\\/\\\/www.ersteprvaliga.hr\\\/plava-liga\\\/#website\",\"url\":\"https:\\\/\\\/www.ersteprvaliga.hr\\\/plava-liga\\\/\",\"name\":\"Erste Plava Liga\",\"description\":\"\",\"publisher\":{\"@id\":\"https:\\\/\\\/www.ersteprvaliga.hr\\\/plava-liga\\\/#organization\"},\"potentialAction\":[{\"@type\":\"SearchAction\",\"target\":{\"@type\":\"EntryPoint\",\"urlTemplate\":\"https:\\\/\\\/www.ersteprvaliga.hr\\\/plava-liga\\\/?s={search_term_string}\"},\"query-input\":{\"@type\":\"PropertyValueSpecification\",\"valueRequired\":true,\"valueName\":\"search_term_string\"}}],\"inLanguage\":\"hr\"},{\"@type\":\"Organization\",\"@id\":\"https:\\\/\\\/www.ersteprvaliga.hr\\\/plava-liga\\\/#organization\",\"name\":\"Erste Plava Liga\",\"url\":\"https:\\\/\\\/www.ersteprvaliga.hr\\\/plava-liga\\\/\",\"logo\":{\"@type\":\"ImageObject\",\"inLanguage\":\"hr\",\"@id\":\"https:\\\/\\\/www.ersteprvaliga.hr\\\/plava-liga\\\/#\\\/schema\\\/logo\\\/image\\\/\",\"url\":\"https:\\\/\\\/www.ersteprvaliga.hr\\\/plava-liga\\\/wp-content\\\/uploads\\\/sites\\\/2\\\/2022\\\/03\\\/fb-share-plava-liga-1.jpg\",\"contentUrl\":\"https:\\\/\\\/www.ersteprvaliga.hr\\\/plava-liga\\\/wp-content\\\/uploads\\\/sites\\\/2\\\/2022\\\/03\\\/fb-share-plava-liga-1.jpg\",\"width\":1200,\"height\":630,\"caption\":\"Erste Plava Liga\"},\"image\":{\"@id\":\"https:\\\/\\\/www.ersteprvaliga.hr\\\/plava-liga\\\/#\\\/schema\\\/logo\\\/image\\\/\"}},{\"@type\":\"Person\",\"@id\":\"https:\\\/\\\/www.ersteprvaliga.hr\\\/plava-liga\\\/#\\\/schema\\\/person\\\/b8a657cf6397e2c2e6b9f208d1f5cd0b\",\"name\":\"Marin \u0160arec\",\"image\":{\"@type\":\"ImageObject\",\"inLanguage\":\"hr\",\"@id\":\"https:\\\/\\\/secure.gravatar.com\\\/avatar\\\/c9ead507faf6bb31e2ed98aeb1453bd75599faf65890726d60d6f206cc766d6d?s=96&d=mm&r=g\",\"url\":\"https:\\\/\\\/secure.gravatar.com\\\/avatar\\\/c9ead507faf6bb31e2ed98aeb1453bd75599faf65890726d60d6f206cc766d6d?s=96&d=mm&r=g\",\"contentUrl\":\"https:\\\/\\\/secure.gravatar.com\\\/avatar\\\/c9ead507faf6bb31e2ed98aeb1453bd75599faf65890726d60d6f206cc766d6d?s=96&d=mm&r=g\",\"caption\":\"Marin \u0160arec\"},\"url\":\"https:\\\/\\\/www.ersteprvaliga.hr\\\/plava-liga\\\/author\\\/marin_sarec\\\/\"}]}<\/script>\n<!-- \/ Yoast SEO plugin. -->","yoast_head_json":{"title":"Odli\u010dno ozra\u010dje u Vara\u017edinu, Jana Ko\u0161\u010dak dijelila medalje - Erste Plava Liga","robots":{"index":"index","follow":"follow","max-snippet":"max-snippet:-1","max-image-preview":"max-image-preview:large","max-video-preview":"max-video-preview:-1"},"canonical":"https:\/\/www.ersteprvaliga.hr\/plava-liga\/odlicno-ozracje-u-varazdinu-jana-koscak-dijelila-medalje\/","og_locale":"hr_HR","og_type":"article","og_title":"Odli\u010dno ozra\u010dje u Vara\u017edinu, Jana Ko\u0161\u010dak dijelila medalje - Erste Plava Liga","og_description":"Foto: EPL\/Pro Sport Naro\u010dito dobru reklamu Erste Plavoj ligi rade pro\u0161logodi\u0161nji finalisti, koji su odu\u0161evljeni svime \u0161to su do\u017eivjeli u Zagrebu i cijelim programom koji im je tamo prire\u0111en, ka\u017ee Nenad Pavli\u010dek iz AK Slobod Nakon kvalifikacija odr\u017eanih na stadionu Sloboda Vara\u017edin dobili smo finaliste Erste Plave lige 2024 iz Vara\u017edinske \u017eupanije i okolice. Sudjelovalo [&hellip;]","og_url":"https:\/\/www.ersteprvaliga.hr\/plava-liga\/odlicno-ozracje-u-varazdinu-jana-koscak-dijelila-medalje\/","og_site_name":"Erste Plava Liga","article_published_time":"2024-05-23T10:00:34+00:00","article_modified_time":"2024-05-23T14:38:47+00:00","og_image":[{"width":1181,"height":861,"url":"https:\/\/www.ersteprvaliga.hr\/plava-liga\/wp-content\/uploads\/sites\/2\/2024\/05\/Varazdin01.jpg","type":"image\/jpeg"}],"author":"Marin \u0160arec","twitter_card":"summary_large_image","twitter_misc":{"Napisao\/la":"Marin \u0160arec","Procijenjeno vrijeme \u010ditanja":"2 minute"},"schema":{"@context":"https:\/\/schema.org","@graph":[{"@type":"Article","@id":"https:\/\/www.ersteprvaliga.hr\/plava-liga\/odlicno-ozracje-u-varazdinu-jana-koscak-dijelila-medalje\/#article","isPartOf":{"@id":"https:\/\/www.ersteprvaliga.hr\/plava-liga\/odlicno-ozracje-u-varazdinu-jana-koscak-dijelila-medalje\/"},"author":{"name":"Marin \u0160arec","@id":"https:\/\/www.ersteprvaliga.hr\/plava-liga\/#\/schema\/person\/b8a657cf6397e2c2e6b9f208d1f5cd0b"},"headline":"Odli\u010dno ozra\u010dje u Vara\u017edinu, Jana Ko\u0161\u010dak dijelila medalje","datePublished":"2024-05-23T10:00:34+00:00","dateModified":"2024-05-23T14:38:47+00:00","mainEntityOfPage":{"@id":"https:\/\/www.ersteprvaliga.hr\/plava-liga\/odlicno-ozracje-u-varazdinu-jana-koscak-dijelila-medalje\/"},"wordCount":372,"commentCount":0,"publisher":{"@id":"https:\/\/www.ersteprvaliga.hr\/plava-liga\/#organization"},"image":{"@id":"https:\/\/www.ersteprvaliga.hr\/plava-liga\/odlicno-ozracje-u-varazdinu-jana-koscak-dijelila-medalje\/#primaryimage"},"thumbnailUrl":"https:\/\/www.ersteprvaliga.hr\/plava-liga\/wp-content\/uploads\/sites\/2\/2024\/05\/Varazdin01.jpg","keywords":["EPL2024","vara\u017edin"],"articleSection":["Vijesti"],"inLanguage":"hr","potentialAction":[{"@type":"CommentAction","name":"Comment","target":["https:\/\/www.ersteprvaliga.hr\/plava-liga\/odlicno-ozracje-u-varazdinu-jana-koscak-dijelila-medalje\/#respond"]}]},{"@type":"WebPage","@id":"https:\/\/www.ersteprvaliga.hr\/plava-liga\/odlicno-ozracje-u-varazdinu-jana-koscak-dijelila-medalje\/","url":"https:\/\/www.ersteprvaliga.hr\/plava-liga\/odlicno-ozracje-u-varazdinu-jana-koscak-dijelila-medalje\/","name":"Odli\u010dno ozra\u010dje u Vara\u017edinu, Jana Ko\u0161\u010dak dijelila medalje - Erste Plava Liga","isPartOf":{"@id":"https:\/\/www.ersteprvaliga.hr\/plava-liga\/#website"},"primaryImageOfPage":{"@id":"https:\/\/www.ersteprvaliga.hr\/plava-liga\/odlicno-ozracje-u-varazdinu-jana-koscak-dijelila-medalje\/#primaryimage"},"image":{"@id":"https:\/\/www.ersteprvaliga.hr\/plava-liga\/odlicno-ozracje-u-varazdinu-jana-koscak-dijelila-medalje\/#primaryimage"},"thumbnailUrl":"https:\/\/www.ersteprvaliga.hr\/plava-liga\/wp-content\/uploads\/sites\/2\/2024\/05\/Varazdin01.jpg","datePublished":"2024-05-23T10:00:34+00:00","dateModified":"2024-05-23T14:38:47+00:00","breadcrumb":{"@id":"https:\/\/www.ersteprvaliga.hr\/plava-liga\/odlicno-ozracje-u-varazdinu-jana-koscak-dijelila-medalje\/#breadcrumb"},"inLanguage":"hr","potentialAction":[{"@type":"ReadAction","target":["https:\/\/www.ersteprvaliga.hr\/plava-liga\/odlicno-ozracje-u-varazdinu-jana-koscak-dijelila-medalje\/"]}]},{"@type":"ImageObject","inLanguage":"hr","@id":"https:\/\/www.ersteprvaliga.hr\/plava-liga\/odlicno-ozracje-u-varazdinu-jana-koscak-dijelila-medalje\/#primaryimage","url":"https:\/\/www.ersteprvaliga.hr\/plava-liga\/wp-content\/uploads\/sites\/2\/2024\/05\/Varazdin01.jpg","contentUrl":"https:\/\/www.ersteprvaliga.hr\/plava-liga\/wp-content\/uploads\/sites\/2\/2024\/05\/Varazdin01.jpg","width":1181,"height":861},{"@type":"BreadcrumbList","@id":"https:\/\/www.ersteprvaliga.hr\/plava-liga\/odlicno-ozracje-u-varazdinu-jana-koscak-dijelila-medalje\/#breadcrumb","itemListElement":[{"@type":"ListItem","position":1,"name":"Po\u010detna stranica","item":"https:\/\/www.ersteprvaliga.hr\/plava-liga\/"},{"@type":"ListItem","position":2,"name":"Odli\u010dno ozra\u010dje u Vara\u017edinu, Jana Ko\u0161\u010dak dijelila medalje"}]},{"@type":"WebSite","@id":"https:\/\/www.ersteprvaliga.hr\/plava-liga\/#website","url":"https:\/\/www.ersteprvaliga.hr\/plava-liga\/","name":"Erste Plava Liga","description":"","publisher":{"@id":"https:\/\/www.ersteprvaliga.hr\/plava-liga\/#organization"},"potentialAction":[{"@type":"SearchAction","target":{"@type":"EntryPoint","urlTemplate":"https:\/\/www.ersteprvaliga.hr\/plava-liga\/?s={search_term_string}"},"query-input":{"@type":"PropertyValueSpecification","valueRequired":true,"valueName":"search_term_string"}}],"inLanguage":"hr"},{"@type":"Organization","@id":"https:\/\/www.ersteprvaliga.hr\/plava-liga\/#organization","name":"Erste Plava Liga","url":"https:\/\/www.ersteprvaliga.hr\/plava-liga\/","logo":{"@type":"ImageObject","inLanguage":"hr","@id":"https:\/\/www.ersteprvaliga.hr\/plava-liga\/#\/schema\/logo\/image\/","url":"https:\/\/www.ersteprvaliga.hr\/plava-liga\/wp-content\/uploads\/sites\/2\/2022\/03\/fb-share-plava-liga-1.jpg","contentUrl":"https:\/\/www.ersteprvaliga.hr\/plava-liga\/wp-content\/uploads\/sites\/2\/2022\/03\/fb-share-plava-liga-1.jpg","width":1200,"height":630,"caption":"Erste Plava Liga"},"image":{"@id":"https:\/\/www.ersteprvaliga.hr\/plava-liga\/#\/schema\/logo\/image\/"}},{"@type":"Person","@id":"https:\/\/www.ersteprvaliga.hr\/plava-liga\/#\/schema\/person\/b8a657cf6397e2c2e6b9f208d1f5cd0b","name":"Marin \u0160arec","image":{"@type":"ImageObject","inLanguage":"hr","@id":"https:\/\/secure.gravatar.com\/avatar\/c9ead507faf6bb31e2ed98aeb1453bd75599faf65890726d60d6f206cc766d6d?s=96&d=mm&r=g","url":"https:\/\/secure.gravatar.com\/avatar\/c9ead507faf6bb31e2ed98aeb1453bd75599faf65890726d60d6f206cc766d6d?s=96&d=mm&r=g","contentUrl":"https:\/\/secure.gravatar.com\/avatar\/c9ead507faf6bb31e2ed98aeb1453bd75599faf65890726d60d6f206cc766d6d?s=96&d=mm&r=g","caption":"Marin \u0160arec"},"url":"https:\/\/www.ersteprvaliga.hr\/plava-liga\/author\/marin_sarec\/"}]}},"_links":{"self":[{"href":"https:\/\/www.ersteprvaliga.hr\/plava-liga\/wp-json\/wp\/v2\/posts\/8326","targetHints":{"allow":["GET"]}}],"collection":[{"href":"https:\/\/www.ersteprvaliga.hr\/plava-liga\/wp-json\/wp\/v2\/posts"}],"about":[{"href":"https:\/\/www.ersteprvaliga.hr\/plava-liga\/wp-json\/wp\/v2\/types\/post"}],"author":[{"embeddable":true,"href":"https:\/\/www.ersteprvaliga.hr\/plava-liga\/wp-json\/wp\/v2\/users\/2581"}],"replies":[{"embeddable":true,"href":"https:\/\/www.ersteprvaliga.hr\/plava-liga\/wp-json\/wp\/v2\/comments?post=8326"}],"version-history":[{"count":4,"href":"https:\/\/www.ersteprvaliga.hr\/plava-liga\/wp-json\/wp\/v2\/posts\/8326\/revisions"}],"predecessor-version":[{"id":8493,"href":"https:\/\/www.ersteprvaliga.hr\/plava-liga\/wp-json\/wp\/v2\/posts\/8326\/revisions\/8493"}],"wp:featuredmedia":[{"embeddable":true,"href":"https:\/\/www.ersteprvaliga.hr\/plava-liga\/wp-json\/wp\/v2\/media\/8327"}],"wp:attachment":[{"href":"https:\/\/www.ersteprvaliga.hr\/plava-liga\/wp-json\/wp\/v2\/media?parent=8326"}],"wp:term":[{"taxonomy":"category","embeddable":true,"href":"https:\/\/www.ersteprvaliga.hr\/plava-liga\/wp-json\/wp\/v2\/categories?post=8326"},{"taxonomy":"post_tag","embeddable":true,"href":"https:\/\/www.ersteprvaliga.hr\/plava-liga\/wp-json\/wp\/v2\/tags?post=8326"}],"curies":[{"name":"wp","href":"https:\/\/api.w.org\/{rel}","templated":true}]}}