{"id":8319,"date":"2024-05-17T16:46:24","date_gmt":"2024-05-17T14:46:24","guid":{"rendered":"https:\/\/www.ersteprvaliga.hr\/plava-liga\/?p=8319"},"modified":"2024-05-17T16:46:25","modified_gmt":"2024-05-17T14:46:25","slug":"erste-plavu-ligu-u-zadru-zavoljela-i-djeca-i-roditelji","status":"publish","type":"post","link":"https:\/\/www.ersteprvaliga.hr\/plava-liga\/erste-plavu-ligu-u-zadru-zavoljela-i-djeca-i-roditelji\/","title":{"rendered":"Erste Plavu ligu u Zadru zavoljela i djeca i roditelji"},"content":{"rendered":"\n<p class=\"has-text-align-right wp-block-paragraph\"><em>Foto: EPL\/Pro Sport<\/em><\/p>\n\n\n\n<blockquote class=\"wp-block-quote is-layout-flow wp-block-quote-is-layout-flow\"><p><em>Uvjeren sam da \u0107e i ove godine, kao i prija\u0161njih, ovo natjecanje imati za posljedicu ve\u0107i broj u\u010denika koji \u0107e po\u010deti trenirati u na\u0161em klubu, ka\u017ee Edi Stipi\u0107<\/em><\/p><p><\/p><\/blockquote>\n\n\n\n<p class=\"has-drop-cap wp-block-paragraph\"><strong>Zadar je bio doma\u0107in sedmog kvalifikacijskog natjecanja Erste Plave lige 2024, pa su sada poznata imena finalista ovog natjecanja i iz Zadarske \u017eupanije.<\/strong><\/p>\n\n\n\n<p class=\"wp-block-paragraph\">U Zadru je u utrkama na 60, 300 i 600 metara, skoku u dalj te bacanju kugle i vortexa nastupilo 388 natjecatelja, a po dvoje najboljih plasiralo se u finale koje \u0107e biti odr\u017eano 7. rujna, u sklopu Boris Han\u017eekovi\u0107 memorijala u Zagrebu.<\/p>\n\n\n\n<p class=\"wp-block-paragraph\">\u201eIz godine u godinu Erste Plava liga organizacijski izgleda sve bolje i bolje, \u0161to se pokazalo i ove godine. U Zadru je nastupilo gotovo 400 djece usprkos tome \u0161to je puhalo izrazito jako jugo. Puno potencijalno novih atleti\u010dara i atleti\u010darki nastupilo je po prvi put na ovom jedinstvenom natjecanju za u\u010denice i u\u010denike od 1.do 6. razreda osnovnih \u0161kola\u201c, ka\u017ee koordinator Erste Plave lige za Zadar, Edi Stipi\u0107.<\/p>\n\n\n\n<p class=\"wp-block-paragraph\">Kao glavni trener u Atletskom klubu Fortius, Stipi\u0107 vidi i benefite koje Erste Plava liga donosi atletici.<\/p>\n\n\n\n<p class=\"wp-block-paragraph\">\u201eNakon zavr\u0161enog natjecanja dobili smo vi\u0161e upita o mogu\u0107nosti upisa i treniranja atletike u Zadru, \u0161to je i dokaz da se ovakav format natjecanja svi\u0111a i djeci i roditeljima. Sigurno su u tome pomogli i savjeti trenera i na\u0161ih mladih atleti\u010dara djeci za vrijeme natjecanja. Ove godine su nastupili u\u010denici iz nikad ve\u0107eg broja \u0161kola i to me iznimno veseli. Uvjeren sam da \u0107e i ove godine, kao i prija\u0161njih godina, ovo natjecanje imati za posljedicu ve\u0107i broj u\u010denika koji \u0107e po\u010deti trenirati u na\u0161em klubu\u201c, zaklju\u010duje Stipi\u0107.<\/p>\n\n\n\n<p class=\"wp-block-paragraph\">Uz ovako velik interes za ulazak u svijet atletike mnoge \u0107e razveseliti to da sva djeca iz Zadra i okolice koja \u017eele trenirati atletiku mogu preko platforme <a href=\"https:\/\/sportbook.hr\/\" target=\"_blank\" rel=\"noreferrer noopener\">MVPiz.com<\/a> ostvariti besplatan probni period u trajanju od mjesec dana u <a href=\"https:\/\/sportbook.hr\/klub\/atletski-klub-fortius\/\" target=\"_blank\" rel=\"noreferrer noopener\">AK Fortius<\/a>.<\/p>\n\n\n\n<p class=\"wp-block-paragraph\">Rezultate pogledajte<a href=\"https:\/\/www.ersteprvaliga.hr\/plava-liga\/rezultati\/?godina=2024&amp;grad=Zadar\" target=\"_blank\" rel=\"noreferrer noopener\"> OVDJE&gt;&gt;&gt;<\/a><\/p>\n\n\n\n<p class=\"wp-block-paragraph\">Galeriju fotografija pogledajte <a href=\"https:\/\/www.ersteprvaliga.hr\/plava-liga\/multimedija\/zadar-2024\/\" target=\"_blank\" rel=\"noreferrer noopener\">OVDJE&gt;&gt;&gt;<\/a><\/p>\n","protected":false},"excerpt":{"rendered":"<p>Foto: EPL\/Pro Sport Uvjeren sam da \u0107e i ove godine, kao i prija\u0161njih, ovo natjecanje imati za posljedicu ve\u0107i broj u\u010denika koji \u0107e po\u010deti trenirati u na\u0161em klubu, ka\u017ee Edi Stipi\u0107 Zadar je bio doma\u0107in sedmog kvalifikacijskog natjecanja Erste Plave lige 2024, pa su sada poznata imena finalista ovog natjecanja i iz Zadarske \u017eupanije. U [&hellip;]<\/p>\n","protected":false},"author":2581,"featured_media":8306,"comment_status":"open","ping_status":"open","sticky":false,"template":"","format":"standard","meta":{"footnotes":""},"categories":[11],"tags":[94,36],"class_list":["post-8319","post","type-post","status-publish","format-standard","has-post-thumbnail","hentry","category-vijesti","tag-epl2024","tag-zadar"],"yoast_head":"<!-- This site is optimized with the Yoast SEO plugin v28.3 - https:\/\/yoast.com\/product\/yoast-seo-wordpress\/ -->\n<title>Erste Plavu ligu u Zadru zavoljela i djeca i roditelji - Erste Plava Liga<\/title>\n<meta name=\"robots\" content=\"index, follow, max-snippet:-1, max-image-preview:large, max-video-preview:-1\" \/>\n<link rel=\"canonical\" href=\"https:\/\/www.ersteprvaliga.hr\/plava-liga\/erste-plavu-ligu-u-zadru-zavoljela-i-djeca-i-roditelji\/\" \/>\n<meta property=\"og:locale\" content=\"hr_HR\" \/>\n<meta property=\"og:type\" content=\"article\" \/>\n<meta property=\"og:title\" content=\"Erste Plavu ligu u Zadru zavoljela i djeca i roditelji - Erste Plava Liga\" \/>\n<meta property=\"og:description\" content=\"Foto: EPL\/Pro Sport Uvjeren sam da \u0107e i ove godine, kao i prija\u0161njih, ovo natjecanje imati za posljedicu ve\u0107i broj u\u010denika koji \u0107e po\u010deti trenirati u na\u0161em klubu, ka\u017ee Edi Stipi\u0107 Zadar je bio doma\u0107in sedmog kvalifikacijskog natjecanja Erste Plave lige 2024, pa su sada poznata imena finalista ovog natjecanja i iz Zadarske \u017eupanije. U [&hellip;]\" \/>\n<meta property=\"og:url\" content=\"https:\/\/www.ersteprvaliga.hr\/plava-liga\/erste-plavu-ligu-u-zadru-zavoljela-i-djeca-i-roditelji\/\" \/>\n<meta property=\"og:site_name\" content=\"Erste Plava Liga\" \/>\n<meta property=\"article:published_time\" content=\"2024-05-17T14:46:24+00:00\" \/>\n<meta property=\"article:modified_time\" content=\"2024-05-17T14:46:25+00:00\" \/>\n<meta property=\"og:image\" content=\"https:\/\/www.ersteprvaliga.hr\/plava-liga\/wp-content\/uploads\/sites\/2\/2024\/05\/Velika-stavka-Zadar24-0516-165.jpeg\" \/>\n\t<meta property=\"og:image:width\" content=\"1280\" \/>\n\t<meta property=\"og:image:height\" content=\"855\" \/>\n\t<meta property=\"og:image:type\" content=\"image\/jpeg\" \/>\n<meta name=\"author\" content=\"Marin \u0160arec\" \/>\n<meta name=\"twitter:card\" content=\"summary_large_image\" \/>\n<meta name=\"twitter:label1\" content=\"Napisao\/la\" \/>\n\t<meta name=\"twitter:data1\" content=\"Marin \u0160arec\" \/>\n\t<meta name=\"twitter:label2\" content=\"Procijenjeno vrijeme \u010ditanja\" \/>\n\t<meta name=\"twitter:data2\" content=\"2 minute\" \/>\n<script type=\"application\/ld+json\" class=\"yoast-schema-graph\">{\"@context\":\"https:\\\/\\\/schema.org\",\"@graph\":[{\"@type\":\"Article\",\"@id\":\"https:\\\/\\\/www.ersteprvaliga.hr\\\/plava-liga\\\/erste-plavu-ligu-u-zadru-zavoljela-i-djeca-i-roditelji\\\/#article\",\"isPartOf\":{\"@id\":\"https:\\\/\\\/www.ersteprvaliga.hr\\\/plava-liga\\\/erste-plavu-ligu-u-zadru-zavoljela-i-djeca-i-roditelji\\\/\"},\"author\":{\"name\":\"Marin \u0160arec\",\"@id\":\"https:\\\/\\\/www.ersteprvaliga.hr\\\/plava-liga\\\/#\\\/schema\\\/person\\\/b8a657cf6397e2c2e6b9f208d1f5cd0b\"},\"headline\":\"Erste Plavu ligu u Zadru zavoljela i djeca i roditelji\",\"datePublished\":\"2024-05-17T14:46:24+00:00\",\"dateModified\":\"2024-05-17T14:46:25+00:00\",\"mainEntityOfPage\":{\"@id\":\"https:\\\/\\\/www.ersteprvaliga.hr\\\/plava-liga\\\/erste-plavu-ligu-u-zadru-zavoljela-i-djeca-i-roditelji\\\/\"},\"wordCount\":355,\"commentCount\":0,\"publisher\":{\"@id\":\"https:\\\/\\\/www.ersteprvaliga.hr\\\/plava-liga\\\/#organization\"},\"image\":{\"@id\":\"https:\\\/\\\/www.ersteprvaliga.hr\\\/plava-liga\\\/erste-plavu-ligu-u-zadru-zavoljela-i-djeca-i-roditelji\\\/#primaryimage\"},\"thumbnailUrl\":\"https:\\\/\\\/www.ersteprvaliga.hr\\\/plava-liga\\\/wp-content\\\/uploads\\\/sites\\\/2\\\/2024\\\/05\\\/Velika-stavka-Zadar24-0516-165.jpeg\",\"keywords\":[\"EPL2024\",\"Zadar\"],\"articleSection\":[\"Vijesti\"],\"inLanguage\":\"hr\",\"potentialAction\":[{\"@type\":\"CommentAction\",\"name\":\"Comment\",\"target\":[\"https:\\\/\\\/www.ersteprvaliga.hr\\\/plava-liga\\\/erste-plavu-ligu-u-zadru-zavoljela-i-djeca-i-roditelji\\\/#respond\"]}]},{\"@type\":\"WebPage\",\"@id\":\"https:\\\/\\\/www.ersteprvaliga.hr\\\/plava-liga\\\/erste-plavu-ligu-u-zadru-zavoljela-i-djeca-i-roditelji\\\/\",\"url\":\"https:\\\/\\\/www.ersteprvaliga.hr\\\/plava-liga\\\/erste-plavu-ligu-u-zadru-zavoljela-i-djeca-i-roditelji\\\/\",\"name\":\"Erste Plavu ligu u Zadru zavoljela i djeca i roditelji - Erste Plava Liga\",\"isPartOf\":{\"@id\":\"https:\\\/\\\/www.ersteprvaliga.hr\\\/plava-liga\\\/#website\"},\"primaryImageOfPage\":{\"@id\":\"https:\\\/\\\/www.ersteprvaliga.hr\\\/plava-liga\\\/erste-plavu-ligu-u-zadru-zavoljela-i-djeca-i-roditelji\\\/#primaryimage\"},\"image\":{\"@id\":\"https:\\\/\\\/www.ersteprvaliga.hr\\\/plava-liga\\\/erste-plavu-ligu-u-zadru-zavoljela-i-djeca-i-roditelji\\\/#primaryimage\"},\"thumbnailUrl\":\"https:\\\/\\\/www.ersteprvaliga.hr\\\/plava-liga\\\/wp-content\\\/uploads\\\/sites\\\/2\\\/2024\\\/05\\\/Velika-stavka-Zadar24-0516-165.jpeg\",\"datePublished\":\"2024-05-17T14:46:24+00:00\",\"dateModified\":\"2024-05-17T14:46:25+00:00\",\"breadcrumb\":{\"@id\":\"https:\\\/\\\/www.ersteprvaliga.hr\\\/plava-liga\\\/erste-plavu-ligu-u-zadru-zavoljela-i-djeca-i-roditelji\\\/#breadcrumb\"},\"inLanguage\":\"hr\",\"potentialAction\":[{\"@type\":\"ReadAction\",\"target\":[\"https:\\\/\\\/www.ersteprvaliga.hr\\\/plava-liga\\\/erste-plavu-ligu-u-zadru-zavoljela-i-djeca-i-roditelji\\\/\"]}]},{\"@type\":\"ImageObject\",\"inLanguage\":\"hr\",\"@id\":\"https:\\\/\\\/www.ersteprvaliga.hr\\\/plava-liga\\\/erste-plavu-ligu-u-zadru-zavoljela-i-djeca-i-roditelji\\\/#primaryimage\",\"url\":\"https:\\\/\\\/www.ersteprvaliga.hr\\\/plava-liga\\\/wp-content\\\/uploads\\\/sites\\\/2\\\/2024\\\/05\\\/Velika-stavka-Zadar24-0516-165.jpeg\",\"contentUrl\":\"https:\\\/\\\/www.ersteprvaliga.hr\\\/plava-liga\\\/wp-content\\\/uploads\\\/sites\\\/2\\\/2024\\\/05\\\/Velika-stavka-Zadar24-0516-165.jpeg\",\"width\":1280,\"height\":855},{\"@type\":\"BreadcrumbList\",\"@id\":\"https:\\\/\\\/www.ersteprvaliga.hr\\\/plava-liga\\\/erste-plavu-ligu-u-zadru-zavoljela-i-djeca-i-roditelji\\\/#breadcrumb\",\"itemListElement\":[{\"@type\":\"ListItem\",\"position\":1,\"name\":\"Po\u010detna stranica\",\"item\":\"https:\\\/\\\/www.ersteprvaliga.hr\\\/plava-liga\\\/\"},{\"@type\":\"ListItem\",\"position\":2,\"name\":\"Erste Plavu ligu u Zadru zavoljela i djeca i roditelji\"}]},{\"@type\":\"WebSite\",\"@id\":\"https:\\\/\\\/www.ersteprvaliga.hr\\\/plava-liga\\\/#website\",\"url\":\"https:\\\/\\\/www.ersteprvaliga.hr\\\/plava-liga\\\/\",\"name\":\"Erste Plava Liga\",\"description\":\"\",\"publisher\":{\"@id\":\"https:\\\/\\\/www.ersteprvaliga.hr\\\/plava-liga\\\/#organization\"},\"potentialAction\":[{\"@type\":\"SearchAction\",\"target\":{\"@type\":\"EntryPoint\",\"urlTemplate\":\"https:\\\/\\\/www.ersteprvaliga.hr\\\/plava-liga\\\/?s={search_term_string}\"},\"query-input\":{\"@type\":\"PropertyValueSpecification\",\"valueRequired\":true,\"valueName\":\"search_term_string\"}}],\"inLanguage\":\"hr\"},{\"@type\":\"Organization\",\"@id\":\"https:\\\/\\\/www.ersteprvaliga.hr\\\/plava-liga\\\/#organization\",\"name\":\"Erste Plava Liga\",\"url\":\"https:\\\/\\\/www.ersteprvaliga.hr\\\/plava-liga\\\/\",\"logo\":{\"@type\":\"ImageObject\",\"inLanguage\":\"hr\",\"@id\":\"https:\\\/\\\/www.ersteprvaliga.hr\\\/plava-liga\\\/#\\\/schema\\\/logo\\\/image\\\/\",\"url\":\"https:\\\/\\\/www.ersteprvaliga.hr\\\/plava-liga\\\/wp-content\\\/uploads\\\/sites\\\/2\\\/2022\\\/03\\\/fb-share-plava-liga-1.jpg\",\"contentUrl\":\"https:\\\/\\\/www.ersteprvaliga.hr\\\/plava-liga\\\/wp-content\\\/uploads\\\/sites\\\/2\\\/2022\\\/03\\\/fb-share-plava-liga-1.jpg\",\"width\":1200,\"height\":630,\"caption\":\"Erste Plava Liga\"},\"image\":{\"@id\":\"https:\\\/\\\/www.ersteprvaliga.hr\\\/plava-liga\\\/#\\\/schema\\\/logo\\\/image\\\/\"}},{\"@type\":\"Person\",\"@id\":\"https:\\\/\\\/www.ersteprvaliga.hr\\\/plava-liga\\\/#\\\/schema\\\/person\\\/b8a657cf6397e2c2e6b9f208d1f5cd0b\",\"name\":\"Marin \u0160arec\",\"image\":{\"@type\":\"ImageObject\",\"inLanguage\":\"hr\",\"@id\":\"https:\\\/\\\/secure.gravatar.com\\\/avatar\\\/c9ead507faf6bb31e2ed98aeb1453bd75599faf65890726d60d6f206cc766d6d?s=96&d=mm&r=g\",\"url\":\"https:\\\/\\\/secure.gravatar.com\\\/avatar\\\/c9ead507faf6bb31e2ed98aeb1453bd75599faf65890726d60d6f206cc766d6d?s=96&d=mm&r=g\",\"contentUrl\":\"https:\\\/\\\/secure.gravatar.com\\\/avatar\\\/c9ead507faf6bb31e2ed98aeb1453bd75599faf65890726d60d6f206cc766d6d?s=96&d=mm&r=g\",\"caption\":\"Marin \u0160arec\"},\"url\":\"https:\\\/\\\/www.ersteprvaliga.hr\\\/plava-liga\\\/author\\\/marin_sarec\\\/\"}]}<\/script>\n<!-- \/ Yoast SEO plugin. -->","yoast_head_json":{"title":"Erste Plavu ligu u Zadru zavoljela i djeca i roditelji - Erste Plava Liga","robots":{"index":"index","follow":"follow","max-snippet":"max-snippet:-1","max-image-preview":"max-image-preview:large","max-video-preview":"max-video-preview:-1"},"canonical":"https:\/\/www.ersteprvaliga.hr\/plava-liga\/erste-plavu-ligu-u-zadru-zavoljela-i-djeca-i-roditelji\/","og_locale":"hr_HR","og_type":"article","og_title":"Erste Plavu ligu u Zadru zavoljela i djeca i roditelji - Erste Plava Liga","og_description":"Foto: EPL\/Pro Sport Uvjeren sam da \u0107e i ove godine, kao i prija\u0161njih, ovo natjecanje imati za posljedicu ve\u0107i broj u\u010denika koji \u0107e po\u010deti trenirati u na\u0161em klubu, ka\u017ee Edi Stipi\u0107 Zadar je bio doma\u0107in sedmog kvalifikacijskog natjecanja Erste Plave lige 2024, pa su sada poznata imena finalista ovog natjecanja i iz Zadarske \u017eupanije. U [&hellip;]","og_url":"https:\/\/www.ersteprvaliga.hr\/plava-liga\/erste-plavu-ligu-u-zadru-zavoljela-i-djeca-i-roditelji\/","og_site_name":"Erste Plava Liga","article_published_time":"2024-05-17T14:46:24+00:00","article_modified_time":"2024-05-17T14:46:25+00:00","og_image":[{"width":1280,"height":855,"url":"https:\/\/www.ersteprvaliga.hr\/plava-liga\/wp-content\/uploads\/sites\/2\/2024\/05\/Velika-stavka-Zadar24-0516-165.jpeg","type":"image\/jpeg"}],"author":"Marin \u0160arec","twitter_card":"summary_large_image","twitter_misc":{"Napisao\/la":"Marin \u0160arec","Procijenjeno vrijeme \u010ditanja":"2 minute"},"schema":{"@context":"https:\/\/schema.org","@graph":[{"@type":"Article","@id":"https:\/\/www.ersteprvaliga.hr\/plava-liga\/erste-plavu-ligu-u-zadru-zavoljela-i-djeca-i-roditelji\/#article","isPartOf":{"@id":"https:\/\/www.ersteprvaliga.hr\/plava-liga\/erste-plavu-ligu-u-zadru-zavoljela-i-djeca-i-roditelji\/"},"author":{"name":"Marin \u0160arec","@id":"https:\/\/www.ersteprvaliga.hr\/plava-liga\/#\/schema\/person\/b8a657cf6397e2c2e6b9f208d1f5cd0b"},"headline":"Erste Plavu ligu u Zadru zavoljela i djeca i roditelji","datePublished":"2024-05-17T14:46:24+00:00","dateModified":"2024-05-17T14:46:25+00:00","mainEntityOfPage":{"@id":"https:\/\/www.ersteprvaliga.hr\/plava-liga\/erste-plavu-ligu-u-zadru-zavoljela-i-djeca-i-roditelji\/"},"wordCount":355,"commentCount":0,"publisher":{"@id":"https:\/\/www.ersteprvaliga.hr\/plava-liga\/#organization"},"image":{"@id":"https:\/\/www.ersteprvaliga.hr\/plava-liga\/erste-plavu-ligu-u-zadru-zavoljela-i-djeca-i-roditelji\/#primaryimage"},"thumbnailUrl":"https:\/\/www.ersteprvaliga.hr\/plava-liga\/wp-content\/uploads\/sites\/2\/2024\/05\/Velika-stavka-Zadar24-0516-165.jpeg","keywords":["EPL2024","Zadar"],"articleSection":["Vijesti"],"inLanguage":"hr","potentialAction":[{"@type":"CommentAction","name":"Comment","target":["https:\/\/www.ersteprvaliga.hr\/plava-liga\/erste-plavu-ligu-u-zadru-zavoljela-i-djeca-i-roditelji\/#respond"]}]},{"@type":"WebPage","@id":"https:\/\/www.ersteprvaliga.hr\/plava-liga\/erste-plavu-ligu-u-zadru-zavoljela-i-djeca-i-roditelji\/","url":"https:\/\/www.ersteprvaliga.hr\/plava-liga\/erste-plavu-ligu-u-zadru-zavoljela-i-djeca-i-roditelji\/","name":"Erste Plavu ligu u Zadru zavoljela i djeca i roditelji - Erste Plava Liga","isPartOf":{"@id":"https:\/\/www.ersteprvaliga.hr\/plava-liga\/#website"},"primaryImageOfPage":{"@id":"https:\/\/www.ersteprvaliga.hr\/plava-liga\/erste-plavu-ligu-u-zadru-zavoljela-i-djeca-i-roditelji\/#primaryimage"},"image":{"@id":"https:\/\/www.ersteprvaliga.hr\/plava-liga\/erste-plavu-ligu-u-zadru-zavoljela-i-djeca-i-roditelji\/#primaryimage"},"thumbnailUrl":"https:\/\/www.ersteprvaliga.hr\/plava-liga\/wp-content\/uploads\/sites\/2\/2024\/05\/Velika-stavka-Zadar24-0516-165.jpeg","datePublished":"2024-05-17T14:46:24+00:00","dateModified":"2024-05-17T14:46:25+00:00","breadcrumb":{"@id":"https:\/\/www.ersteprvaliga.hr\/plava-liga\/erste-plavu-ligu-u-zadru-zavoljela-i-djeca-i-roditelji\/#breadcrumb"},"inLanguage":"hr","potentialAction":[{"@type":"ReadAction","target":["https:\/\/www.ersteprvaliga.hr\/plava-liga\/erste-plavu-ligu-u-zadru-zavoljela-i-djeca-i-roditelji\/"]}]},{"@type":"ImageObject","inLanguage":"hr","@id":"https:\/\/www.ersteprvaliga.hr\/plava-liga\/erste-plavu-ligu-u-zadru-zavoljela-i-djeca-i-roditelji\/#primaryimage","url":"https:\/\/www.ersteprvaliga.hr\/plava-liga\/wp-content\/uploads\/sites\/2\/2024\/05\/Velika-stavka-Zadar24-0516-165.jpeg","contentUrl":"https:\/\/www.ersteprvaliga.hr\/plava-liga\/wp-content\/uploads\/sites\/2\/2024\/05\/Velika-stavka-Zadar24-0516-165.jpeg","width":1280,"height":855},{"@type":"BreadcrumbList","@id":"https:\/\/www.ersteprvaliga.hr\/plava-liga\/erste-plavu-ligu-u-zadru-zavoljela-i-djeca-i-roditelji\/#breadcrumb","itemListElement":[{"@type":"ListItem","position":1,"name":"Po\u010detna stranica","item":"https:\/\/www.ersteprvaliga.hr\/plava-liga\/"},{"@type":"ListItem","position":2,"name":"Erste Plavu ligu u Zadru zavoljela i djeca i roditelji"}]},{"@type":"WebSite","@id":"https:\/\/www.ersteprvaliga.hr\/plava-liga\/#website","url":"https:\/\/www.ersteprvaliga.hr\/plava-liga\/","name":"Erste Plava Liga","description":"","publisher":{"@id":"https:\/\/www.ersteprvaliga.hr\/plava-liga\/#organization"},"potentialAction":[{"@type":"SearchAction","target":{"@type":"EntryPoint","urlTemplate":"https:\/\/www.ersteprvaliga.hr\/plava-liga\/?s={search_term_string}"},"query-input":{"@type":"PropertyValueSpecification","valueRequired":true,"valueName":"search_term_string"}}],"inLanguage":"hr"},{"@type":"Organization","@id":"https:\/\/www.ersteprvaliga.hr\/plava-liga\/#organization","name":"Erste Plava Liga","url":"https:\/\/www.ersteprvaliga.hr\/plava-liga\/","logo":{"@type":"ImageObject","inLanguage":"hr","@id":"https:\/\/www.ersteprvaliga.hr\/plava-liga\/#\/schema\/logo\/image\/","url":"https:\/\/www.ersteprvaliga.hr\/plava-liga\/wp-content\/uploads\/sites\/2\/2022\/03\/fb-share-plava-liga-1.jpg","contentUrl":"https:\/\/www.ersteprvaliga.hr\/plava-liga\/wp-content\/uploads\/sites\/2\/2022\/03\/fb-share-plava-liga-1.jpg","width":1200,"height":630,"caption":"Erste Plava Liga"},"image":{"@id":"https:\/\/www.ersteprvaliga.hr\/plava-liga\/#\/schema\/logo\/image\/"}},{"@type":"Person","@id":"https:\/\/www.ersteprvaliga.hr\/plava-liga\/#\/schema\/person\/b8a657cf6397e2c2e6b9f208d1f5cd0b","name":"Marin \u0160arec","image":{"@type":"ImageObject","inLanguage":"hr","@id":"https:\/\/secure.gravatar.com\/avatar\/c9ead507faf6bb31e2ed98aeb1453bd75599faf65890726d60d6f206cc766d6d?s=96&d=mm&r=g","url":"https:\/\/secure.gravatar.com\/avatar\/c9ead507faf6bb31e2ed98aeb1453bd75599faf65890726d60d6f206cc766d6d?s=96&d=mm&r=g","contentUrl":"https:\/\/secure.gravatar.com\/avatar\/c9ead507faf6bb31e2ed98aeb1453bd75599faf65890726d60d6f206cc766d6d?s=96&d=mm&r=g","caption":"Marin \u0160arec"},"url":"https:\/\/www.ersteprvaliga.hr\/plava-liga\/author\/marin_sarec\/"}]}},"_links":{"self":[{"href":"https:\/\/www.ersteprvaliga.hr\/plava-liga\/wp-json\/wp\/v2\/posts\/8319","targetHints":{"allow":["GET"]}}],"collection":[{"href":"https:\/\/www.ersteprvaliga.hr\/plava-liga\/wp-json\/wp\/v2\/posts"}],"about":[{"href":"https:\/\/www.ersteprvaliga.hr\/plava-liga\/wp-json\/wp\/v2\/types\/post"}],"author":[{"embeddable":true,"href":"https:\/\/www.ersteprvaliga.hr\/plava-liga\/wp-json\/wp\/v2\/users\/2581"}],"replies":[{"embeddable":true,"href":"https:\/\/www.ersteprvaliga.hr\/plava-liga\/wp-json\/wp\/v2\/comments?post=8319"}],"version-history":[{"count":1,"href":"https:\/\/www.ersteprvaliga.hr\/plava-liga\/wp-json\/wp\/v2\/posts\/8319\/revisions"}],"predecessor-version":[{"id":8320,"href":"https:\/\/www.ersteprvaliga.hr\/plava-liga\/wp-json\/wp\/v2\/posts\/8319\/revisions\/8320"}],"wp:featuredmedia":[{"embeddable":true,"href":"https:\/\/www.ersteprvaliga.hr\/plava-liga\/wp-json\/wp\/v2\/media\/8306"}],"wp:attachment":[{"href":"https:\/\/www.ersteprvaliga.hr\/plava-liga\/wp-json\/wp\/v2\/media?parent=8319"}],"wp:term":[{"taxonomy":"category","embeddable":true,"href":"https:\/\/www.ersteprvaliga.hr\/plava-liga\/wp-json\/wp\/v2\/categories?post=8319"},{"taxonomy":"post_tag","embeddable":true,"href":"https:\/\/www.ersteprvaliga.hr\/plava-liga\/wp-json\/wp\/v2\/tags?post=8319"}],"curies":[{"name":"wp","href":"https:\/\/api.w.org\/{rel}","templated":true}]}}