{"id":7975,"date":"2024-05-15T13:43:38","date_gmt":"2024-05-15T11:43:38","guid":{"rendered":"https:\/\/www.ersteprvaliga.hr\/plava-liga\/?p=7975"},"modified":"2024-05-15T14:41:35","modified_gmt":"2024-05-15T12:41:35","slug":"osnovna-skola-cavle-dominirala-na-erste-plavoj-ligi-u-rijeci","status":"publish","type":"post","link":"https:\/\/www.ersteprvaliga.hr\/plava-liga\/osnovna-skola-cavle-dominirala-na-erste-plavoj-ligi-u-rijeci\/","title":{"rendered":"Osnovna \u0161kola \u010cavle dominirala na Erste Plavoj ligi u Rijeci"},"content":{"rendered":"\n<p class=\"has-text-align-right wp-block-paragraph\"><em>Foto: EPL\/Pro Sport<\/em><\/p>\n\n\n\n<blockquote class=\"wp-block-quote is-layout-flow wp-block-quote-is-layout-flow\"><p>Erste Plava liga fenomenalan je projekt na koji i djeca koja mo\u017eda nikad ne bi sudjelovala na nekom atletskom natjecanju dolaze bez optere\u0107enja, ka\u017ee profesorica Bojana Kukec iz O\u0160 \u010cavle<\/p><\/blockquote>\n\n\n\n<p class=\"has-drop-cap wp-block-paragraph\"><strong>Kvalifikacije Erste Plave lige u Rijeci su uvijek me\u0111u najmasovnijima, pa je tako bilo i ovog puta. Na Kantridi se natjecalo 577 u\u010denica i u\u010denika iz Primorsko-goranske \u017eupanije, a po dvoje najboljih u svakoj disciplini i kategoriji izborilo je plasman na finale koje \u0107e se odr\u017eati u Zagrebu, u sklopu Boris Han\u017eekovi\u0107 memorijala.<\/strong><\/p>\n\n\n\n<p class=\"wp-block-paragraph\">Osnovna \u0161kola \u010cavle redovito je me\u0111u najbrojnijima na natjecanju u Rijeci, a ovog puta je njihova dominacija bila izrazita jer je na startnim listama bilo \u010dak 157 u\u010denica i u\u010denika te \u0161kole.<\/p>\n\n\n\n<p class=\"wp-block-paragraph\">Ovako veliko zanimanje O\u0160 \u010cavle za Erste Plavu ligu pojasnila je profesorice tjelesne i zdravstvene kulture iz te \u0161kole, Bojana Kukec.<\/p>\n\n\n\n<p class=\"wp-block-paragraph\">\u201eUla\u017eemo puno truda i volje kako bismo zainteresirali djecu za sport. Kako smo ve\u0107 godinama najbrojnija \u0161kola koja nastupa na Erste Plavoj ligi u Rijeci, motivacije ne nedostaje jer se djeca \u017eele oprobati u atletici. Iz te volje dolaze i rezultati. I roditelji reagiraju na takav interes svoje djece, pa onda i oni napune tribine i vesele se sa svima nama. Zahvaljujem i Atletskom klubu Kvarner koji nam je organizirao prijevoz i omogu\u0107io dolazak u ovako velikom broju\u201c, ka\u017ee profesorica Kukec i dodaje:<\/p>\n\n\n\n<p class=\"wp-block-paragraph\">\u201eImamo dobre uvjete za nastavu tjelesnog odgoja, a ja je uvijek nastojim planirati oko natjecanja koja nam predstoje. Djeca tako nastavu shva\u0107aju kao testiranje i pripremu za natjecanje, pa bih voljela da ih ima \u0161to vi\u0161e. Zato je Erste Plava liga fenomenalan projekt na koji i djeca koja mo\u017eda nikad ne bi sudjelovala na nekom atletskom natjecanju dolaze bez optere\u0107enja. Ja im uvijek ka\u017eem &#8216;Idemo se zabaviti!&#8217;, a onda rezultati sami do\u0111u. I broj djece koja ostaju u sportu nam je dobar pokazatelj koliko su ovakva \u0161kolska natjecanja va\u017ena\u201c.<\/p>\n\n\n\n<p class=\"wp-block-paragraph\">I voditeljica projekta Erste Plava liga Ivana Brklja\u010di\u0107 vrlo je zadovoljna svime vi\u0111enim u Rijeci.<\/p>\n\n\n\n<p class=\"wp-block-paragraph\">&#8220;Jako me veseli ovako velik odaziv djece, atmosfera na stadionu i odli\u010dna organizacija AK Kvarner. Moram re\u0107i da smo imali preko 800 prijava, no odgoda prvog termina zbog lo\u0161eg vremena vjerojatno je sprije\u010dila rekordan odaziv na kvalifikacije Erste Plave lige u Rijeci. Ovo je najzna\u010dajniji atletski projekt za djecu u Hrvatskoj, \u0161to potvr\u0111uju i reakcije nastavnika koji dovode \u0161kolsku djecu na natjecanje&#8221;, zaklju\u010dila je Ivana Brklja\u010di\u0107.<\/p>\n\n\n\n<p class=\"wp-block-paragraph\">Rezultate pogledajte <a href=\"https:\/\/www.ersteprvaliga.hr\/plava-liga\/rezultati\/?godina=2024&amp;grad=Rijeka\" target=\"_blank\" rel=\"noreferrer noopener\">OVDJE&gt;&gt;&gt;<\/a><\/p>\n\n\n\n<p class=\"wp-block-paragraph\">Galeriju fotografija pogledajte <em><a href=\"https:\/\/www.ersteprvaliga.hr\/plava-liga\/multimedija\/rijeka-2024\/\" target=\"_blank\" rel=\"noreferrer noopener\">OVDJE&gt;&gt;&gt;<\/a><\/em><\/p>\n\n\n\n<p class=\"wp-block-paragraph\"><\/p>\n","protected":false},"excerpt":{"rendered":"<p>Foto: EPL\/Pro Sport Erste Plava liga fenomenalan je projekt na koji i djeca koja mo\u017eda nikad ne bi sudjelovala na nekom atletskom natjecanju dolaze bez optere\u0107enja, ka\u017ee profesorica Bojana Kukec iz O\u0160 \u010cavle Kvalifikacije Erste Plave lige u Rijeci su uvijek me\u0111u najmasovnijima, pa je tako bilo i ovog puta. Na Kantridi se natjecalo 577 [&hellip;]<\/p>\n","protected":false},"author":2581,"featured_media":7976,"comment_status":"open","ping_status":"open","sticky":false,"template":"","format":"standard","meta":{"footnotes":""},"categories":[11],"tags":[94,57],"class_list":["post-7975","post","type-post","status-publish","format-standard","has-post-thumbnail","hentry","category-vijesti","tag-epl2024","tag-rijeka"],"yoast_head":"<!-- This site is optimized with the Yoast SEO plugin v28.3 - https:\/\/yoast.com\/product\/yoast-seo-wordpress\/ -->\n<title>Osnovna \u0161kola \u010cavle dominirala na Erste Plavoj ligi u Rijeci - Erste Plava Liga<\/title>\n<meta name=\"robots\" content=\"index, follow, max-snippet:-1, max-image-preview:large, max-video-preview:-1\" \/>\n<link rel=\"canonical\" href=\"https:\/\/www.ersteprvaliga.hr\/plava-liga\/osnovna-skola-cavle-dominirala-na-erste-plavoj-ligi-u-rijeci\/\" \/>\n<meta property=\"og:locale\" content=\"hr_HR\" \/>\n<meta property=\"og:type\" content=\"article\" \/>\n<meta property=\"og:title\" content=\"Osnovna \u0161kola \u010cavle dominirala na Erste Plavoj ligi u Rijeci - Erste Plava Liga\" \/>\n<meta property=\"og:description\" content=\"Foto: EPL\/Pro Sport Erste Plava liga fenomenalan je projekt na koji i djeca koja mo\u017eda nikad ne bi sudjelovala na nekom atletskom natjecanju dolaze bez optere\u0107enja, ka\u017ee profesorica Bojana Kukec iz O\u0160 \u010cavle Kvalifikacije Erste Plave lige u Rijeci su uvijek me\u0111u najmasovnijima, pa je tako bilo i ovog puta. Na Kantridi se natjecalo 577 [&hellip;]\" \/>\n<meta property=\"og:url\" content=\"https:\/\/www.ersteprvaliga.hr\/plava-liga\/osnovna-skola-cavle-dominirala-na-erste-plavoj-ligi-u-rijeci\/\" \/>\n<meta property=\"og:site_name\" content=\"Erste Plava Liga\" \/>\n<meta property=\"article:published_time\" content=\"2024-05-15T11:43:38+00:00\" \/>\n<meta property=\"article:modified_time\" content=\"2024-05-15T12:41:35+00:00\" \/>\n<meta property=\"og:image\" content=\"https:\/\/www.ersteprvaliga.hr\/plava-liga\/wp-content\/uploads\/sites\/2\/2024\/05\/Foto11.jpg\" \/>\n\t<meta property=\"og:image:width\" content=\"1200\" \/>\n\t<meta property=\"og:image:height\" content=\"907\" \/>\n\t<meta property=\"og:image:type\" content=\"image\/jpeg\" \/>\n<meta name=\"author\" content=\"Marin \u0160arec\" \/>\n<meta name=\"twitter:card\" content=\"summary_large_image\" \/>\n<meta name=\"twitter:label1\" content=\"Napisao\/la\" \/>\n\t<meta name=\"twitter:data1\" content=\"Marin \u0160arec\" \/>\n\t<meta name=\"twitter:label2\" content=\"Procijenjeno vrijeme \u010ditanja\" \/>\n\t<meta name=\"twitter:data2\" content=\"2 minute\" \/>\n<script type=\"application\/ld+json\" class=\"yoast-schema-graph\">{\"@context\":\"https:\\\/\\\/schema.org\",\"@graph\":[{\"@type\":\"Article\",\"@id\":\"https:\\\/\\\/www.ersteprvaliga.hr\\\/plava-liga\\\/osnovna-skola-cavle-dominirala-na-erste-plavoj-ligi-u-rijeci\\\/#article\",\"isPartOf\":{\"@id\":\"https:\\\/\\\/www.ersteprvaliga.hr\\\/plava-liga\\\/osnovna-skola-cavle-dominirala-na-erste-plavoj-ligi-u-rijeci\\\/\"},\"author\":{\"name\":\"Marin \u0160arec\",\"@id\":\"https:\\\/\\\/www.ersteprvaliga.hr\\\/plava-liga\\\/#\\\/schema\\\/person\\\/b8a657cf6397e2c2e6b9f208d1f5cd0b\"},\"headline\":\"Osnovna \u0161kola \u010cavle dominirala na Erste Plavoj ligi u Rijeci\",\"datePublished\":\"2024-05-15T11:43:38+00:00\",\"dateModified\":\"2024-05-15T12:41:35+00:00\",\"mainEntityOfPage\":{\"@id\":\"https:\\\/\\\/www.ersteprvaliga.hr\\\/plava-liga\\\/osnovna-skola-cavle-dominirala-na-erste-plavoj-ligi-u-rijeci\\\/\"},\"wordCount\":444,\"commentCount\":0,\"publisher\":{\"@id\":\"https:\\\/\\\/www.ersteprvaliga.hr\\\/plava-liga\\\/#organization\"},\"image\":{\"@id\":\"https:\\\/\\\/www.ersteprvaliga.hr\\\/plava-liga\\\/osnovna-skola-cavle-dominirala-na-erste-plavoj-ligi-u-rijeci\\\/#primaryimage\"},\"thumbnailUrl\":\"https:\\\/\\\/www.ersteprvaliga.hr\\\/plava-liga\\\/wp-content\\\/uploads\\\/sites\\\/2\\\/2024\\\/05\\\/Foto11.jpg\",\"keywords\":[\"EPL2024\",\"Rijeka\"],\"articleSection\":[\"Vijesti\"],\"inLanguage\":\"hr\",\"potentialAction\":[{\"@type\":\"CommentAction\",\"name\":\"Comment\",\"target\":[\"https:\\\/\\\/www.ersteprvaliga.hr\\\/plava-liga\\\/osnovna-skola-cavle-dominirala-na-erste-plavoj-ligi-u-rijeci\\\/#respond\"]}]},{\"@type\":\"WebPage\",\"@id\":\"https:\\\/\\\/www.ersteprvaliga.hr\\\/plava-liga\\\/osnovna-skola-cavle-dominirala-na-erste-plavoj-ligi-u-rijeci\\\/\",\"url\":\"https:\\\/\\\/www.ersteprvaliga.hr\\\/plava-liga\\\/osnovna-skola-cavle-dominirala-na-erste-plavoj-ligi-u-rijeci\\\/\",\"name\":\"Osnovna \u0161kola \u010cavle dominirala na Erste Plavoj ligi u Rijeci - Erste Plava Liga\",\"isPartOf\":{\"@id\":\"https:\\\/\\\/www.ersteprvaliga.hr\\\/plava-liga\\\/#website\"},\"primaryImageOfPage\":{\"@id\":\"https:\\\/\\\/www.ersteprvaliga.hr\\\/plava-liga\\\/osnovna-skola-cavle-dominirala-na-erste-plavoj-ligi-u-rijeci\\\/#primaryimage\"},\"image\":{\"@id\":\"https:\\\/\\\/www.ersteprvaliga.hr\\\/plava-liga\\\/osnovna-skola-cavle-dominirala-na-erste-plavoj-ligi-u-rijeci\\\/#primaryimage\"},\"thumbnailUrl\":\"https:\\\/\\\/www.ersteprvaliga.hr\\\/plava-liga\\\/wp-content\\\/uploads\\\/sites\\\/2\\\/2024\\\/05\\\/Foto11.jpg\",\"datePublished\":\"2024-05-15T11:43:38+00:00\",\"dateModified\":\"2024-05-15T12:41:35+00:00\",\"breadcrumb\":{\"@id\":\"https:\\\/\\\/www.ersteprvaliga.hr\\\/plava-liga\\\/osnovna-skola-cavle-dominirala-na-erste-plavoj-ligi-u-rijeci\\\/#breadcrumb\"},\"inLanguage\":\"hr\",\"potentialAction\":[{\"@type\":\"ReadAction\",\"target\":[\"https:\\\/\\\/www.ersteprvaliga.hr\\\/plava-liga\\\/osnovna-skola-cavle-dominirala-na-erste-plavoj-ligi-u-rijeci\\\/\"]}]},{\"@type\":\"ImageObject\",\"inLanguage\":\"hr\",\"@id\":\"https:\\\/\\\/www.ersteprvaliga.hr\\\/plava-liga\\\/osnovna-skola-cavle-dominirala-na-erste-plavoj-ligi-u-rijeci\\\/#primaryimage\",\"url\":\"https:\\\/\\\/www.ersteprvaliga.hr\\\/plava-liga\\\/wp-content\\\/uploads\\\/sites\\\/2\\\/2024\\\/05\\\/Foto11.jpg\",\"contentUrl\":\"https:\\\/\\\/www.ersteprvaliga.hr\\\/plava-liga\\\/wp-content\\\/uploads\\\/sites\\\/2\\\/2024\\\/05\\\/Foto11.jpg\",\"width\":1200,\"height\":907},{\"@type\":\"BreadcrumbList\",\"@id\":\"https:\\\/\\\/www.ersteprvaliga.hr\\\/plava-liga\\\/osnovna-skola-cavle-dominirala-na-erste-plavoj-ligi-u-rijeci\\\/#breadcrumb\",\"itemListElement\":[{\"@type\":\"ListItem\",\"position\":1,\"name\":\"Po\u010detna stranica\",\"item\":\"https:\\\/\\\/www.ersteprvaliga.hr\\\/plava-liga\\\/\"},{\"@type\":\"ListItem\",\"position\":2,\"name\":\"Osnovna \u0161kola \u010cavle dominirala na Erste Plavoj ligi u Rijeci\"}]},{\"@type\":\"WebSite\",\"@id\":\"https:\\\/\\\/www.ersteprvaliga.hr\\\/plava-liga\\\/#website\",\"url\":\"https:\\\/\\\/www.ersteprvaliga.hr\\\/plava-liga\\\/\",\"name\":\"Erste Plava Liga\",\"description\":\"\",\"publisher\":{\"@id\":\"https:\\\/\\\/www.ersteprvaliga.hr\\\/plava-liga\\\/#organization\"},\"potentialAction\":[{\"@type\":\"SearchAction\",\"target\":{\"@type\":\"EntryPoint\",\"urlTemplate\":\"https:\\\/\\\/www.ersteprvaliga.hr\\\/plava-liga\\\/?s={search_term_string}\"},\"query-input\":{\"@type\":\"PropertyValueSpecification\",\"valueRequired\":true,\"valueName\":\"search_term_string\"}}],\"inLanguage\":\"hr\"},{\"@type\":\"Organization\",\"@id\":\"https:\\\/\\\/www.ersteprvaliga.hr\\\/plava-liga\\\/#organization\",\"name\":\"Erste Plava Liga\",\"url\":\"https:\\\/\\\/www.ersteprvaliga.hr\\\/plava-liga\\\/\",\"logo\":{\"@type\":\"ImageObject\",\"inLanguage\":\"hr\",\"@id\":\"https:\\\/\\\/www.ersteprvaliga.hr\\\/plava-liga\\\/#\\\/schema\\\/logo\\\/image\\\/\",\"url\":\"https:\\\/\\\/www.ersteprvaliga.hr\\\/plava-liga\\\/wp-content\\\/uploads\\\/sites\\\/2\\\/2022\\\/03\\\/fb-share-plava-liga-1.jpg\",\"contentUrl\":\"https:\\\/\\\/www.ersteprvaliga.hr\\\/plava-liga\\\/wp-content\\\/uploads\\\/sites\\\/2\\\/2022\\\/03\\\/fb-share-plava-liga-1.jpg\",\"width\":1200,\"height\":630,\"caption\":\"Erste Plava Liga\"},\"image\":{\"@id\":\"https:\\\/\\\/www.ersteprvaliga.hr\\\/plava-liga\\\/#\\\/schema\\\/logo\\\/image\\\/\"}},{\"@type\":\"Person\",\"@id\":\"https:\\\/\\\/www.ersteprvaliga.hr\\\/plava-liga\\\/#\\\/schema\\\/person\\\/b8a657cf6397e2c2e6b9f208d1f5cd0b\",\"name\":\"Marin \u0160arec\",\"image\":{\"@type\":\"ImageObject\",\"inLanguage\":\"hr\",\"@id\":\"https:\\\/\\\/secure.gravatar.com\\\/avatar\\\/c9ead507faf6bb31e2ed98aeb1453bd75599faf65890726d60d6f206cc766d6d?s=96&d=mm&r=g\",\"url\":\"https:\\\/\\\/secure.gravatar.com\\\/avatar\\\/c9ead507faf6bb31e2ed98aeb1453bd75599faf65890726d60d6f206cc766d6d?s=96&d=mm&r=g\",\"contentUrl\":\"https:\\\/\\\/secure.gravatar.com\\\/avatar\\\/c9ead507faf6bb31e2ed98aeb1453bd75599faf65890726d60d6f206cc766d6d?s=96&d=mm&r=g\",\"caption\":\"Marin \u0160arec\"},\"url\":\"https:\\\/\\\/www.ersteprvaliga.hr\\\/plava-liga\\\/author\\\/marin_sarec\\\/\"}]}<\/script>\n<!-- \/ Yoast SEO plugin. -->","yoast_head_json":{"title":"Osnovna \u0161kola \u010cavle dominirala na Erste Plavoj ligi u Rijeci - Erste Plava Liga","robots":{"index":"index","follow":"follow","max-snippet":"max-snippet:-1","max-image-preview":"max-image-preview:large","max-video-preview":"max-video-preview:-1"},"canonical":"https:\/\/www.ersteprvaliga.hr\/plava-liga\/osnovna-skola-cavle-dominirala-na-erste-plavoj-ligi-u-rijeci\/","og_locale":"hr_HR","og_type":"article","og_title":"Osnovna \u0161kola \u010cavle dominirala na Erste Plavoj ligi u Rijeci - Erste Plava Liga","og_description":"Foto: EPL\/Pro Sport Erste Plava liga fenomenalan je projekt na koji i djeca koja mo\u017eda nikad ne bi sudjelovala na nekom atletskom natjecanju dolaze bez optere\u0107enja, ka\u017ee profesorica Bojana Kukec iz O\u0160 \u010cavle Kvalifikacije Erste Plave lige u Rijeci su uvijek me\u0111u najmasovnijima, pa je tako bilo i ovog puta. Na Kantridi se natjecalo 577 [&hellip;]","og_url":"https:\/\/www.ersteprvaliga.hr\/plava-liga\/osnovna-skola-cavle-dominirala-na-erste-plavoj-ligi-u-rijeci\/","og_site_name":"Erste Plava Liga","article_published_time":"2024-05-15T11:43:38+00:00","article_modified_time":"2024-05-15T12:41:35+00:00","og_image":[{"width":1200,"height":907,"url":"https:\/\/www.ersteprvaliga.hr\/plava-liga\/wp-content\/uploads\/sites\/2\/2024\/05\/Foto11.jpg","type":"image\/jpeg"}],"author":"Marin \u0160arec","twitter_card":"summary_large_image","twitter_misc":{"Napisao\/la":"Marin \u0160arec","Procijenjeno vrijeme \u010ditanja":"2 minute"},"schema":{"@context":"https:\/\/schema.org","@graph":[{"@type":"Article","@id":"https:\/\/www.ersteprvaliga.hr\/plava-liga\/osnovna-skola-cavle-dominirala-na-erste-plavoj-ligi-u-rijeci\/#article","isPartOf":{"@id":"https:\/\/www.ersteprvaliga.hr\/plava-liga\/osnovna-skola-cavle-dominirala-na-erste-plavoj-ligi-u-rijeci\/"},"author":{"name":"Marin \u0160arec","@id":"https:\/\/www.ersteprvaliga.hr\/plava-liga\/#\/schema\/person\/b8a657cf6397e2c2e6b9f208d1f5cd0b"},"headline":"Osnovna \u0161kola \u010cavle dominirala na Erste Plavoj ligi u Rijeci","datePublished":"2024-05-15T11:43:38+00:00","dateModified":"2024-05-15T12:41:35+00:00","mainEntityOfPage":{"@id":"https:\/\/www.ersteprvaliga.hr\/plava-liga\/osnovna-skola-cavle-dominirala-na-erste-plavoj-ligi-u-rijeci\/"},"wordCount":444,"commentCount":0,"publisher":{"@id":"https:\/\/www.ersteprvaliga.hr\/plava-liga\/#organization"},"image":{"@id":"https:\/\/www.ersteprvaliga.hr\/plava-liga\/osnovna-skola-cavle-dominirala-na-erste-plavoj-ligi-u-rijeci\/#primaryimage"},"thumbnailUrl":"https:\/\/www.ersteprvaliga.hr\/plava-liga\/wp-content\/uploads\/sites\/2\/2024\/05\/Foto11.jpg","keywords":["EPL2024","Rijeka"],"articleSection":["Vijesti"],"inLanguage":"hr","potentialAction":[{"@type":"CommentAction","name":"Comment","target":["https:\/\/www.ersteprvaliga.hr\/plava-liga\/osnovna-skola-cavle-dominirala-na-erste-plavoj-ligi-u-rijeci\/#respond"]}]},{"@type":"WebPage","@id":"https:\/\/www.ersteprvaliga.hr\/plava-liga\/osnovna-skola-cavle-dominirala-na-erste-plavoj-ligi-u-rijeci\/","url":"https:\/\/www.ersteprvaliga.hr\/plava-liga\/osnovna-skola-cavle-dominirala-na-erste-plavoj-ligi-u-rijeci\/","name":"Osnovna \u0161kola \u010cavle dominirala na Erste Plavoj ligi u Rijeci - Erste Plava Liga","isPartOf":{"@id":"https:\/\/www.ersteprvaliga.hr\/plava-liga\/#website"},"primaryImageOfPage":{"@id":"https:\/\/www.ersteprvaliga.hr\/plava-liga\/osnovna-skola-cavle-dominirala-na-erste-plavoj-ligi-u-rijeci\/#primaryimage"},"image":{"@id":"https:\/\/www.ersteprvaliga.hr\/plava-liga\/osnovna-skola-cavle-dominirala-na-erste-plavoj-ligi-u-rijeci\/#primaryimage"},"thumbnailUrl":"https:\/\/www.ersteprvaliga.hr\/plava-liga\/wp-content\/uploads\/sites\/2\/2024\/05\/Foto11.jpg","datePublished":"2024-05-15T11:43:38+00:00","dateModified":"2024-05-15T12:41:35+00:00","breadcrumb":{"@id":"https:\/\/www.ersteprvaliga.hr\/plava-liga\/osnovna-skola-cavle-dominirala-na-erste-plavoj-ligi-u-rijeci\/#breadcrumb"},"inLanguage":"hr","potentialAction":[{"@type":"ReadAction","target":["https:\/\/www.ersteprvaliga.hr\/plava-liga\/osnovna-skola-cavle-dominirala-na-erste-plavoj-ligi-u-rijeci\/"]}]},{"@type":"ImageObject","inLanguage":"hr","@id":"https:\/\/www.ersteprvaliga.hr\/plava-liga\/osnovna-skola-cavle-dominirala-na-erste-plavoj-ligi-u-rijeci\/#primaryimage","url":"https:\/\/www.ersteprvaliga.hr\/plava-liga\/wp-content\/uploads\/sites\/2\/2024\/05\/Foto11.jpg","contentUrl":"https:\/\/www.ersteprvaliga.hr\/plava-liga\/wp-content\/uploads\/sites\/2\/2024\/05\/Foto11.jpg","width":1200,"height":907},{"@type":"BreadcrumbList","@id":"https:\/\/www.ersteprvaliga.hr\/plava-liga\/osnovna-skola-cavle-dominirala-na-erste-plavoj-ligi-u-rijeci\/#breadcrumb","itemListElement":[{"@type":"ListItem","position":1,"name":"Po\u010detna stranica","item":"https:\/\/www.ersteprvaliga.hr\/plava-liga\/"},{"@type":"ListItem","position":2,"name":"Osnovna \u0161kola \u010cavle dominirala na Erste Plavoj ligi u Rijeci"}]},{"@type":"WebSite","@id":"https:\/\/www.ersteprvaliga.hr\/plava-liga\/#website","url":"https:\/\/www.ersteprvaliga.hr\/plava-liga\/","name":"Erste Plava Liga","description":"","publisher":{"@id":"https:\/\/www.ersteprvaliga.hr\/plava-liga\/#organization"},"potentialAction":[{"@type":"SearchAction","target":{"@type":"EntryPoint","urlTemplate":"https:\/\/www.ersteprvaliga.hr\/plava-liga\/?s={search_term_string}"},"query-input":{"@type":"PropertyValueSpecification","valueRequired":true,"valueName":"search_term_string"}}],"inLanguage":"hr"},{"@type":"Organization","@id":"https:\/\/www.ersteprvaliga.hr\/plava-liga\/#organization","name":"Erste Plava Liga","url":"https:\/\/www.ersteprvaliga.hr\/plava-liga\/","logo":{"@type":"ImageObject","inLanguage":"hr","@id":"https:\/\/www.ersteprvaliga.hr\/plava-liga\/#\/schema\/logo\/image\/","url":"https:\/\/www.ersteprvaliga.hr\/plava-liga\/wp-content\/uploads\/sites\/2\/2022\/03\/fb-share-plava-liga-1.jpg","contentUrl":"https:\/\/www.ersteprvaliga.hr\/plava-liga\/wp-content\/uploads\/sites\/2\/2022\/03\/fb-share-plava-liga-1.jpg","width":1200,"height":630,"caption":"Erste Plava Liga"},"image":{"@id":"https:\/\/www.ersteprvaliga.hr\/plava-liga\/#\/schema\/logo\/image\/"}},{"@type":"Person","@id":"https:\/\/www.ersteprvaliga.hr\/plava-liga\/#\/schema\/person\/b8a657cf6397e2c2e6b9f208d1f5cd0b","name":"Marin \u0160arec","image":{"@type":"ImageObject","inLanguage":"hr","@id":"https:\/\/secure.gravatar.com\/avatar\/c9ead507faf6bb31e2ed98aeb1453bd75599faf65890726d60d6f206cc766d6d?s=96&d=mm&r=g","url":"https:\/\/secure.gravatar.com\/avatar\/c9ead507faf6bb31e2ed98aeb1453bd75599faf65890726d60d6f206cc766d6d?s=96&d=mm&r=g","contentUrl":"https:\/\/secure.gravatar.com\/avatar\/c9ead507faf6bb31e2ed98aeb1453bd75599faf65890726d60d6f206cc766d6d?s=96&d=mm&r=g","caption":"Marin \u0160arec"},"url":"https:\/\/www.ersteprvaliga.hr\/plava-liga\/author\/marin_sarec\/"}]}},"_links":{"self":[{"href":"https:\/\/www.ersteprvaliga.hr\/plava-liga\/wp-json\/wp\/v2\/posts\/7975","targetHints":{"allow":["GET"]}}],"collection":[{"href":"https:\/\/www.ersteprvaliga.hr\/plava-liga\/wp-json\/wp\/v2\/posts"}],"about":[{"href":"https:\/\/www.ersteprvaliga.hr\/plava-liga\/wp-json\/wp\/v2\/types\/post"}],"author":[{"embeddable":true,"href":"https:\/\/www.ersteprvaliga.hr\/plava-liga\/wp-json\/wp\/v2\/users\/2581"}],"replies":[{"embeddable":true,"href":"https:\/\/www.ersteprvaliga.hr\/plava-liga\/wp-json\/wp\/v2\/comments?post=7975"}],"version-history":[{"count":2,"href":"https:\/\/www.ersteprvaliga.hr\/plava-liga\/wp-json\/wp\/v2\/posts\/7975\/revisions"}],"predecessor-version":[{"id":8140,"href":"https:\/\/www.ersteprvaliga.hr\/plava-liga\/wp-json\/wp\/v2\/posts\/7975\/revisions\/8140"}],"wp:featuredmedia":[{"embeddable":true,"href":"https:\/\/www.ersteprvaliga.hr\/plava-liga\/wp-json\/wp\/v2\/media\/7976"}],"wp:attachment":[{"href":"https:\/\/www.ersteprvaliga.hr\/plava-liga\/wp-json\/wp\/v2\/media?parent=7975"}],"wp:term":[{"taxonomy":"category","embeddable":true,"href":"https:\/\/www.ersteprvaliga.hr\/plava-liga\/wp-json\/wp\/v2\/categories?post=7975"},{"taxonomy":"post_tag","embeddable":true,"href":"https:\/\/www.ersteprvaliga.hr\/plava-liga\/wp-json\/wp\/v2\/tags?post=7975"}],"curies":[{"name":"wp","href":"https:\/\/api.w.org\/{rel}","templated":true}]}}