{"id":4060,"date":"2022-05-20T11:27:46","date_gmt":"2022-05-20T09:27:46","guid":{"rendered":"https:\/\/www.ersteprvaliga.hr\/plava-liga\/?p=4060"},"modified":"2022-05-20T11:27:47","modified_gmt":"2022-05-20T09:27:47","slug":"iva-florjancic-erste-plava-liga-je-postala-brend","status":"publish","type":"post","link":"https:\/\/www.ersteprvaliga.hr\/plava-liga\/iva-florjancic-erste-plava-liga-je-postala-brend\/","title":{"rendered":"Iva Florjan\u010di\u010d: \u201eErste Plava liga je postala brend\u201c"},"content":{"rendered":"\n<blockquote class=\"wp-block-quote is-layout-flow wp-block-quote-is-layout-flow\"><p><em>\u201e\u0160kole prepoznaju ovo natjecanje kao ne\u0161to dobro, svrhovito i njima jako va\u017eno. Mo\u017eemo re\u0107i da su se sve \u0161kole koje djeluju na na\u0161em podru\u010dju uklju\u010dile u ovaj projekt\u201c, ka\u017ee direktorica AK Kvarner<\/em><\/p><\/blockquote>\n\n\n\n<p class=\"has-drop-cap wp-block-paragraph\"><strong>Netko je rekao da Erste Plava liga ove godine \u201egori\u201c i to u ovom slu\u010daju nije tek simpati\u010dna fraza. Iz tjedna u tjedan svjedo\u010dimo odli\u010dnim atletskim natjecanjima \u0161kolaraca u gradovima diljem Hrvatske, a kvalifikacije u Rijeci su jo\u0161 malo podigle ionako ve\u0107 visoko postavljenu letvicu.<\/strong><\/p>\n\n\n\n<p class=\"wp-block-paragraph\">Na kultnom stadionu Kantrida nastupilo je 820 djece iz 38 \u0161kola Primorsko-goranske \u017eupanije, a i na borili\u0161tima i na punim tribinama ozra\u010dje je bilo kao na velikim atletskim natjecanjima. Najboljom je progla\u0161ena Osnovna \u0161kola \u010cavle iz koje se natjecao \u010dak 171 \u0161kolarac.<\/p>\n\n\n\n<p class=\"wp-block-paragraph\">Natjecanje je pa\u017eljivo pratio i <strong>Luciano Su\u0161anj<\/strong>, biv\u0161i europski prvak i jo\u0161 uvijek hrvatski rekorder na 800 metara Lucian.<\/p>\n\n\n\n<p class=\"wp-block-paragraph\">\u201eMoja prva utrka je bila na 600 metara upravo na jednom sli\u010dnom \u0161kolskom natjecanju. Bio sam drugi, iza <strong>Miljenka Raka<\/strong>. Sada mi ovdje nastupaju dvije unuke. Starija tr\u010di na 60 metara i baca kuglu, a ina\u010de trenira rukomet\u201c, rekao je Su\u0161anj \u201ekriti\u010dki\u201c komentiraju\u0107i nastup svoje unuke, na \u0161to je dobio britak odgovor: \u201eNisam kao ti, pa \u0161ta!\u201c<\/p>\n\n\n\n<p class=\"wp-block-paragraph\">Luciano Su\u0161anj je i predsjednik atletskog kluba Kvarner koji je organizator Erste Plave lige u Rijeci. Direktorica kluba i koordinatorica lige za Rijeku je <strong>Iva Florjan\u010di\u010d<\/strong> koja ima vrlo jednostavno obja\u0161njenje za velik uspjeh Erste Plave lige u njezinom gradu i \u017eupaniji.<\/p>\n\n\n\n<p class=\"wp-block-paragraph\">\u201eKlju\u010dna je dobra suradnja sa \u0161kolama i prepoznatljivost Erste Plave lige ne samo u Rijeci, nego op\u0107enito. Erste Plava liga je postala brend i to je ono \u0161to \u0161kole prepoznaju kao ne\u0161to dobro, svrhovito i njima jako va\u017eno. Mo\u017eemo re\u0107i da su se sve \u0161kole koje djeluju na na\u0161em podru\u010dju uklju\u010dile u ovaj projekt. Nama je Erste Plava liga u\u0161la u kurikulum i profesori nam sami dovode svoje u\u010denice i u\u010denike. I danas smo imali devet autobusa djece izvan Rijeke. Ovo je natjecanje koje promovira sport, koje djeci otvara vrata sporta i imamo podatke da mnoga djeca nakon Erste Plave lige i ostanu u sportu, ne nu\u017eno u atletici. Mogu, me\u0111utim, re\u0107i da ih je dosta do\u0161lo i kod nas u AK Kvarner. Zato smo i prepoznati od svih sportskih institucija u gradu i \u017eupaniji i svi nam poma\u017eu da to natjecanje \u0161to vi\u0161e razvijemo. Mo\u017eda zato kod nas brojke nisu tako alarmantne kao u ostatku Hrvatske gdje, eto, bilje\u017eimo gubitak od 30 tisu\u0107a sporta\u0161a u posljednje \u010detiri godine\u201c, ka\u017ee Iva Florjan\u010di\u010d.<\/p>\n\n\n\n<p class=\"wp-block-paragraph\">Za sve navedeno uvelike su zaslu\u017eni i sjajni uvjeti koje atleti\u010dari imaju u Rijeci.<\/p>\n\n\n\n<p class=\"wp-block-paragraph\">\u201eRije\u010dka atletika ima zasigurno najbolje uvijete u Hrvatskoj. Imamo na raspolaganju stadion koji nogomet skoro vi\u0161e uop\u0107e ne koristi, imamo atletsku dvoranu, imamo i pla\u017ee na kojima tako\u0111er mo\u017eemo odraditi dio treninga. Sva djeca koja do\u0111u u atletiku dobivaju kod nas priliku ozbiljno se baviti sportom\u201c, zaklju\u010duje koordinatorica Erste Plave lige u Rijeci.<\/p>\n\n\n\n<p class=\"wp-block-paragraph\">Erste Plava liga nastavlja se sljede\u0107i tjedan kvalifikacijama u \u010cakovcu i Vukovaru.<\/p>\n","protected":false},"excerpt":{"rendered":"<p>\u201e\u0160kole prepoznaju ovo natjecanje kao ne\u0161to dobro, svrhovito i njima jako va\u017eno. Mo\u017eemo re\u0107i da su se sve \u0161kole koje djeluju na na\u0161em podru\u010dju uklju\u010dile u ovaj projekt\u201c, ka\u017ee direktorica AK Kvarner Netko je rekao da Erste Plava liga ove godine \u201egori\u201c i to u ovom slu\u010daju nije tek simpati\u010dna fraza. Iz tjedna u tjedan [&hellip;]<\/p>\n","protected":false},"author":4867,"featured_media":4061,"comment_status":"open","ping_status":"open","sticky":false,"template":"","format":"standard","meta":{"footnotes":""},"categories":[11],"tags":[47,58,57],"class_list":["post-4060","post","type-post","status-publish","format-standard","has-post-thumbnail","hentry","category-vijesti","tag-erste-plava-liga-2022","tag-iva-florjancic","tag-rijeka"],"yoast_head":"<!-- This site is optimized with the Yoast SEO plugin v28.3 - https:\/\/yoast.com\/product\/yoast-seo-wordpress\/ -->\n<title>Iva Florjan\u010di\u010d: \u201eErste Plava liga je postala brend\u201c - Erste Plava Liga<\/title>\n<meta name=\"robots\" content=\"index, follow, max-snippet:-1, max-image-preview:large, max-video-preview:-1\" \/>\n<link rel=\"canonical\" href=\"https:\/\/www.ersteprvaliga.hr\/plava-liga\/iva-florjancic-erste-plava-liga-je-postala-brend\/\" \/>\n<meta property=\"og:locale\" content=\"hr_HR\" \/>\n<meta property=\"og:type\" content=\"article\" \/>\n<meta property=\"og:title\" content=\"Iva Florjan\u010di\u010d: \u201eErste Plava liga je postala brend\u201c - Erste Plava Liga\" \/>\n<meta property=\"og:description\" content=\"\u201e\u0160kole prepoznaju ovo natjecanje kao ne\u0161to dobro, svrhovito i njima jako va\u017eno. Mo\u017eemo re\u0107i da su se sve \u0161kole koje djeluju na na\u0161em podru\u010dju uklju\u010dile u ovaj projekt\u201c, ka\u017ee direktorica AK Kvarner Netko je rekao da Erste Plava liga ove godine \u201egori\u201c i to u ovom slu\u010daju nije tek simpati\u010dna fraza. Iz tjedna u tjedan [&hellip;]\" \/>\n<meta property=\"og:url\" content=\"https:\/\/www.ersteprvaliga.hr\/plava-liga\/iva-florjancic-erste-plava-liga-je-postala-brend\/\" \/>\n<meta property=\"og:site_name\" content=\"Erste Plava Liga\" \/>\n<meta property=\"article:published_time\" content=\"2022-05-20T09:27:46+00:00\" \/>\n<meta property=\"article:modified_time\" content=\"2022-05-20T09:27:47+00:00\" \/>\n<meta property=\"og:image\" content=\"https:\/\/www.ersteprvaliga.hr\/plava-liga\/wp-content\/uploads\/sites\/2\/2022\/05\/Rijeka-EPL22-0519-10.jpg\" \/>\n\t<meta property=\"og:image:width\" content=\"1181\" \/>\n\t<meta property=\"og:image:height\" content=\"827\" \/>\n\t<meta property=\"og:image:type\" content=\"image\/jpeg\" \/>\n<meta name=\"author\" content=\"Marin\" \/>\n<meta name=\"twitter:card\" content=\"summary_large_image\" \/>\n<meta name=\"twitter:label1\" content=\"Napisao\/la\" \/>\n\t<meta name=\"twitter:data1\" content=\"Marin\" \/>\n\t<meta name=\"twitter:label2\" content=\"Procijenjeno vrijeme \u010ditanja\" \/>\n\t<meta name=\"twitter:data2\" content=\"3 minute\" \/>\n<script type=\"application\/ld+json\" class=\"yoast-schema-graph\">{\"@context\":\"https:\\\/\\\/schema.org\",\"@graph\":[{\"@type\":\"Article\",\"@id\":\"https:\\\/\\\/www.ersteprvaliga.hr\\\/plava-liga\\\/iva-florjancic-erste-plava-liga-je-postala-brend\\\/#article\",\"isPartOf\":{\"@id\":\"https:\\\/\\\/www.ersteprvaliga.hr\\\/plava-liga\\\/iva-florjancic-erste-plava-liga-je-postala-brend\\\/\"},\"author\":{\"name\":\"Marin\",\"@id\":\"https:\\\/\\\/www.ersteprvaliga.hr\\\/plava-liga\\\/#\\\/schema\\\/person\\\/368b0abcd32dabf962d104fdfebda713\"},\"headline\":\"Iva Florjan\u010di\u010d: \u201eErste Plava liga je postala brend\u201c\",\"datePublished\":\"2022-05-20T09:27:46+00:00\",\"dateModified\":\"2022-05-20T09:27:47+00:00\",\"mainEntityOfPage\":{\"@id\":\"https:\\\/\\\/www.ersteprvaliga.hr\\\/plava-liga\\\/iva-florjancic-erste-plava-liga-je-postala-brend\\\/\"},\"wordCount\":552,\"commentCount\":0,\"publisher\":{\"@id\":\"https:\\\/\\\/www.ersteprvaliga.hr\\\/plava-liga\\\/#organization\"},\"image\":{\"@id\":\"https:\\\/\\\/www.ersteprvaliga.hr\\\/plava-liga\\\/iva-florjancic-erste-plava-liga-je-postala-brend\\\/#primaryimage\"},\"thumbnailUrl\":\"https:\\\/\\\/www.ersteprvaliga.hr\\\/plava-liga\\\/wp-content\\\/uploads\\\/sites\\\/2\\\/2022\\\/05\\\/Rijeka-EPL22-0519-10.jpg\",\"keywords\":[\"Erste Plava liga 2022\",\"Iva Florjan\u010di\u010d\",\"Rijeka\"],\"articleSection\":[\"Vijesti\"],\"inLanguage\":\"hr\",\"potentialAction\":[{\"@type\":\"CommentAction\",\"name\":\"Comment\",\"target\":[\"https:\\\/\\\/www.ersteprvaliga.hr\\\/plava-liga\\\/iva-florjancic-erste-plava-liga-je-postala-brend\\\/#respond\"]}]},{\"@type\":\"WebPage\",\"@id\":\"https:\\\/\\\/www.ersteprvaliga.hr\\\/plava-liga\\\/iva-florjancic-erste-plava-liga-je-postala-brend\\\/\",\"url\":\"https:\\\/\\\/www.ersteprvaliga.hr\\\/plava-liga\\\/iva-florjancic-erste-plava-liga-je-postala-brend\\\/\",\"name\":\"Iva Florjan\u010di\u010d: \u201eErste Plava liga je postala brend\u201c - Erste Plava Liga\",\"isPartOf\":{\"@id\":\"https:\\\/\\\/www.ersteprvaliga.hr\\\/plava-liga\\\/#website\"},\"primaryImageOfPage\":{\"@id\":\"https:\\\/\\\/www.ersteprvaliga.hr\\\/plava-liga\\\/iva-florjancic-erste-plava-liga-je-postala-brend\\\/#primaryimage\"},\"image\":{\"@id\":\"https:\\\/\\\/www.ersteprvaliga.hr\\\/plava-liga\\\/iva-florjancic-erste-plava-liga-je-postala-brend\\\/#primaryimage\"},\"thumbnailUrl\":\"https:\\\/\\\/www.ersteprvaliga.hr\\\/plava-liga\\\/wp-content\\\/uploads\\\/sites\\\/2\\\/2022\\\/05\\\/Rijeka-EPL22-0519-10.jpg\",\"datePublished\":\"2022-05-20T09:27:46+00:00\",\"dateModified\":\"2022-05-20T09:27:47+00:00\",\"breadcrumb\":{\"@id\":\"https:\\\/\\\/www.ersteprvaliga.hr\\\/plava-liga\\\/iva-florjancic-erste-plava-liga-je-postala-brend\\\/#breadcrumb\"},\"inLanguage\":\"hr\",\"potentialAction\":[{\"@type\":\"ReadAction\",\"target\":[\"https:\\\/\\\/www.ersteprvaliga.hr\\\/plava-liga\\\/iva-florjancic-erste-plava-liga-je-postala-brend\\\/\"]}]},{\"@type\":\"ImageObject\",\"inLanguage\":\"hr\",\"@id\":\"https:\\\/\\\/www.ersteprvaliga.hr\\\/plava-liga\\\/iva-florjancic-erste-plava-liga-je-postala-brend\\\/#primaryimage\",\"url\":\"https:\\\/\\\/www.ersteprvaliga.hr\\\/plava-liga\\\/wp-content\\\/uploads\\\/sites\\\/2\\\/2022\\\/05\\\/Rijeka-EPL22-0519-10.jpg\",\"contentUrl\":\"https:\\\/\\\/www.ersteprvaliga.hr\\\/plava-liga\\\/wp-content\\\/uploads\\\/sites\\\/2\\\/2022\\\/05\\\/Rijeka-EPL22-0519-10.jpg\",\"width\":1181,\"height\":827},{\"@type\":\"BreadcrumbList\",\"@id\":\"https:\\\/\\\/www.ersteprvaliga.hr\\\/plava-liga\\\/iva-florjancic-erste-plava-liga-je-postala-brend\\\/#breadcrumb\",\"itemListElement\":[{\"@type\":\"ListItem\",\"position\":1,\"name\":\"Po\u010detna stranica\",\"item\":\"https:\\\/\\\/www.ersteprvaliga.hr\\\/plava-liga\\\/\"},{\"@type\":\"ListItem\",\"position\":2,\"name\":\"Iva Florjan\u010di\u010d: \u201eErste Plava liga je postala brend\u201c\"}]},{\"@type\":\"WebSite\",\"@id\":\"https:\\\/\\\/www.ersteprvaliga.hr\\\/plava-liga\\\/#website\",\"url\":\"https:\\\/\\\/www.ersteprvaliga.hr\\\/plava-liga\\\/\",\"name\":\"Erste Plava Liga\",\"description\":\"\",\"publisher\":{\"@id\":\"https:\\\/\\\/www.ersteprvaliga.hr\\\/plava-liga\\\/#organization\"},\"potentialAction\":[{\"@type\":\"SearchAction\",\"target\":{\"@type\":\"EntryPoint\",\"urlTemplate\":\"https:\\\/\\\/www.ersteprvaliga.hr\\\/plava-liga\\\/?s={search_term_string}\"},\"query-input\":{\"@type\":\"PropertyValueSpecification\",\"valueRequired\":true,\"valueName\":\"search_term_string\"}}],\"inLanguage\":\"hr\"},{\"@type\":\"Organization\",\"@id\":\"https:\\\/\\\/www.ersteprvaliga.hr\\\/plava-liga\\\/#organization\",\"name\":\"Erste Plava Liga\",\"url\":\"https:\\\/\\\/www.ersteprvaliga.hr\\\/plava-liga\\\/\",\"logo\":{\"@type\":\"ImageObject\",\"inLanguage\":\"hr\",\"@id\":\"https:\\\/\\\/www.ersteprvaliga.hr\\\/plava-liga\\\/#\\\/schema\\\/logo\\\/image\\\/\",\"url\":\"https:\\\/\\\/www.ersteprvaliga.hr\\\/plava-liga\\\/wp-content\\\/uploads\\\/sites\\\/2\\\/2022\\\/03\\\/fb-share-plava-liga-1.jpg\",\"contentUrl\":\"https:\\\/\\\/www.ersteprvaliga.hr\\\/plava-liga\\\/wp-content\\\/uploads\\\/sites\\\/2\\\/2022\\\/03\\\/fb-share-plava-liga-1.jpg\",\"width\":1200,\"height\":630,\"caption\":\"Erste Plava Liga\"},\"image\":{\"@id\":\"https:\\\/\\\/www.ersteprvaliga.hr\\\/plava-liga\\\/#\\\/schema\\\/logo\\\/image\\\/\"}},{\"@type\":\"Person\",\"@id\":\"https:\\\/\\\/www.ersteprvaliga.hr\\\/plava-liga\\\/#\\\/schema\\\/person\\\/368b0abcd32dabf962d104fdfebda713\",\"name\":\"Marin\",\"image\":{\"@type\":\"ImageObject\",\"inLanguage\":\"hr\",\"@id\":\"https:\\\/\\\/secure.gravatar.com\\\/avatar\\\/e632f4f7eb4b34fdb92c6fcc7e0a33284049b281ccd804e4faa22f85903127b9?s=96&d=mm&r=g\",\"url\":\"https:\\\/\\\/secure.gravatar.com\\\/avatar\\\/e632f4f7eb4b34fdb92c6fcc7e0a33284049b281ccd804e4faa22f85903127b9?s=96&d=mm&r=g\",\"contentUrl\":\"https:\\\/\\\/secure.gravatar.com\\\/avatar\\\/e632f4f7eb4b34fdb92c6fcc7e0a33284049b281ccd804e4faa22f85903127b9?s=96&d=mm&r=g\",\"caption\":\"Marin\"},\"url\":\"https:\\\/\\\/www.ersteprvaliga.hr\\\/plava-liga\\\/author\\\/marin2\\\/\"}]}<\/script>\n<!-- \/ Yoast SEO plugin. -->","yoast_head_json":{"title":"Iva Florjan\u010di\u010d: \u201eErste Plava liga je postala brend\u201c - Erste Plava Liga","robots":{"index":"index","follow":"follow","max-snippet":"max-snippet:-1","max-image-preview":"max-image-preview:large","max-video-preview":"max-video-preview:-1"},"canonical":"https:\/\/www.ersteprvaliga.hr\/plava-liga\/iva-florjancic-erste-plava-liga-je-postala-brend\/","og_locale":"hr_HR","og_type":"article","og_title":"Iva Florjan\u010di\u010d: \u201eErste Plava liga je postala brend\u201c - Erste Plava Liga","og_description":"\u201e\u0160kole prepoznaju ovo natjecanje kao ne\u0161to dobro, svrhovito i njima jako va\u017eno. Mo\u017eemo re\u0107i da su se sve \u0161kole koje djeluju na na\u0161em podru\u010dju uklju\u010dile u ovaj projekt\u201c, ka\u017ee direktorica AK Kvarner Netko je rekao da Erste Plava liga ove godine \u201egori\u201c i to u ovom slu\u010daju nije tek simpati\u010dna fraza. Iz tjedna u tjedan [&hellip;]","og_url":"https:\/\/www.ersteprvaliga.hr\/plava-liga\/iva-florjancic-erste-plava-liga-je-postala-brend\/","og_site_name":"Erste Plava Liga","article_published_time":"2022-05-20T09:27:46+00:00","article_modified_time":"2022-05-20T09:27:47+00:00","og_image":[{"width":1181,"height":827,"url":"https:\/\/www.ersteprvaliga.hr\/plava-liga\/wp-content\/uploads\/sites\/2\/2022\/05\/Rijeka-EPL22-0519-10.jpg","type":"image\/jpeg"}],"author":"Marin","twitter_card":"summary_large_image","twitter_misc":{"Napisao\/la":"Marin","Procijenjeno vrijeme \u010ditanja":"3 minute"},"schema":{"@context":"https:\/\/schema.org","@graph":[{"@type":"Article","@id":"https:\/\/www.ersteprvaliga.hr\/plava-liga\/iva-florjancic-erste-plava-liga-je-postala-brend\/#article","isPartOf":{"@id":"https:\/\/www.ersteprvaliga.hr\/plava-liga\/iva-florjancic-erste-plava-liga-je-postala-brend\/"},"author":{"name":"Marin","@id":"https:\/\/www.ersteprvaliga.hr\/plava-liga\/#\/schema\/person\/368b0abcd32dabf962d104fdfebda713"},"headline":"Iva Florjan\u010di\u010d: \u201eErste Plava liga je postala brend\u201c","datePublished":"2022-05-20T09:27:46+00:00","dateModified":"2022-05-20T09:27:47+00:00","mainEntityOfPage":{"@id":"https:\/\/www.ersteprvaliga.hr\/plava-liga\/iva-florjancic-erste-plava-liga-je-postala-brend\/"},"wordCount":552,"commentCount":0,"publisher":{"@id":"https:\/\/www.ersteprvaliga.hr\/plava-liga\/#organization"},"image":{"@id":"https:\/\/www.ersteprvaliga.hr\/plava-liga\/iva-florjancic-erste-plava-liga-je-postala-brend\/#primaryimage"},"thumbnailUrl":"https:\/\/www.ersteprvaliga.hr\/plava-liga\/wp-content\/uploads\/sites\/2\/2022\/05\/Rijeka-EPL22-0519-10.jpg","keywords":["Erste Plava liga 2022","Iva Florjan\u010di\u010d","Rijeka"],"articleSection":["Vijesti"],"inLanguage":"hr","potentialAction":[{"@type":"CommentAction","name":"Comment","target":["https:\/\/www.ersteprvaliga.hr\/plava-liga\/iva-florjancic-erste-plava-liga-je-postala-brend\/#respond"]}]},{"@type":"WebPage","@id":"https:\/\/www.ersteprvaliga.hr\/plava-liga\/iva-florjancic-erste-plava-liga-je-postala-brend\/","url":"https:\/\/www.ersteprvaliga.hr\/plava-liga\/iva-florjancic-erste-plava-liga-je-postala-brend\/","name":"Iva Florjan\u010di\u010d: \u201eErste Plava liga je postala brend\u201c - Erste Plava Liga","isPartOf":{"@id":"https:\/\/www.ersteprvaliga.hr\/plava-liga\/#website"},"primaryImageOfPage":{"@id":"https:\/\/www.ersteprvaliga.hr\/plava-liga\/iva-florjancic-erste-plava-liga-je-postala-brend\/#primaryimage"},"image":{"@id":"https:\/\/www.ersteprvaliga.hr\/plava-liga\/iva-florjancic-erste-plava-liga-je-postala-brend\/#primaryimage"},"thumbnailUrl":"https:\/\/www.ersteprvaliga.hr\/plava-liga\/wp-content\/uploads\/sites\/2\/2022\/05\/Rijeka-EPL22-0519-10.jpg","datePublished":"2022-05-20T09:27:46+00:00","dateModified":"2022-05-20T09:27:47+00:00","breadcrumb":{"@id":"https:\/\/www.ersteprvaliga.hr\/plava-liga\/iva-florjancic-erste-plava-liga-je-postala-brend\/#breadcrumb"},"inLanguage":"hr","potentialAction":[{"@type":"ReadAction","target":["https:\/\/www.ersteprvaliga.hr\/plava-liga\/iva-florjancic-erste-plava-liga-je-postala-brend\/"]}]},{"@type":"ImageObject","inLanguage":"hr","@id":"https:\/\/www.ersteprvaliga.hr\/plava-liga\/iva-florjancic-erste-plava-liga-je-postala-brend\/#primaryimage","url":"https:\/\/www.ersteprvaliga.hr\/plava-liga\/wp-content\/uploads\/sites\/2\/2022\/05\/Rijeka-EPL22-0519-10.jpg","contentUrl":"https:\/\/www.ersteprvaliga.hr\/plava-liga\/wp-content\/uploads\/sites\/2\/2022\/05\/Rijeka-EPL22-0519-10.jpg","width":1181,"height":827},{"@type":"BreadcrumbList","@id":"https:\/\/www.ersteprvaliga.hr\/plava-liga\/iva-florjancic-erste-plava-liga-je-postala-brend\/#breadcrumb","itemListElement":[{"@type":"ListItem","position":1,"name":"Po\u010detna stranica","item":"https:\/\/www.ersteprvaliga.hr\/plava-liga\/"},{"@type":"ListItem","position":2,"name":"Iva Florjan\u010di\u010d: \u201eErste Plava liga je postala brend\u201c"}]},{"@type":"WebSite","@id":"https:\/\/www.ersteprvaliga.hr\/plava-liga\/#website","url":"https:\/\/www.ersteprvaliga.hr\/plava-liga\/","name":"Erste Plava Liga","description":"","publisher":{"@id":"https:\/\/www.ersteprvaliga.hr\/plava-liga\/#organization"},"potentialAction":[{"@type":"SearchAction","target":{"@type":"EntryPoint","urlTemplate":"https:\/\/www.ersteprvaliga.hr\/plava-liga\/?s={search_term_string}"},"query-input":{"@type":"PropertyValueSpecification","valueRequired":true,"valueName":"search_term_string"}}],"inLanguage":"hr"},{"@type":"Organization","@id":"https:\/\/www.ersteprvaliga.hr\/plava-liga\/#organization","name":"Erste Plava Liga","url":"https:\/\/www.ersteprvaliga.hr\/plava-liga\/","logo":{"@type":"ImageObject","inLanguage":"hr","@id":"https:\/\/www.ersteprvaliga.hr\/plava-liga\/#\/schema\/logo\/image\/","url":"https:\/\/www.ersteprvaliga.hr\/plava-liga\/wp-content\/uploads\/sites\/2\/2022\/03\/fb-share-plava-liga-1.jpg","contentUrl":"https:\/\/www.ersteprvaliga.hr\/plava-liga\/wp-content\/uploads\/sites\/2\/2022\/03\/fb-share-plava-liga-1.jpg","width":1200,"height":630,"caption":"Erste Plava Liga"},"image":{"@id":"https:\/\/www.ersteprvaliga.hr\/plava-liga\/#\/schema\/logo\/image\/"}},{"@type":"Person","@id":"https:\/\/www.ersteprvaliga.hr\/plava-liga\/#\/schema\/person\/368b0abcd32dabf962d104fdfebda713","name":"Marin","image":{"@type":"ImageObject","inLanguage":"hr","@id":"https:\/\/secure.gravatar.com\/avatar\/e632f4f7eb4b34fdb92c6fcc7e0a33284049b281ccd804e4faa22f85903127b9?s=96&d=mm&r=g","url":"https:\/\/secure.gravatar.com\/avatar\/e632f4f7eb4b34fdb92c6fcc7e0a33284049b281ccd804e4faa22f85903127b9?s=96&d=mm&r=g","contentUrl":"https:\/\/secure.gravatar.com\/avatar\/e632f4f7eb4b34fdb92c6fcc7e0a33284049b281ccd804e4faa22f85903127b9?s=96&d=mm&r=g","caption":"Marin"},"url":"https:\/\/www.ersteprvaliga.hr\/plava-liga\/author\/marin2\/"}]}},"_links":{"self":[{"href":"https:\/\/www.ersteprvaliga.hr\/plava-liga\/wp-json\/wp\/v2\/posts\/4060","targetHints":{"allow":["GET"]}}],"collection":[{"href":"https:\/\/www.ersteprvaliga.hr\/plava-liga\/wp-json\/wp\/v2\/posts"}],"about":[{"href":"https:\/\/www.ersteprvaliga.hr\/plava-liga\/wp-json\/wp\/v2\/types\/post"}],"author":[{"embeddable":true,"href":"https:\/\/www.ersteprvaliga.hr\/plava-liga\/wp-json\/wp\/v2\/users\/4867"}],"replies":[{"embeddable":true,"href":"https:\/\/www.ersteprvaliga.hr\/plava-liga\/wp-json\/wp\/v2\/comments?post=4060"}],"version-history":[{"count":1,"href":"https:\/\/www.ersteprvaliga.hr\/plava-liga\/wp-json\/wp\/v2\/posts\/4060\/revisions"}],"predecessor-version":[{"id":4062,"href":"https:\/\/www.ersteprvaliga.hr\/plava-liga\/wp-json\/wp\/v2\/posts\/4060\/revisions\/4062"}],"wp:featuredmedia":[{"embeddable":true,"href":"https:\/\/www.ersteprvaliga.hr\/plava-liga\/wp-json\/wp\/v2\/media\/4061"}],"wp:attachment":[{"href":"https:\/\/www.ersteprvaliga.hr\/plava-liga\/wp-json\/wp\/v2\/media?parent=4060"}],"wp:term":[{"taxonomy":"category","embeddable":true,"href":"https:\/\/www.ersteprvaliga.hr\/plava-liga\/wp-json\/wp\/v2\/categories?post=4060"},{"taxonomy":"post_tag","embeddable":true,"href":"https:\/\/www.ersteprvaliga.hr\/plava-liga\/wp-json\/wp\/v2\/tags?post=4060"}],"curies":[{"name":"wp","href":"https:\/\/api.w.org\/{rel}","templated":true}]}}