{"id":3555,"date":"2022-05-10T10:08:11","date_gmt":"2022-05-10T08:08:11","guid":{"rendered":"https:\/\/www.ersteprvaliga.hr\/plava-liga\/?p=3555"},"modified":"2022-05-10T10:08:12","modified_gmt":"2022-05-10T08:08:12","slug":"erste-plava-liga-ovaj-tjedan-je-u-kninu-zadru-i-makarskoj","status":"publish","type":"post","link":"https:\/\/www.ersteprvaliga.hr\/plava-liga\/erste-plava-liga-ovaj-tjedan-je-u-kninu-zadru-i-makarskoj\/","title":{"rendered":"Erste Plava liga ovaj tjedan je u Kninu, Zadru i Makarskoj"},"content":{"rendered":"\n<blockquote class=\"wp-block-quote is-layout-flow wp-block-quote-is-layout-flow\"><p><em>U sva tri grada o\u010dekuje se velik broj sudionika jer su djeci zbog pandemije protekle dvije godine bile smanjene fizi\u010dke aktivnosti, pa se kroz Erste Plavu ligu i sli\u010dne projekte djeca vra\u0107aju natrag na sportske terene.<\/em><\/p><\/blockquote>\n\n\n\n<p class=\"has-drop-cap wp-block-paragraph\"><strong>Nakon spektakularnog starta u Osijeku, gdje je nastupilo 760 \u0161kolaraca, Erste Plava liga je ovaj tjedan u Dalmaciji. Kvalifikacijska natjecanja \u0107e se od srijede do subote odr\u017eati u Kninu, Zadru i Makarskoj. U sva tri grada o\u010dekuje se velik broj sudionika jer su djeci zbog pandemije protekle dvije godine bile smanjene fizi\u010dke aktivnosti, pa se kroz Erste Plavu ligu i sli\u010dne projekte djeca vra\u0107aju natrag na sportske terene<\/strong><\/p>\n\n\n\n<p class=\"wp-block-paragraph\">U srijedu \u0107e se u\u010denice i u\u010denici 1. do 6. razreda osnovnih \u0161kola na stadionu NK Dinara natjecati &nbsp;u tr\u010danju na 60, 300 i 600, metara, skoku u dalj te bacanju kugle i vortexa. Organizator natjecanja je <strong>atletski klub Sveti Ante<\/strong> \u010diji je najpoznatiji atleti\u010dar <strong>Marko \u010ceko<\/strong>, hrvatski prvak na 100 i 200 metara te u skoku u dalj. Prethodnih godina se na natjecanjima Erste Plave lige Marko pojavio u ulozi startera i suca.<\/p>\n\n\n\n<p class=\"wp-block-paragraph\">U Zadru je Erste Plava liga u \u010detvrtak. Na Vi\u0161njiku redovito nastupaju \u0161kolarci iz cijele Zadarske \u017eupanije, pa su tamo\u0161nja natjecanja me\u0111u najmasovnijima i redovito ih prati velik broj gledatelja. <strong>Atletski klub Fortius<\/strong> je jedan od najmla\u0111ih u Hrvatskoj i organiziranjem Erste Plave lige \u017eeli privu\u0107i \u0161to vi\u0161e djece u atletiku. Zbog toga \u0107e uskoro s mladim atleti\u010darima u klubu po\u010deti raditi i <strong>Stipe \u017duni\u0107<\/strong>, osvaja\u010d bron\u010dane medalje u bacanju kugle na Svjetskom prvenstvu u Londonu 2017.<\/p>\n\n\n\n<p class=\"wp-block-paragraph\">Golemo je zanimanje za Erste Plavu ligu i u Makarskoj, gdje na stadionu Gradskog sportskog centra podno Biokova iz godine u godinu nastupa sve vi\u0161e \u0161kolaraca. <strong>Udruga Ruke za bolju Makarsku<\/strong>, koja je organizator natjecanja, \u017eeli i na ovaj na\u010din pobolj\u0161ati \u017eivot lokalne sredine, \u0161to joj primarni cilj. Kvalifikacijsko natjecanje Erste Plave lige u Makarskoj je u subotu.<\/p>\n\n\n\n<p class=\"wp-block-paragraph\">&#8212;&#8212;&#8212;&#8212;&#8212;&#8212;&#8212;&#8212;&#8212;&#8212;&#8212;&#8212;&#8212;&#8212;&#8212;&#8212;&#8212;&#8212;&#8212;&#8212;&#8212;&#8212;&#8212;&#8212;&#8212;&#8212;&#8212;&#8212;&#8212;&#8212;&#8212;&#8212;&#8212;&#8212;&#8212;&#8212;&#8212;&#8212;<\/p>\n\n\n\n<p class=\"wp-block-paragraph\">KNIN \u2013 srijeda, 11.5., 15 \u2013 19 sati&nbsp;&nbsp;&nbsp;&nbsp;&nbsp;&nbsp;&nbsp;&nbsp;&nbsp;&nbsp;&nbsp;&nbsp;&nbsp;&nbsp;&nbsp;&nbsp;&nbsp;&nbsp;&nbsp;&nbsp;&nbsp;&nbsp;&nbsp;&nbsp;&nbsp;&nbsp;&nbsp; Stadion NK &#8221;Dinara&#8221;&nbsp;&nbsp;&nbsp;&nbsp;&nbsp;&nbsp;&nbsp;&nbsp;&nbsp;&nbsp;&nbsp;<\/p>\n\n\n\n<p class=\"wp-block-paragraph\">ZADAR \u2013 \u010detvrtak, 12.5., 14:30 \u2013 20 sati&nbsp;&nbsp;&nbsp;&nbsp;&nbsp;&nbsp;&nbsp;&nbsp;&nbsp;&nbsp;&nbsp;&nbsp;&nbsp;&nbsp;&nbsp;&nbsp;&nbsp;&nbsp;&nbsp;&nbsp;&nbsp; SC Vi\u0161njik<\/p>\n\n\n\n<p class=\"wp-block-paragraph\">MAKARSKA \u2013 subota, 14.5., 15 \u2013 21 sat&nbsp;&nbsp;&nbsp;&nbsp;&nbsp;&nbsp;&nbsp;&nbsp;&nbsp;&nbsp;&nbsp;&nbsp;&nbsp;&nbsp; Gradski sportski centar<\/p>\n","protected":false},"excerpt":{"rendered":"<p>U sva tri grada o\u010dekuje se velik broj sudionika jer su djeci zbog pandemije protekle dvije godine bile smanjene fizi\u010dke aktivnosti, pa se kroz Erste Plavu ligu i sli\u010dne projekte djeca vra\u0107aju natrag na sportske terene. Nakon spektakularnog starta u Osijeku, gdje je nastupilo 760 \u0161kolaraca, Erste Plava liga je ovaj tjedan u Dalmaciji. Kvalifikacijska [&hellip;]<\/p>\n","protected":false},"author":4867,"featured_media":3556,"comment_status":"open","ping_status":"open","sticky":false,"template":"","format":"standard","meta":{"footnotes":""},"categories":[11],"tags":[47,37,38,36],"class_list":["post-3555","post","type-post","status-publish","format-standard","has-post-thumbnail","hentry","category-vijesti","tag-erste-plava-liga-2022","tag-knin","tag-makarska","tag-zadar"],"yoast_head":"<!-- This site is optimized with the Yoast SEO plugin v28.3 - https:\/\/yoast.com\/product\/yoast-seo-wordpress\/ -->\n<title>Erste Plava liga ovaj tjedan je u Kninu, Zadru i Makarskoj - Erste Plava Liga<\/title>\n<meta name=\"robots\" content=\"index, follow, max-snippet:-1, max-image-preview:large, max-video-preview:-1\" \/>\n<link rel=\"canonical\" href=\"https:\/\/www.ersteprvaliga.hr\/plava-liga\/erste-plava-liga-ovaj-tjedan-je-u-kninu-zadru-i-makarskoj\/\" \/>\n<meta property=\"og:locale\" content=\"hr_HR\" \/>\n<meta property=\"og:type\" content=\"article\" \/>\n<meta property=\"og:title\" content=\"Erste Plava liga ovaj tjedan je u Kninu, Zadru i Makarskoj - Erste Plava Liga\" \/>\n<meta property=\"og:description\" content=\"U sva tri grada o\u010dekuje se velik broj sudionika jer su djeci zbog pandemije protekle dvije godine bile smanjene fizi\u010dke aktivnosti, pa se kroz Erste Plavu ligu i sli\u010dne projekte djeca vra\u0107aju natrag na sportske terene. Nakon spektakularnog starta u Osijeku, gdje je nastupilo 760 \u0161kolaraca, Erste Plava liga je ovaj tjedan u Dalmaciji. Kvalifikacijska [&hellip;]\" \/>\n<meta property=\"og:url\" content=\"https:\/\/www.ersteprvaliga.hr\/plava-liga\/erste-plava-liga-ovaj-tjedan-je-u-kninu-zadru-i-makarskoj\/\" \/>\n<meta property=\"og:site_name\" content=\"Erste Plava Liga\" \/>\n<meta property=\"article:published_time\" content=\"2022-05-10T08:08:11+00:00\" \/>\n<meta property=\"article:modified_time\" content=\"2022-05-10T08:08:12+00:00\" \/>\n<meta property=\"og:image\" content=\"https:\/\/www.ersteprvaliga.hr\/plava-liga\/wp-content\/uploads\/sites\/2\/2022\/05\/Makarska21-0612-10.jpg\" \/>\n\t<meta property=\"og:image:width\" content=\"1200\" \/>\n\t<meta property=\"og:image:height\" content=\"800\" \/>\n\t<meta property=\"og:image:type\" content=\"image\/jpeg\" \/>\n<meta name=\"author\" content=\"Marin\" \/>\n<meta name=\"twitter:card\" content=\"summary_large_image\" \/>\n<meta name=\"twitter:label1\" content=\"Napisao\/la\" \/>\n\t<meta name=\"twitter:data1\" content=\"Marin\" \/>\n\t<meta name=\"twitter:label2\" content=\"Procijenjeno vrijeme \u010ditanja\" \/>\n\t<meta name=\"twitter:data2\" content=\"2 minute\" \/>\n<script type=\"application\/ld+json\" class=\"yoast-schema-graph\">{\"@context\":\"https:\\\/\\\/schema.org\",\"@graph\":[{\"@type\":\"Article\",\"@id\":\"https:\\\/\\\/www.ersteprvaliga.hr\\\/plava-liga\\\/erste-plava-liga-ovaj-tjedan-je-u-kninu-zadru-i-makarskoj\\\/#article\",\"isPartOf\":{\"@id\":\"https:\\\/\\\/www.ersteprvaliga.hr\\\/plava-liga\\\/erste-plava-liga-ovaj-tjedan-je-u-kninu-zadru-i-makarskoj\\\/\"},\"author\":{\"name\":\"Marin\",\"@id\":\"https:\\\/\\\/www.ersteprvaliga.hr\\\/plava-liga\\\/#\\\/schema\\\/person\\\/368b0abcd32dabf962d104fdfebda713\"},\"headline\":\"Erste Plava liga ovaj tjedan je u Kninu, Zadru i Makarskoj\",\"datePublished\":\"2022-05-10T08:08:11+00:00\",\"dateModified\":\"2022-05-10T08:08:12+00:00\",\"mainEntityOfPage\":{\"@id\":\"https:\\\/\\\/www.ersteprvaliga.hr\\\/plava-liga\\\/erste-plava-liga-ovaj-tjedan-je-u-kninu-zadru-i-makarskoj\\\/\"},\"wordCount\":433,\"commentCount\":0,\"publisher\":{\"@id\":\"https:\\\/\\\/www.ersteprvaliga.hr\\\/plava-liga\\\/#organization\"},\"image\":{\"@id\":\"https:\\\/\\\/www.ersteprvaliga.hr\\\/plava-liga\\\/erste-plava-liga-ovaj-tjedan-je-u-kninu-zadru-i-makarskoj\\\/#primaryimage\"},\"thumbnailUrl\":\"https:\\\/\\\/www.ersteprvaliga.hr\\\/plava-liga\\\/wp-content\\\/uploads\\\/sites\\\/2\\\/2022\\\/05\\\/Makarska21-0612-10.jpg\",\"keywords\":[\"Erste Plava liga 2022\",\"knin\",\"Makarska\",\"Zadar\"],\"articleSection\":[\"Vijesti\"],\"inLanguage\":\"hr\",\"potentialAction\":[{\"@type\":\"CommentAction\",\"name\":\"Comment\",\"target\":[\"https:\\\/\\\/www.ersteprvaliga.hr\\\/plava-liga\\\/erste-plava-liga-ovaj-tjedan-je-u-kninu-zadru-i-makarskoj\\\/#respond\"]}]},{\"@type\":\"WebPage\",\"@id\":\"https:\\\/\\\/www.ersteprvaliga.hr\\\/plava-liga\\\/erste-plava-liga-ovaj-tjedan-je-u-kninu-zadru-i-makarskoj\\\/\",\"url\":\"https:\\\/\\\/www.ersteprvaliga.hr\\\/plava-liga\\\/erste-plava-liga-ovaj-tjedan-je-u-kninu-zadru-i-makarskoj\\\/\",\"name\":\"Erste Plava liga ovaj tjedan je u Kninu, Zadru i Makarskoj - Erste Plava Liga\",\"isPartOf\":{\"@id\":\"https:\\\/\\\/www.ersteprvaliga.hr\\\/plava-liga\\\/#website\"},\"primaryImageOfPage\":{\"@id\":\"https:\\\/\\\/www.ersteprvaliga.hr\\\/plava-liga\\\/erste-plava-liga-ovaj-tjedan-je-u-kninu-zadru-i-makarskoj\\\/#primaryimage\"},\"image\":{\"@id\":\"https:\\\/\\\/www.ersteprvaliga.hr\\\/plava-liga\\\/erste-plava-liga-ovaj-tjedan-je-u-kninu-zadru-i-makarskoj\\\/#primaryimage\"},\"thumbnailUrl\":\"https:\\\/\\\/www.ersteprvaliga.hr\\\/plava-liga\\\/wp-content\\\/uploads\\\/sites\\\/2\\\/2022\\\/05\\\/Makarska21-0612-10.jpg\",\"datePublished\":\"2022-05-10T08:08:11+00:00\",\"dateModified\":\"2022-05-10T08:08:12+00:00\",\"breadcrumb\":{\"@id\":\"https:\\\/\\\/www.ersteprvaliga.hr\\\/plava-liga\\\/erste-plava-liga-ovaj-tjedan-je-u-kninu-zadru-i-makarskoj\\\/#breadcrumb\"},\"inLanguage\":\"hr\",\"potentialAction\":[{\"@type\":\"ReadAction\",\"target\":[\"https:\\\/\\\/www.ersteprvaliga.hr\\\/plava-liga\\\/erste-plava-liga-ovaj-tjedan-je-u-kninu-zadru-i-makarskoj\\\/\"]}]},{\"@type\":\"ImageObject\",\"inLanguage\":\"hr\",\"@id\":\"https:\\\/\\\/www.ersteprvaliga.hr\\\/plava-liga\\\/erste-plava-liga-ovaj-tjedan-je-u-kninu-zadru-i-makarskoj\\\/#primaryimage\",\"url\":\"https:\\\/\\\/www.ersteprvaliga.hr\\\/plava-liga\\\/wp-content\\\/uploads\\\/sites\\\/2\\\/2022\\\/05\\\/Makarska21-0612-10.jpg\",\"contentUrl\":\"https:\\\/\\\/www.ersteprvaliga.hr\\\/plava-liga\\\/wp-content\\\/uploads\\\/sites\\\/2\\\/2022\\\/05\\\/Makarska21-0612-10.jpg\",\"width\":1200,\"height\":800},{\"@type\":\"BreadcrumbList\",\"@id\":\"https:\\\/\\\/www.ersteprvaliga.hr\\\/plava-liga\\\/erste-plava-liga-ovaj-tjedan-je-u-kninu-zadru-i-makarskoj\\\/#breadcrumb\",\"itemListElement\":[{\"@type\":\"ListItem\",\"position\":1,\"name\":\"Po\u010detna stranica\",\"item\":\"https:\\\/\\\/www.ersteprvaliga.hr\\\/plava-liga\\\/\"},{\"@type\":\"ListItem\",\"position\":2,\"name\":\"Erste Plava liga ovaj tjedan je u Kninu, Zadru i Makarskoj\"}]},{\"@type\":\"WebSite\",\"@id\":\"https:\\\/\\\/www.ersteprvaliga.hr\\\/plava-liga\\\/#website\",\"url\":\"https:\\\/\\\/www.ersteprvaliga.hr\\\/plava-liga\\\/\",\"name\":\"Erste Plava Liga\",\"description\":\"\",\"publisher\":{\"@id\":\"https:\\\/\\\/www.ersteprvaliga.hr\\\/plava-liga\\\/#organization\"},\"potentialAction\":[{\"@type\":\"SearchAction\",\"target\":{\"@type\":\"EntryPoint\",\"urlTemplate\":\"https:\\\/\\\/www.ersteprvaliga.hr\\\/plava-liga\\\/?s={search_term_string}\"},\"query-input\":{\"@type\":\"PropertyValueSpecification\",\"valueRequired\":true,\"valueName\":\"search_term_string\"}}],\"inLanguage\":\"hr\"},{\"@type\":\"Organization\",\"@id\":\"https:\\\/\\\/www.ersteprvaliga.hr\\\/plava-liga\\\/#organization\",\"name\":\"Erste Plava Liga\",\"url\":\"https:\\\/\\\/www.ersteprvaliga.hr\\\/plava-liga\\\/\",\"logo\":{\"@type\":\"ImageObject\",\"inLanguage\":\"hr\",\"@id\":\"https:\\\/\\\/www.ersteprvaliga.hr\\\/plava-liga\\\/#\\\/schema\\\/logo\\\/image\\\/\",\"url\":\"https:\\\/\\\/www.ersteprvaliga.hr\\\/plava-liga\\\/wp-content\\\/uploads\\\/sites\\\/2\\\/2022\\\/03\\\/fb-share-plava-liga-1.jpg\",\"contentUrl\":\"https:\\\/\\\/www.ersteprvaliga.hr\\\/plava-liga\\\/wp-content\\\/uploads\\\/sites\\\/2\\\/2022\\\/03\\\/fb-share-plava-liga-1.jpg\",\"width\":1200,\"height\":630,\"caption\":\"Erste Plava Liga\"},\"image\":{\"@id\":\"https:\\\/\\\/www.ersteprvaliga.hr\\\/plava-liga\\\/#\\\/schema\\\/logo\\\/image\\\/\"}},{\"@type\":\"Person\",\"@id\":\"https:\\\/\\\/www.ersteprvaliga.hr\\\/plava-liga\\\/#\\\/schema\\\/person\\\/368b0abcd32dabf962d104fdfebda713\",\"name\":\"Marin\",\"image\":{\"@type\":\"ImageObject\",\"inLanguage\":\"hr\",\"@id\":\"https:\\\/\\\/secure.gravatar.com\\\/avatar\\\/e632f4f7eb4b34fdb92c6fcc7e0a33284049b281ccd804e4faa22f85903127b9?s=96&d=mm&r=g\",\"url\":\"https:\\\/\\\/secure.gravatar.com\\\/avatar\\\/e632f4f7eb4b34fdb92c6fcc7e0a33284049b281ccd804e4faa22f85903127b9?s=96&d=mm&r=g\",\"contentUrl\":\"https:\\\/\\\/secure.gravatar.com\\\/avatar\\\/e632f4f7eb4b34fdb92c6fcc7e0a33284049b281ccd804e4faa22f85903127b9?s=96&d=mm&r=g\",\"caption\":\"Marin\"},\"url\":\"https:\\\/\\\/www.ersteprvaliga.hr\\\/plava-liga\\\/author\\\/marin2\\\/\"}]}<\/script>\n<!-- \/ Yoast SEO plugin. -->","yoast_head_json":{"title":"Erste Plava liga ovaj tjedan je u Kninu, Zadru i Makarskoj - Erste Plava Liga","robots":{"index":"index","follow":"follow","max-snippet":"max-snippet:-1","max-image-preview":"max-image-preview:large","max-video-preview":"max-video-preview:-1"},"canonical":"https:\/\/www.ersteprvaliga.hr\/plava-liga\/erste-plava-liga-ovaj-tjedan-je-u-kninu-zadru-i-makarskoj\/","og_locale":"hr_HR","og_type":"article","og_title":"Erste Plava liga ovaj tjedan je u Kninu, Zadru i Makarskoj - Erste Plava Liga","og_description":"U sva tri grada o\u010dekuje se velik broj sudionika jer su djeci zbog pandemije protekle dvije godine bile smanjene fizi\u010dke aktivnosti, pa se kroz Erste Plavu ligu i sli\u010dne projekte djeca vra\u0107aju natrag na sportske terene. Nakon spektakularnog starta u Osijeku, gdje je nastupilo 760 \u0161kolaraca, Erste Plava liga je ovaj tjedan u Dalmaciji. Kvalifikacijska [&hellip;]","og_url":"https:\/\/www.ersteprvaliga.hr\/plava-liga\/erste-plava-liga-ovaj-tjedan-je-u-kninu-zadru-i-makarskoj\/","og_site_name":"Erste Plava Liga","article_published_time":"2022-05-10T08:08:11+00:00","article_modified_time":"2022-05-10T08:08:12+00:00","og_image":[{"width":1200,"height":800,"url":"https:\/\/www.ersteprvaliga.hr\/plava-liga\/wp-content\/uploads\/sites\/2\/2022\/05\/Makarska21-0612-10.jpg","type":"image\/jpeg"}],"author":"Marin","twitter_card":"summary_large_image","twitter_misc":{"Napisao\/la":"Marin","Procijenjeno vrijeme \u010ditanja":"2 minute"},"schema":{"@context":"https:\/\/schema.org","@graph":[{"@type":"Article","@id":"https:\/\/www.ersteprvaliga.hr\/plava-liga\/erste-plava-liga-ovaj-tjedan-je-u-kninu-zadru-i-makarskoj\/#article","isPartOf":{"@id":"https:\/\/www.ersteprvaliga.hr\/plava-liga\/erste-plava-liga-ovaj-tjedan-je-u-kninu-zadru-i-makarskoj\/"},"author":{"name":"Marin","@id":"https:\/\/www.ersteprvaliga.hr\/plava-liga\/#\/schema\/person\/368b0abcd32dabf962d104fdfebda713"},"headline":"Erste Plava liga ovaj tjedan je u Kninu, Zadru i Makarskoj","datePublished":"2022-05-10T08:08:11+00:00","dateModified":"2022-05-10T08:08:12+00:00","mainEntityOfPage":{"@id":"https:\/\/www.ersteprvaliga.hr\/plava-liga\/erste-plava-liga-ovaj-tjedan-je-u-kninu-zadru-i-makarskoj\/"},"wordCount":433,"commentCount":0,"publisher":{"@id":"https:\/\/www.ersteprvaliga.hr\/plava-liga\/#organization"},"image":{"@id":"https:\/\/www.ersteprvaliga.hr\/plava-liga\/erste-plava-liga-ovaj-tjedan-je-u-kninu-zadru-i-makarskoj\/#primaryimage"},"thumbnailUrl":"https:\/\/www.ersteprvaliga.hr\/plava-liga\/wp-content\/uploads\/sites\/2\/2022\/05\/Makarska21-0612-10.jpg","keywords":["Erste Plava liga 2022","knin","Makarska","Zadar"],"articleSection":["Vijesti"],"inLanguage":"hr","potentialAction":[{"@type":"CommentAction","name":"Comment","target":["https:\/\/www.ersteprvaliga.hr\/plava-liga\/erste-plava-liga-ovaj-tjedan-je-u-kninu-zadru-i-makarskoj\/#respond"]}]},{"@type":"WebPage","@id":"https:\/\/www.ersteprvaliga.hr\/plava-liga\/erste-plava-liga-ovaj-tjedan-je-u-kninu-zadru-i-makarskoj\/","url":"https:\/\/www.ersteprvaliga.hr\/plava-liga\/erste-plava-liga-ovaj-tjedan-je-u-kninu-zadru-i-makarskoj\/","name":"Erste Plava liga ovaj tjedan je u Kninu, Zadru i Makarskoj - Erste Plava Liga","isPartOf":{"@id":"https:\/\/www.ersteprvaliga.hr\/plava-liga\/#website"},"primaryImageOfPage":{"@id":"https:\/\/www.ersteprvaliga.hr\/plava-liga\/erste-plava-liga-ovaj-tjedan-je-u-kninu-zadru-i-makarskoj\/#primaryimage"},"image":{"@id":"https:\/\/www.ersteprvaliga.hr\/plava-liga\/erste-plava-liga-ovaj-tjedan-je-u-kninu-zadru-i-makarskoj\/#primaryimage"},"thumbnailUrl":"https:\/\/www.ersteprvaliga.hr\/plava-liga\/wp-content\/uploads\/sites\/2\/2022\/05\/Makarska21-0612-10.jpg","datePublished":"2022-05-10T08:08:11+00:00","dateModified":"2022-05-10T08:08:12+00:00","breadcrumb":{"@id":"https:\/\/www.ersteprvaliga.hr\/plava-liga\/erste-plava-liga-ovaj-tjedan-je-u-kninu-zadru-i-makarskoj\/#breadcrumb"},"inLanguage":"hr","potentialAction":[{"@type":"ReadAction","target":["https:\/\/www.ersteprvaliga.hr\/plava-liga\/erste-plava-liga-ovaj-tjedan-je-u-kninu-zadru-i-makarskoj\/"]}]},{"@type":"ImageObject","inLanguage":"hr","@id":"https:\/\/www.ersteprvaliga.hr\/plava-liga\/erste-plava-liga-ovaj-tjedan-je-u-kninu-zadru-i-makarskoj\/#primaryimage","url":"https:\/\/www.ersteprvaliga.hr\/plava-liga\/wp-content\/uploads\/sites\/2\/2022\/05\/Makarska21-0612-10.jpg","contentUrl":"https:\/\/www.ersteprvaliga.hr\/plava-liga\/wp-content\/uploads\/sites\/2\/2022\/05\/Makarska21-0612-10.jpg","width":1200,"height":800},{"@type":"BreadcrumbList","@id":"https:\/\/www.ersteprvaliga.hr\/plava-liga\/erste-plava-liga-ovaj-tjedan-je-u-kninu-zadru-i-makarskoj\/#breadcrumb","itemListElement":[{"@type":"ListItem","position":1,"name":"Po\u010detna stranica","item":"https:\/\/www.ersteprvaliga.hr\/plava-liga\/"},{"@type":"ListItem","position":2,"name":"Erste Plava liga ovaj tjedan je u Kninu, Zadru i Makarskoj"}]},{"@type":"WebSite","@id":"https:\/\/www.ersteprvaliga.hr\/plava-liga\/#website","url":"https:\/\/www.ersteprvaliga.hr\/plava-liga\/","name":"Erste Plava Liga","description":"","publisher":{"@id":"https:\/\/www.ersteprvaliga.hr\/plava-liga\/#organization"},"potentialAction":[{"@type":"SearchAction","target":{"@type":"EntryPoint","urlTemplate":"https:\/\/www.ersteprvaliga.hr\/plava-liga\/?s={search_term_string}"},"query-input":{"@type":"PropertyValueSpecification","valueRequired":true,"valueName":"search_term_string"}}],"inLanguage":"hr"},{"@type":"Organization","@id":"https:\/\/www.ersteprvaliga.hr\/plava-liga\/#organization","name":"Erste Plava Liga","url":"https:\/\/www.ersteprvaliga.hr\/plava-liga\/","logo":{"@type":"ImageObject","inLanguage":"hr","@id":"https:\/\/www.ersteprvaliga.hr\/plava-liga\/#\/schema\/logo\/image\/","url":"https:\/\/www.ersteprvaliga.hr\/plava-liga\/wp-content\/uploads\/sites\/2\/2022\/03\/fb-share-plava-liga-1.jpg","contentUrl":"https:\/\/www.ersteprvaliga.hr\/plava-liga\/wp-content\/uploads\/sites\/2\/2022\/03\/fb-share-plava-liga-1.jpg","width":1200,"height":630,"caption":"Erste Plava Liga"},"image":{"@id":"https:\/\/www.ersteprvaliga.hr\/plava-liga\/#\/schema\/logo\/image\/"}},{"@type":"Person","@id":"https:\/\/www.ersteprvaliga.hr\/plava-liga\/#\/schema\/person\/368b0abcd32dabf962d104fdfebda713","name":"Marin","image":{"@type":"ImageObject","inLanguage":"hr","@id":"https:\/\/secure.gravatar.com\/avatar\/e632f4f7eb4b34fdb92c6fcc7e0a33284049b281ccd804e4faa22f85903127b9?s=96&d=mm&r=g","url":"https:\/\/secure.gravatar.com\/avatar\/e632f4f7eb4b34fdb92c6fcc7e0a33284049b281ccd804e4faa22f85903127b9?s=96&d=mm&r=g","contentUrl":"https:\/\/secure.gravatar.com\/avatar\/e632f4f7eb4b34fdb92c6fcc7e0a33284049b281ccd804e4faa22f85903127b9?s=96&d=mm&r=g","caption":"Marin"},"url":"https:\/\/www.ersteprvaliga.hr\/plava-liga\/author\/marin2\/"}]}},"_links":{"self":[{"href":"https:\/\/www.ersteprvaliga.hr\/plava-liga\/wp-json\/wp\/v2\/posts\/3555","targetHints":{"allow":["GET"]}}],"collection":[{"href":"https:\/\/www.ersteprvaliga.hr\/plava-liga\/wp-json\/wp\/v2\/posts"}],"about":[{"href":"https:\/\/www.ersteprvaliga.hr\/plava-liga\/wp-json\/wp\/v2\/types\/post"}],"author":[{"embeddable":true,"href":"https:\/\/www.ersteprvaliga.hr\/plava-liga\/wp-json\/wp\/v2\/users\/4867"}],"replies":[{"embeddable":true,"href":"https:\/\/www.ersteprvaliga.hr\/plava-liga\/wp-json\/wp\/v2\/comments?post=3555"}],"version-history":[{"count":1,"href":"https:\/\/www.ersteprvaliga.hr\/plava-liga\/wp-json\/wp\/v2\/posts\/3555\/revisions"}],"predecessor-version":[{"id":3557,"href":"https:\/\/www.ersteprvaliga.hr\/plava-liga\/wp-json\/wp\/v2\/posts\/3555\/revisions\/3557"}],"wp:featuredmedia":[{"embeddable":true,"href":"https:\/\/www.ersteprvaliga.hr\/plava-liga\/wp-json\/wp\/v2\/media\/3556"}],"wp:attachment":[{"href":"https:\/\/www.ersteprvaliga.hr\/plava-liga\/wp-json\/wp\/v2\/media?parent=3555"}],"wp:term":[{"taxonomy":"category","embeddable":true,"href":"https:\/\/www.ersteprvaliga.hr\/plava-liga\/wp-json\/wp\/v2\/categories?post=3555"},{"taxonomy":"post_tag","embeddable":true,"href":"https:\/\/www.ersteprvaliga.hr\/plava-liga\/wp-json\/wp\/v2\/tags?post=3555"}],"curies":[{"name":"wp","href":"https:\/\/api.w.org\/{rel}","templated":true}]}}