{"id":3417,"date":"2022-05-07T10:21:45","date_gmt":"2022-05-07T08:21:45","guid":{"rendered":"https:\/\/www.ersteprvaliga.hr\/plava-liga\/?p=3417"},"modified":"2022-05-07T10:35:39","modified_gmt":"2022-05-07T08:35:39","slug":"u-osijeku-na-otvorenju-10-jubilarne-erste-plave-lige-nastupilo-738-skolaraca","status":"publish","type":"post","link":"https:\/\/www.ersteprvaliga.hr\/plava-liga\/u-osijeku-na-otvorenju-10-jubilarne-erste-plave-lige-nastupilo-738-skolaraca\/","title":{"rendered":"U Osijeku na otvorenju 10. jubilarne Erste Plave lige nastupilo 738 \u0161kolaraca"},"content":{"rendered":"\n<blockquote class=\"wp-block-quote is-style-default is-layout-flow wp-block-quote-is-layout-flow\"><p><\/p><cite><br><br><br><em>\u201eOve godine o\u010dekujemo rekordan broj sudionika. Djeca su dvije godine imala smanjene fizi\u010dke aktivnosti, a kroz ovakve projekte usmjeravamo ih natrag u sport\u201c, rekla je osniva\u010dica Erste Plave lige Ivana Brklja\u010di\u0107.<\/em><\/cite><\/blockquote>\n\n\n\n<p class=\"has-drop-cap wp-block-paragraph\"><strong>U Osijeku je startala jubilarna deseta sezona Erste Plave lige, najve\u0107eg dje\u010djeg atletskog natjecanja u Hrvatskoj. Na Srednjo\u0161kolskom igrali\u0161tu okupilo se 738 \u0161kolaraca koji su zauzeli 1035 startnih mjesta. Natjecali su se u utrkama na 60, 300 i 600 metara, u skoku u dalj te bacanju kugle i vortexa, a prvi puta su na Erste Plavoj ligi nastupile u\u010denice i u\u010denici prvih i drugih razreda.<\/strong><\/p>\n\n\n\n<p class=\"wp-block-paragraph\">Ovako velik odaziv na natjecanje u Osijeku, koje organizira atletski klub <strong>Slavonija-\u017dito<\/strong>, nije neo\u010dekivan kad se zna da je ve\u0107ina rekordnih brojki kada je ovom natjecanju rije\u010d vezana upravo uz Osijek, koji na ovaj na\u010din privla\u010di velik broj djece u atletiku.<\/p>\n\n\n\n<p class=\"wp-block-paragraph\">\u201eOdr\u017eavamo ligu u devet gradova u Hrvatskoj. Atletika je raznovrsna i sva djeca mogu u njoj otkriti svoj talent. Sretni smo kao organizatori \u0161to imamo podr\u0161ku sponzora Erste banke i Erste Plavog mirovinskog fonda&nbsp;ve\u0107 desetu godinu zaredom. Mislim da \u0107emo ove godine sru\u0161iti rekord Lige po ukupnom broju sudionika, djeci zbog pandemije su bile smanjene fizi\u010dke aktivnosti, kroz ovaj projekt i sli\u010dne projekte vra\u0107amo djecu natrag na sportske terene\u201c, rekla je osniva\u010dica Lige <strong>Ivana Brklja\u010di\u0107<\/strong>.<\/p>\n\n\n\n<p class=\"wp-block-paragraph\">Zna\u010dajnu ulogu u organizaciji Erste Plave lige imaju atletski klubovi suorganizatori projekta. \u0160kolarce u Slavoniji okuplja atletski klub Slavonija \u017dito.<\/p>\n\n\n\n<p class=\"wp-block-paragraph\">&nbsp;\u201eErste Plava liga jedinstveno i najmasovnije dje\u010dje atletsko natjecanje u Hrvatskoj, u Osijeku je prepoznato kao najve\u0107e dje\u010dje atletsko natjecanje i postao je prepoznatljiv svima te nam uvelike poma\u017ee u selekciji djece i dolasku novih \u010dlanova u na\u0161 klub. Posebnost ovog natjecanja je \u0161to mogu sudjelovati sva djeca, neovisno bave li se sportom ili ne. Tako\u0111er, uz uklju\u010dene ravnatelje osnovnih \u0161kola, profesora TZK-a, u\u010diteljice, trenere, brojne volontere te uz vrhunsku organizaciju ovog natjecanja, djeci i roditeljima pribli\u017eavamo atletiku u najboljem mogu\u0107em svjetlu \u0161to svima nama poma\u017ee u promociji ovog sporta\u201c, rekao je <strong>Marko Grguri\u0107<\/strong>, tajnik atletskog kluba Slavonija \u017dito.<\/p>\n\n\n\n<p class=\"wp-block-paragraph\">U proteklih devet godina je na natjecanjima Erste Plave lige sudjelovalo vi\u0161e od <strong>32.000<\/strong> \u0161kolaraca od kojih su mnogi i ostali u sportu.<\/p>\n\n\n\n<p class=\"wp-block-paragraph\">Organizator natjecanja je atletski klub <strong>Pro Sport<\/strong> uz pokroviteljstvo Ministarstva zdravstva, Ministarstva znanosti i obrazovanja, Hrvatskog olimpijskog odbora, Hrvatskog atletskog saveza, Nastavnog zavoda za javno zdravstvo \u201eDr. Andrija \u0160tampar\u201c i Boris Han\u017eekovi\u0107 Memorijala.<\/p>\n\n\n\n<p class=\"wp-block-paragraph\">Sponzori lige su Erste banka, Erste Leasing, Erste Plavi mirovinski fondovi, Wiener osiguranje, 24 sata, JoomBoos i Jadrolinija.<\/p>\n\n\n\n<p class=\"wp-block-paragraph\">U Osijeku je startala jubilarna deseta sezona <strong>Erste Plave lige<\/strong>, najve\u0107eg dje\u010djeg atletskog natjecanja u Hrvatskoj. Na Srednjo\u0161kolskom igrali\u0161tu okupilo se <strong>738 \u0161kolaraca<\/strong> koji su zauzeli 1035 startnih mjesta. Natjecali su se u utrkama na 60, 300 i 600 metara, u skoku u dalj te bacanju kugle i vortexa, a prvi puta su na Erste Plavoj ligi nastupili i oni najmla\u0111i, u\u010denice i u\u010denici prvih i drugih razreda.<\/p>\n\n\n\n<p class=\"wp-block-paragraph\">Ovako velik odaziv na natjecanje u Osijeku, koje organizira atletski klub <strong>Slavonija-\u017dito<\/strong>, nije neo\u010dekivan kad se zna da je ve\u0107ina rekordnih brojki kada je ovom natjecanju rije\u010d vezana upravo uz Osijek, koji na ovaj na\u010din privla\u010di velik broj djece u atletiku.<\/p>\n\n\n\n<p class=\"wp-block-paragraph\">\u201eOdr\u017eavamo ligu u devet gradova u Hrvatskoj. Atletika je raznovrsna i sva djeca mogu u njoj otkriti svoj talent. Sretni smo kao organizatori \u0161to imamo podr\u0161ku sponzora Erste banke i Erste Plavog mirovinskog fonda&nbsp;ve\u0107 desetu godinu zaredom. Mislim da \u0107emo ove godine sru\u0161iti rekord Lige po ukupnom broju sudionika, djeci zbog pandemije su bile smanjene fizi\u010dke aktivnosti, kroz ovaj projekt i sli\u010dne projekte vra\u0107amo djecu natrag na sportske terene\u201c, rekla je osniva\u010dica Lige <strong>Ivana Brklja\u010di\u0107<\/strong>.<\/p>\n\n\n\n<p class=\"wp-block-paragraph\">Zna\u010dajnu ulogu u organizaciji Erste Plave lige imaju atletski klubovi suorganizatori projekta. \u0160kolarce u Slavoniji okuplja atletski klub Slavonija \u017dito.<\/p>\n\n\n\n<p class=\"wp-block-paragraph\">&nbsp;\u201eErste Plava liga jedinstveno i najmasovnije dje\u010dje atletsko natjecanje u Hrvatskoj, u Osijeku je prepoznato kao najve\u0107e dje\u010dje atletsko natjecanje i postao je prepoznatljiv svima te nam uvelike poma\u017ee u selekciji djece i dolasku novih \u010dlanova u na\u0161 klub. Posebnost ovog natjecanja je \u0161to mogu sudjelovati sva djeca, neovisno bave li se sportom ili ne. Tako\u0111er, uz uklju\u010dene ravnatelje osnovnih \u0161kola, profesora TZK-a, u\u010diteljice, trenere, brojne volontere te uz vrhunsku organizaciju ovog natjecanja, djeci i roditeljima pribli\u017eavamo atletiku u najboljem mogu\u0107em svjetlu \u0161to svima nama poma\u017ee u promociji ovog sporta\u201c, rekao je <strong>Marko Grguri\u0107<\/strong>, tajnik atletskog kluba Slavonija \u017dito.<\/p>\n\n\n\n<p class=\"wp-block-paragraph\">U proteklih devet godina je na natjecanjima Erste Plave lige sudjelovalo vi\u0161e od <strong>32.000<\/strong> \u0161kolaraca od kojih su mnogi i ostali u sportu.<\/p>\n\n\n\n<p class=\"wp-block-paragraph\">Organizator natjecanja je atletski klub <strong>Pro Sport<\/strong> uz pokroviteljstvo Ministarstva zdravstva, Ministarstva znanosti i obrazovanja, Hrvatskog olimpijskog odbora, Hrvatskog atletskog saveza, Nastavnog zavoda za javno zdravstvo \u201eDr. Andrija \u0160tampar\u201c i Boris Han\u017eekovi\u0107 Memorijala.<\/p>\n\n\n\n<p class=\"wp-block-paragraph\">Sponzori lige su Erste banka, Erste Leasing, Erste Plavi mirovinski fondovi, Wiener osiguranje, 24 sata, JoomBoos i Jadrolinija.<\/p>\n","protected":false},"excerpt":{"rendered":"<p>\u201eOve godine o\u010dekujemo rekordan broj sudionika. Djeca su dvije godine imala smanjene fizi\u010dke aktivnosti, a kroz ovakve projekte usmjeravamo ih natrag u sport\u201c, rekla je osniva\u010dica Erste Plave lige Ivana Brklja\u010di\u0107. U Osijeku je startala jubilarna deseta sezona Erste Plave lige, najve\u0107eg dje\u010djeg atletskog natjecanja u Hrvatskoj. Na Srednjo\u0161kolskom igrali\u0161tu okupilo se 738 \u0161kolaraca koji [&hellip;]<\/p>\n","protected":false},"author":4867,"featured_media":3424,"comment_status":"open","ping_status":"open","sticky":false,"template":"","format":"standard","meta":{"footnotes":""},"categories":[11],"tags":[30,47,34],"class_list":["post-3417","post","type-post","status-publish","format-standard","has-post-thumbnail","hentry","category-vijesti","tag-atletika","tag-erste-plava-liga-2022","tag-osijek"],"yoast_head":"<!-- This site is optimized with the Yoast SEO plugin v28.3 - https:\/\/yoast.com\/product\/yoast-seo-wordpress\/ -->\n<title>U Osijeku na otvorenju 10. jubilarne Erste Plave lige nastupilo 738 \u0161kolaraca - Erste Plava Liga<\/title>\n<meta name=\"robots\" content=\"index, follow, max-snippet:-1, max-image-preview:large, max-video-preview:-1\" \/>\n<link rel=\"canonical\" href=\"https:\/\/www.ersteprvaliga.hr\/plava-liga\/u-osijeku-na-otvorenju-10-jubilarne-erste-plave-lige-nastupilo-738-skolaraca\/\" \/>\n<meta property=\"og:locale\" content=\"hr_HR\" \/>\n<meta property=\"og:type\" content=\"article\" \/>\n<meta property=\"og:title\" content=\"U Osijeku na otvorenju 10. jubilarne Erste Plave lige nastupilo 738 \u0161kolaraca - Erste Plava Liga\" \/>\n<meta property=\"og:description\" content=\"\u201eOve godine o\u010dekujemo rekordan broj sudionika. Djeca su dvije godine imala smanjene fizi\u010dke aktivnosti, a kroz ovakve projekte usmjeravamo ih natrag u sport\u201c, rekla je osniva\u010dica Erste Plave lige Ivana Brklja\u010di\u0107. U Osijeku je startala jubilarna deseta sezona Erste Plave lige, najve\u0107eg dje\u010djeg atletskog natjecanja u Hrvatskoj. Na Srednjo\u0161kolskom igrali\u0161tu okupilo se 738 \u0161kolaraca koji [&hellip;]\" \/>\n<meta property=\"og:url\" content=\"https:\/\/www.ersteprvaliga.hr\/plava-liga\/u-osijeku-na-otvorenju-10-jubilarne-erste-plave-lige-nastupilo-738-skolaraca\/\" \/>\n<meta property=\"og:site_name\" content=\"Erste Plava Liga\" \/>\n<meta property=\"article:published_time\" content=\"2022-05-07T08:21:45+00:00\" \/>\n<meta property=\"article:modified_time\" content=\"2022-05-07T08:35:39+00:00\" \/>\n<meta property=\"og:image\" content=\"https:\/\/www.ersteprvaliga.hr\/plava-liga\/wp-content\/uploads\/sites\/2\/2022\/05\/OS-Foto22-0503-1012.jpg\" \/>\n\t<meta property=\"og:image:width\" content=\"1181\" \/>\n\t<meta property=\"og:image:height\" content=\"906\" \/>\n\t<meta property=\"og:image:type\" content=\"image\/jpeg\" \/>\n<meta name=\"author\" content=\"Marin\" \/>\n<meta name=\"twitter:card\" content=\"summary_large_image\" \/>\n<meta name=\"twitter:label1\" content=\"Napisao\/la\" \/>\n\t<meta name=\"twitter:data1\" content=\"Marin\" \/>\n\t<meta name=\"twitter:label2\" content=\"Procijenjeno vrijeme \u010ditanja\" \/>\n\t<meta name=\"twitter:data2\" content=\"4 minute\" \/>\n<script type=\"application\/ld+json\" class=\"yoast-schema-graph\">{\"@context\":\"https:\\\/\\\/schema.org\",\"@graph\":[{\"@type\":\"Article\",\"@id\":\"https:\\\/\\\/www.ersteprvaliga.hr\\\/plava-liga\\\/u-osijeku-na-otvorenju-10-jubilarne-erste-plave-lige-nastupilo-738-skolaraca\\\/#article\",\"isPartOf\":{\"@id\":\"https:\\\/\\\/www.ersteprvaliga.hr\\\/plava-liga\\\/u-osijeku-na-otvorenju-10-jubilarne-erste-plave-lige-nastupilo-738-skolaraca\\\/\"},\"author\":{\"name\":\"Marin\",\"@id\":\"https:\\\/\\\/www.ersteprvaliga.hr\\\/plava-liga\\\/#\\\/schema\\\/person\\\/368b0abcd32dabf962d104fdfebda713\"},\"headline\":\"U Osijeku na otvorenju 10. jubilarne Erste Plave lige nastupilo 738 \u0161kolaraca\",\"datePublished\":\"2022-05-07T08:21:45+00:00\",\"dateModified\":\"2022-05-07T08:35:39+00:00\",\"mainEntityOfPage\":{\"@id\":\"https:\\\/\\\/www.ersteprvaliga.hr\\\/plava-liga\\\/u-osijeku-na-otvorenju-10-jubilarne-erste-plave-lige-nastupilo-738-skolaraca\\\/\"},\"wordCount\":853,\"commentCount\":0,\"publisher\":{\"@id\":\"https:\\\/\\\/www.ersteprvaliga.hr\\\/plava-liga\\\/#organization\"},\"image\":{\"@id\":\"https:\\\/\\\/www.ersteprvaliga.hr\\\/plava-liga\\\/u-osijeku-na-otvorenju-10-jubilarne-erste-plave-lige-nastupilo-738-skolaraca\\\/#primaryimage\"},\"thumbnailUrl\":\"https:\\\/\\\/www.ersteprvaliga.hr\\\/plava-liga\\\/wp-content\\\/uploads\\\/sites\\\/2\\\/2022\\\/05\\\/OS-Foto22-0503-1012.jpg\",\"keywords\":[\"atletika\",\"Erste Plava liga 2022\",\"Osijek\"],\"articleSection\":[\"Vijesti\"],\"inLanguage\":\"hr\",\"potentialAction\":[{\"@type\":\"CommentAction\",\"name\":\"Comment\",\"target\":[\"https:\\\/\\\/www.ersteprvaliga.hr\\\/plava-liga\\\/u-osijeku-na-otvorenju-10-jubilarne-erste-plave-lige-nastupilo-738-skolaraca\\\/#respond\"]}]},{\"@type\":\"WebPage\",\"@id\":\"https:\\\/\\\/www.ersteprvaliga.hr\\\/plava-liga\\\/u-osijeku-na-otvorenju-10-jubilarne-erste-plave-lige-nastupilo-738-skolaraca\\\/\",\"url\":\"https:\\\/\\\/www.ersteprvaliga.hr\\\/plava-liga\\\/u-osijeku-na-otvorenju-10-jubilarne-erste-plave-lige-nastupilo-738-skolaraca\\\/\",\"name\":\"U Osijeku na otvorenju 10. jubilarne Erste Plave lige nastupilo 738 \u0161kolaraca - Erste Plava Liga\",\"isPartOf\":{\"@id\":\"https:\\\/\\\/www.ersteprvaliga.hr\\\/plava-liga\\\/#website\"},\"primaryImageOfPage\":{\"@id\":\"https:\\\/\\\/www.ersteprvaliga.hr\\\/plava-liga\\\/u-osijeku-na-otvorenju-10-jubilarne-erste-plave-lige-nastupilo-738-skolaraca\\\/#primaryimage\"},\"image\":{\"@id\":\"https:\\\/\\\/www.ersteprvaliga.hr\\\/plava-liga\\\/u-osijeku-na-otvorenju-10-jubilarne-erste-plave-lige-nastupilo-738-skolaraca\\\/#primaryimage\"},\"thumbnailUrl\":\"https:\\\/\\\/www.ersteprvaliga.hr\\\/plava-liga\\\/wp-content\\\/uploads\\\/sites\\\/2\\\/2022\\\/05\\\/OS-Foto22-0503-1012.jpg\",\"datePublished\":\"2022-05-07T08:21:45+00:00\",\"dateModified\":\"2022-05-07T08:35:39+00:00\",\"breadcrumb\":{\"@id\":\"https:\\\/\\\/www.ersteprvaliga.hr\\\/plava-liga\\\/u-osijeku-na-otvorenju-10-jubilarne-erste-plave-lige-nastupilo-738-skolaraca\\\/#breadcrumb\"},\"inLanguage\":\"hr\",\"potentialAction\":[{\"@type\":\"ReadAction\",\"target\":[\"https:\\\/\\\/www.ersteprvaliga.hr\\\/plava-liga\\\/u-osijeku-na-otvorenju-10-jubilarne-erste-plave-lige-nastupilo-738-skolaraca\\\/\"]}]},{\"@type\":\"ImageObject\",\"inLanguage\":\"hr\",\"@id\":\"https:\\\/\\\/www.ersteprvaliga.hr\\\/plava-liga\\\/u-osijeku-na-otvorenju-10-jubilarne-erste-plave-lige-nastupilo-738-skolaraca\\\/#primaryimage\",\"url\":\"https:\\\/\\\/www.ersteprvaliga.hr\\\/plava-liga\\\/wp-content\\\/uploads\\\/sites\\\/2\\\/2022\\\/05\\\/OS-Foto22-0503-1012.jpg\",\"contentUrl\":\"https:\\\/\\\/www.ersteprvaliga.hr\\\/plava-liga\\\/wp-content\\\/uploads\\\/sites\\\/2\\\/2022\\\/05\\\/OS-Foto22-0503-1012.jpg\",\"width\":1181,\"height\":906,\"caption\":\"Foto: Renato Bran\u0111olica\\\/Pro Sport\"},{\"@type\":\"BreadcrumbList\",\"@id\":\"https:\\\/\\\/www.ersteprvaliga.hr\\\/plava-liga\\\/u-osijeku-na-otvorenju-10-jubilarne-erste-plave-lige-nastupilo-738-skolaraca\\\/#breadcrumb\",\"itemListElement\":[{\"@type\":\"ListItem\",\"position\":1,\"name\":\"Po\u010detna stranica\",\"item\":\"https:\\\/\\\/www.ersteprvaliga.hr\\\/plava-liga\\\/\"},{\"@type\":\"ListItem\",\"position\":2,\"name\":\"U Osijeku na otvorenju 10. jubilarne Erste Plave lige nastupilo 738 \u0161kolaraca\"}]},{\"@type\":\"WebSite\",\"@id\":\"https:\\\/\\\/www.ersteprvaliga.hr\\\/plava-liga\\\/#website\",\"url\":\"https:\\\/\\\/www.ersteprvaliga.hr\\\/plava-liga\\\/\",\"name\":\"Erste Plava Liga\",\"description\":\"\",\"publisher\":{\"@id\":\"https:\\\/\\\/www.ersteprvaliga.hr\\\/plava-liga\\\/#organization\"},\"potentialAction\":[{\"@type\":\"SearchAction\",\"target\":{\"@type\":\"EntryPoint\",\"urlTemplate\":\"https:\\\/\\\/www.ersteprvaliga.hr\\\/plava-liga\\\/?s={search_term_string}\"},\"query-input\":{\"@type\":\"PropertyValueSpecification\",\"valueRequired\":true,\"valueName\":\"search_term_string\"}}],\"inLanguage\":\"hr\"},{\"@type\":\"Organization\",\"@id\":\"https:\\\/\\\/www.ersteprvaliga.hr\\\/plava-liga\\\/#organization\",\"name\":\"Erste Plava Liga\",\"url\":\"https:\\\/\\\/www.ersteprvaliga.hr\\\/plava-liga\\\/\",\"logo\":{\"@type\":\"ImageObject\",\"inLanguage\":\"hr\",\"@id\":\"https:\\\/\\\/www.ersteprvaliga.hr\\\/plava-liga\\\/#\\\/schema\\\/logo\\\/image\\\/\",\"url\":\"https:\\\/\\\/www.ersteprvaliga.hr\\\/plava-liga\\\/wp-content\\\/uploads\\\/sites\\\/2\\\/2022\\\/03\\\/fb-share-plava-liga-1.jpg\",\"contentUrl\":\"https:\\\/\\\/www.ersteprvaliga.hr\\\/plava-liga\\\/wp-content\\\/uploads\\\/sites\\\/2\\\/2022\\\/03\\\/fb-share-plava-liga-1.jpg\",\"width\":1200,\"height\":630,\"caption\":\"Erste Plava Liga\"},\"image\":{\"@id\":\"https:\\\/\\\/www.ersteprvaliga.hr\\\/plava-liga\\\/#\\\/schema\\\/logo\\\/image\\\/\"}},{\"@type\":\"Person\",\"@id\":\"https:\\\/\\\/www.ersteprvaliga.hr\\\/plava-liga\\\/#\\\/schema\\\/person\\\/368b0abcd32dabf962d104fdfebda713\",\"name\":\"Marin\",\"image\":{\"@type\":\"ImageObject\",\"inLanguage\":\"hr\",\"@id\":\"https:\\\/\\\/secure.gravatar.com\\\/avatar\\\/e632f4f7eb4b34fdb92c6fcc7e0a33284049b281ccd804e4faa22f85903127b9?s=96&d=mm&r=g\",\"url\":\"https:\\\/\\\/secure.gravatar.com\\\/avatar\\\/e632f4f7eb4b34fdb92c6fcc7e0a33284049b281ccd804e4faa22f85903127b9?s=96&d=mm&r=g\",\"contentUrl\":\"https:\\\/\\\/secure.gravatar.com\\\/avatar\\\/e632f4f7eb4b34fdb92c6fcc7e0a33284049b281ccd804e4faa22f85903127b9?s=96&d=mm&r=g\",\"caption\":\"Marin\"},\"url\":\"https:\\\/\\\/www.ersteprvaliga.hr\\\/plava-liga\\\/author\\\/marin2\\\/\"}]}<\/script>\n<!-- \/ Yoast SEO plugin. -->","yoast_head_json":{"title":"U Osijeku na otvorenju 10. jubilarne Erste Plave lige nastupilo 738 \u0161kolaraca - Erste Plava Liga","robots":{"index":"index","follow":"follow","max-snippet":"max-snippet:-1","max-image-preview":"max-image-preview:large","max-video-preview":"max-video-preview:-1"},"canonical":"https:\/\/www.ersteprvaliga.hr\/plava-liga\/u-osijeku-na-otvorenju-10-jubilarne-erste-plave-lige-nastupilo-738-skolaraca\/","og_locale":"hr_HR","og_type":"article","og_title":"U Osijeku na otvorenju 10. jubilarne Erste Plave lige nastupilo 738 \u0161kolaraca - Erste Plava Liga","og_description":"\u201eOve godine o\u010dekujemo rekordan broj sudionika. Djeca su dvije godine imala smanjene fizi\u010dke aktivnosti, a kroz ovakve projekte usmjeravamo ih natrag u sport\u201c, rekla je osniva\u010dica Erste Plave lige Ivana Brklja\u010di\u0107. U Osijeku je startala jubilarna deseta sezona Erste Plave lige, najve\u0107eg dje\u010djeg atletskog natjecanja u Hrvatskoj. Na Srednjo\u0161kolskom igrali\u0161tu okupilo se 738 \u0161kolaraca koji [&hellip;]","og_url":"https:\/\/www.ersteprvaliga.hr\/plava-liga\/u-osijeku-na-otvorenju-10-jubilarne-erste-plave-lige-nastupilo-738-skolaraca\/","og_site_name":"Erste Plava Liga","article_published_time":"2022-05-07T08:21:45+00:00","article_modified_time":"2022-05-07T08:35:39+00:00","og_image":[{"width":1181,"height":906,"url":"https:\/\/www.ersteprvaliga.hr\/plava-liga\/wp-content\/uploads\/sites\/2\/2022\/05\/OS-Foto22-0503-1012.jpg","type":"image\/jpeg"}],"author":"Marin","twitter_card":"summary_large_image","twitter_misc":{"Napisao\/la":"Marin","Procijenjeno vrijeme \u010ditanja":"4 minute"},"schema":{"@context":"https:\/\/schema.org","@graph":[{"@type":"Article","@id":"https:\/\/www.ersteprvaliga.hr\/plava-liga\/u-osijeku-na-otvorenju-10-jubilarne-erste-plave-lige-nastupilo-738-skolaraca\/#article","isPartOf":{"@id":"https:\/\/www.ersteprvaliga.hr\/plava-liga\/u-osijeku-na-otvorenju-10-jubilarne-erste-plave-lige-nastupilo-738-skolaraca\/"},"author":{"name":"Marin","@id":"https:\/\/www.ersteprvaliga.hr\/plava-liga\/#\/schema\/person\/368b0abcd32dabf962d104fdfebda713"},"headline":"U Osijeku na otvorenju 10. jubilarne Erste Plave lige nastupilo 738 \u0161kolaraca","datePublished":"2022-05-07T08:21:45+00:00","dateModified":"2022-05-07T08:35:39+00:00","mainEntityOfPage":{"@id":"https:\/\/www.ersteprvaliga.hr\/plava-liga\/u-osijeku-na-otvorenju-10-jubilarne-erste-plave-lige-nastupilo-738-skolaraca\/"},"wordCount":853,"commentCount":0,"publisher":{"@id":"https:\/\/www.ersteprvaliga.hr\/plava-liga\/#organization"},"image":{"@id":"https:\/\/www.ersteprvaliga.hr\/plava-liga\/u-osijeku-na-otvorenju-10-jubilarne-erste-plave-lige-nastupilo-738-skolaraca\/#primaryimage"},"thumbnailUrl":"https:\/\/www.ersteprvaliga.hr\/plava-liga\/wp-content\/uploads\/sites\/2\/2022\/05\/OS-Foto22-0503-1012.jpg","keywords":["atletika","Erste Plava liga 2022","Osijek"],"articleSection":["Vijesti"],"inLanguage":"hr","potentialAction":[{"@type":"CommentAction","name":"Comment","target":["https:\/\/www.ersteprvaliga.hr\/plava-liga\/u-osijeku-na-otvorenju-10-jubilarne-erste-plave-lige-nastupilo-738-skolaraca\/#respond"]}]},{"@type":"WebPage","@id":"https:\/\/www.ersteprvaliga.hr\/plava-liga\/u-osijeku-na-otvorenju-10-jubilarne-erste-plave-lige-nastupilo-738-skolaraca\/","url":"https:\/\/www.ersteprvaliga.hr\/plava-liga\/u-osijeku-na-otvorenju-10-jubilarne-erste-plave-lige-nastupilo-738-skolaraca\/","name":"U Osijeku na otvorenju 10. jubilarne Erste Plave lige nastupilo 738 \u0161kolaraca - Erste Plava Liga","isPartOf":{"@id":"https:\/\/www.ersteprvaliga.hr\/plava-liga\/#website"},"primaryImageOfPage":{"@id":"https:\/\/www.ersteprvaliga.hr\/plava-liga\/u-osijeku-na-otvorenju-10-jubilarne-erste-plave-lige-nastupilo-738-skolaraca\/#primaryimage"},"image":{"@id":"https:\/\/www.ersteprvaliga.hr\/plava-liga\/u-osijeku-na-otvorenju-10-jubilarne-erste-plave-lige-nastupilo-738-skolaraca\/#primaryimage"},"thumbnailUrl":"https:\/\/www.ersteprvaliga.hr\/plava-liga\/wp-content\/uploads\/sites\/2\/2022\/05\/OS-Foto22-0503-1012.jpg","datePublished":"2022-05-07T08:21:45+00:00","dateModified":"2022-05-07T08:35:39+00:00","breadcrumb":{"@id":"https:\/\/www.ersteprvaliga.hr\/plava-liga\/u-osijeku-na-otvorenju-10-jubilarne-erste-plave-lige-nastupilo-738-skolaraca\/#breadcrumb"},"inLanguage":"hr","potentialAction":[{"@type":"ReadAction","target":["https:\/\/www.ersteprvaliga.hr\/plava-liga\/u-osijeku-na-otvorenju-10-jubilarne-erste-plave-lige-nastupilo-738-skolaraca\/"]}]},{"@type":"ImageObject","inLanguage":"hr","@id":"https:\/\/www.ersteprvaliga.hr\/plava-liga\/u-osijeku-na-otvorenju-10-jubilarne-erste-plave-lige-nastupilo-738-skolaraca\/#primaryimage","url":"https:\/\/www.ersteprvaliga.hr\/plava-liga\/wp-content\/uploads\/sites\/2\/2022\/05\/OS-Foto22-0503-1012.jpg","contentUrl":"https:\/\/www.ersteprvaliga.hr\/plava-liga\/wp-content\/uploads\/sites\/2\/2022\/05\/OS-Foto22-0503-1012.jpg","width":1181,"height":906,"caption":"Foto: Renato Bran\u0111olica\/Pro Sport"},{"@type":"BreadcrumbList","@id":"https:\/\/www.ersteprvaliga.hr\/plava-liga\/u-osijeku-na-otvorenju-10-jubilarne-erste-plave-lige-nastupilo-738-skolaraca\/#breadcrumb","itemListElement":[{"@type":"ListItem","position":1,"name":"Po\u010detna stranica","item":"https:\/\/www.ersteprvaliga.hr\/plava-liga\/"},{"@type":"ListItem","position":2,"name":"U Osijeku na otvorenju 10. jubilarne Erste Plave lige nastupilo 738 \u0161kolaraca"}]},{"@type":"WebSite","@id":"https:\/\/www.ersteprvaliga.hr\/plava-liga\/#website","url":"https:\/\/www.ersteprvaliga.hr\/plava-liga\/","name":"Erste Plava Liga","description":"","publisher":{"@id":"https:\/\/www.ersteprvaliga.hr\/plava-liga\/#organization"},"potentialAction":[{"@type":"SearchAction","target":{"@type":"EntryPoint","urlTemplate":"https:\/\/www.ersteprvaliga.hr\/plava-liga\/?s={search_term_string}"},"query-input":{"@type":"PropertyValueSpecification","valueRequired":true,"valueName":"search_term_string"}}],"inLanguage":"hr"},{"@type":"Organization","@id":"https:\/\/www.ersteprvaliga.hr\/plava-liga\/#organization","name":"Erste Plava Liga","url":"https:\/\/www.ersteprvaliga.hr\/plava-liga\/","logo":{"@type":"ImageObject","inLanguage":"hr","@id":"https:\/\/www.ersteprvaliga.hr\/plava-liga\/#\/schema\/logo\/image\/","url":"https:\/\/www.ersteprvaliga.hr\/plava-liga\/wp-content\/uploads\/sites\/2\/2022\/03\/fb-share-plava-liga-1.jpg","contentUrl":"https:\/\/www.ersteprvaliga.hr\/plava-liga\/wp-content\/uploads\/sites\/2\/2022\/03\/fb-share-plava-liga-1.jpg","width":1200,"height":630,"caption":"Erste Plava Liga"},"image":{"@id":"https:\/\/www.ersteprvaliga.hr\/plava-liga\/#\/schema\/logo\/image\/"}},{"@type":"Person","@id":"https:\/\/www.ersteprvaliga.hr\/plava-liga\/#\/schema\/person\/368b0abcd32dabf962d104fdfebda713","name":"Marin","image":{"@type":"ImageObject","inLanguage":"hr","@id":"https:\/\/secure.gravatar.com\/avatar\/e632f4f7eb4b34fdb92c6fcc7e0a33284049b281ccd804e4faa22f85903127b9?s=96&d=mm&r=g","url":"https:\/\/secure.gravatar.com\/avatar\/e632f4f7eb4b34fdb92c6fcc7e0a33284049b281ccd804e4faa22f85903127b9?s=96&d=mm&r=g","contentUrl":"https:\/\/secure.gravatar.com\/avatar\/e632f4f7eb4b34fdb92c6fcc7e0a33284049b281ccd804e4faa22f85903127b9?s=96&d=mm&r=g","caption":"Marin"},"url":"https:\/\/www.ersteprvaliga.hr\/plava-liga\/author\/marin2\/"}]}},"_links":{"self":[{"href":"https:\/\/www.ersteprvaliga.hr\/plava-liga\/wp-json\/wp\/v2\/posts\/3417","targetHints":{"allow":["GET"]}}],"collection":[{"href":"https:\/\/www.ersteprvaliga.hr\/plava-liga\/wp-json\/wp\/v2\/posts"}],"about":[{"href":"https:\/\/www.ersteprvaliga.hr\/plava-liga\/wp-json\/wp\/v2\/types\/post"}],"author":[{"embeddable":true,"href":"https:\/\/www.ersteprvaliga.hr\/plava-liga\/wp-json\/wp\/v2\/users\/4867"}],"replies":[{"embeddable":true,"href":"https:\/\/www.ersteprvaliga.hr\/plava-liga\/wp-json\/wp\/v2\/comments?post=3417"}],"version-history":[{"count":6,"href":"https:\/\/www.ersteprvaliga.hr\/plava-liga\/wp-json\/wp\/v2\/posts\/3417\/revisions"}],"predecessor-version":[{"id":3427,"href":"https:\/\/www.ersteprvaliga.hr\/plava-liga\/wp-json\/wp\/v2\/posts\/3417\/revisions\/3427"}],"wp:featuredmedia":[{"embeddable":true,"href":"https:\/\/www.ersteprvaliga.hr\/plava-liga\/wp-json\/wp\/v2\/media\/3424"}],"wp:attachment":[{"href":"https:\/\/www.ersteprvaliga.hr\/plava-liga\/wp-json\/wp\/v2\/media?parent=3417"}],"wp:term":[{"taxonomy":"category","embeddable":true,"href":"https:\/\/www.ersteprvaliga.hr\/plava-liga\/wp-json\/wp\/v2\/categories?post=3417"},{"taxonomy":"post_tag","embeddable":true,"href":"https:\/\/www.ersteprvaliga.hr\/plava-liga\/wp-json\/wp\/v2\/tags?post=3417"}],"curies":[{"name":"wp","href":"https:\/\/api.w.org\/{rel}","templated":true}]}}