{"id":3396,"date":"2022-04-23T13:31:05","date_gmt":"2022-04-23T11:31:05","guid":{"rendered":"https:\/\/www.ersteprvaliga.hr\/plava-liga\/?p=3396"},"modified":"2022-04-25T11:51:16","modified_gmt":"2022-04-25T09:51:16","slug":"jubilarna-deseta-sezona-erste-plave-lige-starta-u-osijeku","status":"publish","type":"post","link":"https:\/\/www.ersteprvaliga.hr\/plava-liga\/jubilarna-deseta-sezona-erste-plave-lige-starta-u-osijeku\/","title":{"rendered":"Jubilarna deseta sezona Erste Plave lige starta u Osijeku"},"content":{"rendered":"\n<p class=\"has-drop-cap wp-block-paragraph\"><strong>Jubilarna deseta sezona Erste Plave lige, najve\u0107eg dje\u010djeg atletskog natjecanja u Hrvatskoj, starta 5. svibnja u Osijeku. Natjecanje i prigodna sve\u010danost odr\u017eat \u0107e se na osje\u010dkom Srednjo\u0161kolskom igrali\u0161tu uz nazo\u010dnost brojnih uglednika iz sportskog i dru\u0161tvenog \u017eivota.<\/strong><\/p>\n\n\n\n<p class=\"wp-block-paragraph\">U proteklih devet godina je na natjecanjima Erste Plave lige u 11 hrvatskih gradova sudjelovalo vi\u0161e od 32.000 osnovno\u0161kolaca te vi\u0161e od 60.000 roditelja, trenera, profesora te ostalih navija\u010da i podupiratelja ovog&nbsp; projekta.<\/p>\n\n\n\n<p class=\"wp-block-paragraph\">\u0160kolarci od 1. do 6. razreda i ove \u0107e se godine natjecati u atletskim disciplinama prilago\u0111enim njihovom uzrastu uzrastu \u2013 u utrkama na 60, 300 i 600 metara, u skoku u dalj te bacanju kugle i vortexa.<\/p>\n\n\n\n<p class=\"wp-block-paragraph\"><strong><u>Kvalifikacijska natjecanja Erste Plave lige 2022 odr\u017eat \u0107e se prema sljede\u0107em kalendaru:<\/u><\/strong><\/p>\n\n\n\n<p class=\"wp-block-paragraph\">OSIJEK \u2013 \u010detvrtak, 5.5.<\/p>\n\n\n\n<p class=\"wp-block-paragraph\">KNIN \u2013 srijeda, 11.5.<\/p>\n\n\n\n<p class=\"wp-block-paragraph\">ZADAR \u2013 \u010detvrtak, 12.5.<\/p>\n\n\n\n<p class=\"wp-block-paragraph\">MAKARSKA \u2013 subota, 14.5.<\/p>\n\n\n\n<p class=\"wp-block-paragraph\">PULA \u2013 srijeda, 18.5.<\/p>\n\n\n\n<p class=\"wp-block-paragraph\">RIJEKA \u2013 \u010detvrtak, 19.5.<\/p>\n\n\n\n<p class=\"wp-block-paragraph\">\u010cAKOVEC \u2013 \u010detvrtak, 26.5.<\/p>\n\n\n\n<p class=\"wp-block-paragraph\">VUKOVAR \u2013 petak, 27.5.<\/p>\n\n\n\n<p class=\"wp-block-paragraph\">ZAGREB \u2013 \u010detvrtak, 9.6.<\/p>\n\n\n\n<p class=\"wp-block-paragraph\">Dvoje prvoplasiranih iz svakog grada nastupit \u0107e na finale Lige <strong>11. rujna u Zagrebu<\/strong>, u sklopu najstarijeg i najva\u017enijeg atletskog natjecanja u Hrvatskoj \u2013 72. Memorijala Borisa Han\u017eekovi\u0107a. Nastup s najve\u0107im svjetskim zvijezdama i najboljim hrvatskim atleti\u010darkama i atleti\u010darima poput Sandre Perkovi\u0107 i Sare Kolak velik je motiv, ali i nezaboravno iskustvo za sve mali\u0161ane koji sudjeluju na Erste Plavoj ligi.<\/p>\n\n\n\n<p class=\"wp-block-paragraph\">Online prijava na natjecanje mogu\u0107e su na slu\u017ebenoj web stranici lige, na poveznici <a href=\"http:\/\/www.ersteprvaliga.hr\/plava-liga\/prijava-na-natjecanje\/\">www.ersteprvaliga.hr\/plava-liga\/prijava-na-natjecanje\/<\/a><\/p>\n\n\n\n<p class=\"wp-block-paragraph\">Organizator natjecanja je atletski klub Pro Sport uz pokroviteljstvo Ministarstva turizma i sporta, Ministarstva zdravstva, Ministarstva znanosti i obrazovanja, Hrvatskog olimpijskog odbora, Hrvatskog atletskog saveza, Nastavnog zavoda za javno zdravstvo \u201eDr. Andrija \u0160tampar\u201c, Boris Han\u017eekovi\u0107 Memorijala.<\/p>\n\n\n\n<p class=\"wp-block-paragraph\">Erste plava liga je projekt Atletskog kluba Pro Sport koji je pokrenut u svrhu promicanjasportskih vrijednosti i usvajanja karakternih osobina me\u0111u djecom, popularizacije atletike,sporta i rekreacije op\u0107enito, poticanja zdravog natjecateljskog duha, psihofizi\u010dkog razvoja djecekao i zabavnog provo\u0111enja slobodnog vremena uz tjelesnu aktivnost.<\/p>\n\n\n\n<p class=\"wp-block-paragraph\">Va\u017enost pribli\u017eavanja atletike kao i sporta op\u0107enito djeci osnovno\u0161kolskog uzrasta prepoznali sui na\u0161i ambasadori &#8211; najbolji hrvatski atleti\u010dari i atleti\u010darke <strong>Blanka Vla\u0161i\u0107<\/strong>, <strong>Sandra Perkovi\u0107<\/strong>, <strong>Sara Kolak<\/strong>, <strong>Paola Borovi\u0107<\/strong>, <strong>Stipe \u017duni\u0107 <\/strong>i <strong>Ivan<\/strong> <strong>Horvat<\/strong>.<\/p>\n","protected":false},"excerpt":{"rendered":"<p>Jubilarna deseta sezona Erste Plave lige, najve\u0107eg dje\u010djeg atletskog natjecanja u Hrvatskoj, starta 5. svibnja u Osijeku. Natjecanje i prigodna sve\u010danost odr\u017eat \u0107e se na osje\u010dkom Srednjo\u0161kolskom igrali\u0161tu uz nazo\u010dnost brojnih uglednika iz sportskog i dru\u0161tvenog \u017eivota. U proteklih devet godina je na natjecanjima Erste Plave lige u 11 hrvatskih gradova sudjelovalo vi\u0161e od 32.000 [&hellip;]<\/p>\n","protected":false},"author":2581,"featured_media":3397,"comment_status":"open","ping_status":"open","sticky":false,"template":"","format":"standard","meta":{"footnotes":""},"categories":[11],"tags":[30,27,47],"class_list":["post-3396","post","type-post","status-publish","format-standard","has-post-thumbnail","hentry","category-vijesti","tag-atletika","tag-atletsko-natjecanje","tag-erste-plava-liga-2022"],"yoast_head":"<!-- This site is optimized with the Yoast SEO plugin v28.3 - https:\/\/yoast.com\/product\/yoast-seo-wordpress\/ -->\n<title>Jubilarna deseta sezona Erste Plave lige starta u Osijeku - Erste Plava Liga<\/title>\n<meta name=\"robots\" content=\"index, follow, max-snippet:-1, max-image-preview:large, max-video-preview:-1\" \/>\n<link rel=\"canonical\" href=\"https:\/\/www.ersteprvaliga.hr\/plava-liga\/jubilarna-deseta-sezona-erste-plave-lige-starta-u-osijeku\/\" \/>\n<meta property=\"og:locale\" content=\"hr_HR\" \/>\n<meta property=\"og:type\" content=\"article\" \/>\n<meta property=\"og:title\" content=\"Jubilarna deseta sezona Erste Plave lige starta u Osijeku - Erste Plava Liga\" \/>\n<meta property=\"og:description\" content=\"Jubilarna deseta sezona Erste Plave lige, najve\u0107eg dje\u010djeg atletskog natjecanja u Hrvatskoj, starta 5. svibnja u Osijeku. Natjecanje i prigodna sve\u010danost odr\u017eat \u0107e se na osje\u010dkom Srednjo\u0161kolskom igrali\u0161tu uz nazo\u010dnost brojnih uglednika iz sportskog i dru\u0161tvenog \u017eivota. U proteklih devet godina je na natjecanjima Erste Plave lige u 11 hrvatskih gradova sudjelovalo vi\u0161e od 32.000 [&hellip;]\" \/>\n<meta property=\"og:url\" content=\"https:\/\/www.ersteprvaliga.hr\/plava-liga\/jubilarna-deseta-sezona-erste-plave-lige-starta-u-osijeku\/\" \/>\n<meta property=\"og:site_name\" content=\"Erste Plava Liga\" \/>\n<meta property=\"article:published_time\" content=\"2022-04-23T11:31:05+00:00\" \/>\n<meta property=\"article:modified_time\" content=\"2022-04-25T09:51:16+00:00\" \/>\n<meta property=\"og:image\" content=\"https:\/\/www.ersteprvaliga.hr\/plava-liga\/wp-content\/uploads\/sites\/2\/2022\/04\/ErsteLiga-Finale21-0913-01.jpg\" \/>\n\t<meta property=\"og:image:width\" content=\"1181\" \/>\n\t<meta property=\"og:image:height\" content=\"787\" \/>\n\t<meta property=\"og:image:type\" content=\"image\/jpeg\" \/>\n<meta name=\"author\" content=\"Marin \u0160arec\" \/>\n<meta name=\"twitter:card\" content=\"summary_large_image\" \/>\n<meta name=\"twitter:label1\" content=\"Napisao\/la\" \/>\n\t<meta name=\"twitter:data1\" content=\"Marin \u0160arec\" \/>\n\t<meta name=\"twitter:label2\" content=\"Procijenjeno vrijeme \u010ditanja\" \/>\n\t<meta name=\"twitter:data2\" content=\"2 minute\" \/>\n<script type=\"application\/ld+json\" class=\"yoast-schema-graph\">{\"@context\":\"https:\\\/\\\/schema.org\",\"@graph\":[{\"@type\":\"Article\",\"@id\":\"https:\\\/\\\/www.ersteprvaliga.hr\\\/plava-liga\\\/jubilarna-deseta-sezona-erste-plave-lige-starta-u-osijeku\\\/#article\",\"isPartOf\":{\"@id\":\"https:\\\/\\\/www.ersteprvaliga.hr\\\/plava-liga\\\/jubilarna-deseta-sezona-erste-plave-lige-starta-u-osijeku\\\/\"},\"author\":{\"name\":\"Marin \u0160arec\",\"@id\":\"https:\\\/\\\/www.ersteprvaliga.hr\\\/plava-liga\\\/#\\\/schema\\\/person\\\/b8a657cf6397e2c2e6b9f208d1f5cd0b\"},\"headline\":\"Jubilarna deseta sezona Erste Plave lige starta u Osijeku\",\"datePublished\":\"2022-04-23T11:31:05+00:00\",\"dateModified\":\"2022-04-25T09:51:16+00:00\",\"mainEntityOfPage\":{\"@id\":\"https:\\\/\\\/www.ersteprvaliga.hr\\\/plava-liga\\\/jubilarna-deseta-sezona-erste-plave-lige-starta-u-osijeku\\\/\"},\"wordCount\":362,\"commentCount\":0,\"publisher\":{\"@id\":\"https:\\\/\\\/www.ersteprvaliga.hr\\\/plava-liga\\\/#organization\"},\"image\":{\"@id\":\"https:\\\/\\\/www.ersteprvaliga.hr\\\/plava-liga\\\/jubilarna-deseta-sezona-erste-plave-lige-starta-u-osijeku\\\/#primaryimage\"},\"thumbnailUrl\":\"https:\\\/\\\/www.ersteprvaliga.hr\\\/plava-liga\\\/wp-content\\\/uploads\\\/sites\\\/2\\\/2022\\\/04\\\/ErsteLiga-Finale21-0913-01.jpg\",\"keywords\":[\"atletika\",\"atletsko natjecanje\",\"Erste Plava liga 2022\"],\"articleSection\":[\"Vijesti\"],\"inLanguage\":\"hr\",\"potentialAction\":[{\"@type\":\"CommentAction\",\"name\":\"Comment\",\"target\":[\"https:\\\/\\\/www.ersteprvaliga.hr\\\/plava-liga\\\/jubilarna-deseta-sezona-erste-plave-lige-starta-u-osijeku\\\/#respond\"]}]},{\"@type\":\"WebPage\",\"@id\":\"https:\\\/\\\/www.ersteprvaliga.hr\\\/plava-liga\\\/jubilarna-deseta-sezona-erste-plave-lige-starta-u-osijeku\\\/\",\"url\":\"https:\\\/\\\/www.ersteprvaliga.hr\\\/plava-liga\\\/jubilarna-deseta-sezona-erste-plave-lige-starta-u-osijeku\\\/\",\"name\":\"Jubilarna deseta sezona Erste Plave lige starta u Osijeku - Erste Plava Liga\",\"isPartOf\":{\"@id\":\"https:\\\/\\\/www.ersteprvaliga.hr\\\/plava-liga\\\/#website\"},\"primaryImageOfPage\":{\"@id\":\"https:\\\/\\\/www.ersteprvaliga.hr\\\/plava-liga\\\/jubilarna-deseta-sezona-erste-plave-lige-starta-u-osijeku\\\/#primaryimage\"},\"image\":{\"@id\":\"https:\\\/\\\/www.ersteprvaliga.hr\\\/plava-liga\\\/jubilarna-deseta-sezona-erste-plave-lige-starta-u-osijeku\\\/#primaryimage\"},\"thumbnailUrl\":\"https:\\\/\\\/www.ersteprvaliga.hr\\\/plava-liga\\\/wp-content\\\/uploads\\\/sites\\\/2\\\/2022\\\/04\\\/ErsteLiga-Finale21-0913-01.jpg\",\"datePublished\":\"2022-04-23T11:31:05+00:00\",\"dateModified\":\"2022-04-25T09:51:16+00:00\",\"breadcrumb\":{\"@id\":\"https:\\\/\\\/www.ersteprvaliga.hr\\\/plava-liga\\\/jubilarna-deseta-sezona-erste-plave-lige-starta-u-osijeku\\\/#breadcrumb\"},\"inLanguage\":\"hr\",\"potentialAction\":[{\"@type\":\"ReadAction\",\"target\":[\"https:\\\/\\\/www.ersteprvaliga.hr\\\/plava-liga\\\/jubilarna-deseta-sezona-erste-plave-lige-starta-u-osijeku\\\/\"]}]},{\"@type\":\"ImageObject\",\"inLanguage\":\"hr\",\"@id\":\"https:\\\/\\\/www.ersteprvaliga.hr\\\/plava-liga\\\/jubilarna-deseta-sezona-erste-plave-lige-starta-u-osijeku\\\/#primaryimage\",\"url\":\"https:\\\/\\\/www.ersteprvaliga.hr\\\/plava-liga\\\/wp-content\\\/uploads\\\/sites\\\/2\\\/2022\\\/04\\\/ErsteLiga-Finale21-0913-01.jpg\",\"contentUrl\":\"https:\\\/\\\/www.ersteprvaliga.hr\\\/plava-liga\\\/wp-content\\\/uploads\\\/sites\\\/2\\\/2022\\\/04\\\/ErsteLiga-Finale21-0913-01.jpg\",\"width\":1181,\"height\":787},{\"@type\":\"BreadcrumbList\",\"@id\":\"https:\\\/\\\/www.ersteprvaliga.hr\\\/plava-liga\\\/jubilarna-deseta-sezona-erste-plave-lige-starta-u-osijeku\\\/#breadcrumb\",\"itemListElement\":[{\"@type\":\"ListItem\",\"position\":1,\"name\":\"Po\u010detna stranica\",\"item\":\"https:\\\/\\\/www.ersteprvaliga.hr\\\/plava-liga\\\/\"},{\"@type\":\"ListItem\",\"position\":2,\"name\":\"Jubilarna deseta sezona Erste Plave lige starta u Osijeku\"}]},{\"@type\":\"WebSite\",\"@id\":\"https:\\\/\\\/www.ersteprvaliga.hr\\\/plava-liga\\\/#website\",\"url\":\"https:\\\/\\\/www.ersteprvaliga.hr\\\/plava-liga\\\/\",\"name\":\"Erste Plava Liga\",\"description\":\"\",\"publisher\":{\"@id\":\"https:\\\/\\\/www.ersteprvaliga.hr\\\/plava-liga\\\/#organization\"},\"potentialAction\":[{\"@type\":\"SearchAction\",\"target\":{\"@type\":\"EntryPoint\",\"urlTemplate\":\"https:\\\/\\\/www.ersteprvaliga.hr\\\/plava-liga\\\/?s={search_term_string}\"},\"query-input\":{\"@type\":\"PropertyValueSpecification\",\"valueRequired\":true,\"valueName\":\"search_term_string\"}}],\"inLanguage\":\"hr\"},{\"@type\":\"Organization\",\"@id\":\"https:\\\/\\\/www.ersteprvaliga.hr\\\/plava-liga\\\/#organization\",\"name\":\"Erste Plava Liga\",\"url\":\"https:\\\/\\\/www.ersteprvaliga.hr\\\/plava-liga\\\/\",\"logo\":{\"@type\":\"ImageObject\",\"inLanguage\":\"hr\",\"@id\":\"https:\\\/\\\/www.ersteprvaliga.hr\\\/plava-liga\\\/#\\\/schema\\\/logo\\\/image\\\/\",\"url\":\"https:\\\/\\\/www.ersteprvaliga.hr\\\/plava-liga\\\/wp-content\\\/uploads\\\/sites\\\/2\\\/2022\\\/03\\\/fb-share-plava-liga-1.jpg\",\"contentUrl\":\"https:\\\/\\\/www.ersteprvaliga.hr\\\/plava-liga\\\/wp-content\\\/uploads\\\/sites\\\/2\\\/2022\\\/03\\\/fb-share-plava-liga-1.jpg\",\"width\":1200,\"height\":630,\"caption\":\"Erste Plava Liga\"},\"image\":{\"@id\":\"https:\\\/\\\/www.ersteprvaliga.hr\\\/plava-liga\\\/#\\\/schema\\\/logo\\\/image\\\/\"}},{\"@type\":\"Person\",\"@id\":\"https:\\\/\\\/www.ersteprvaliga.hr\\\/plava-liga\\\/#\\\/schema\\\/person\\\/b8a657cf6397e2c2e6b9f208d1f5cd0b\",\"name\":\"Marin \u0160arec\",\"image\":{\"@type\":\"ImageObject\",\"inLanguage\":\"hr\",\"@id\":\"https:\\\/\\\/secure.gravatar.com\\\/avatar\\\/c9ead507faf6bb31e2ed98aeb1453bd75599faf65890726d60d6f206cc766d6d?s=96&d=mm&r=g\",\"url\":\"https:\\\/\\\/secure.gravatar.com\\\/avatar\\\/c9ead507faf6bb31e2ed98aeb1453bd75599faf65890726d60d6f206cc766d6d?s=96&d=mm&r=g\",\"contentUrl\":\"https:\\\/\\\/secure.gravatar.com\\\/avatar\\\/c9ead507faf6bb31e2ed98aeb1453bd75599faf65890726d60d6f206cc766d6d?s=96&d=mm&r=g\",\"caption\":\"Marin \u0160arec\"},\"url\":\"https:\\\/\\\/www.ersteprvaliga.hr\\\/plava-liga\\\/author\\\/marin_sarec\\\/\"}]}<\/script>\n<!-- \/ Yoast SEO plugin. -->","yoast_head_json":{"title":"Jubilarna deseta sezona Erste Plave lige starta u Osijeku - Erste Plava Liga","robots":{"index":"index","follow":"follow","max-snippet":"max-snippet:-1","max-image-preview":"max-image-preview:large","max-video-preview":"max-video-preview:-1"},"canonical":"https:\/\/www.ersteprvaliga.hr\/plava-liga\/jubilarna-deseta-sezona-erste-plave-lige-starta-u-osijeku\/","og_locale":"hr_HR","og_type":"article","og_title":"Jubilarna deseta sezona Erste Plave lige starta u Osijeku - Erste Plava Liga","og_description":"Jubilarna deseta sezona Erste Plave lige, najve\u0107eg dje\u010djeg atletskog natjecanja u Hrvatskoj, starta 5. svibnja u Osijeku. Natjecanje i prigodna sve\u010danost odr\u017eat \u0107e se na osje\u010dkom Srednjo\u0161kolskom igrali\u0161tu uz nazo\u010dnost brojnih uglednika iz sportskog i dru\u0161tvenog \u017eivota. U proteklih devet godina je na natjecanjima Erste Plave lige u 11 hrvatskih gradova sudjelovalo vi\u0161e od 32.000 [&hellip;]","og_url":"https:\/\/www.ersteprvaliga.hr\/plava-liga\/jubilarna-deseta-sezona-erste-plave-lige-starta-u-osijeku\/","og_site_name":"Erste Plava Liga","article_published_time":"2022-04-23T11:31:05+00:00","article_modified_time":"2022-04-25T09:51:16+00:00","og_image":[{"width":1181,"height":787,"url":"https:\/\/www.ersteprvaliga.hr\/plava-liga\/wp-content\/uploads\/sites\/2\/2022\/04\/ErsteLiga-Finale21-0913-01.jpg","type":"image\/jpeg"}],"author":"Marin \u0160arec","twitter_card":"summary_large_image","twitter_misc":{"Napisao\/la":"Marin \u0160arec","Procijenjeno vrijeme \u010ditanja":"2 minute"},"schema":{"@context":"https:\/\/schema.org","@graph":[{"@type":"Article","@id":"https:\/\/www.ersteprvaliga.hr\/plava-liga\/jubilarna-deseta-sezona-erste-plave-lige-starta-u-osijeku\/#article","isPartOf":{"@id":"https:\/\/www.ersteprvaliga.hr\/plava-liga\/jubilarna-deseta-sezona-erste-plave-lige-starta-u-osijeku\/"},"author":{"name":"Marin \u0160arec","@id":"https:\/\/www.ersteprvaliga.hr\/plava-liga\/#\/schema\/person\/b8a657cf6397e2c2e6b9f208d1f5cd0b"},"headline":"Jubilarna deseta sezona Erste Plave lige starta u Osijeku","datePublished":"2022-04-23T11:31:05+00:00","dateModified":"2022-04-25T09:51:16+00:00","mainEntityOfPage":{"@id":"https:\/\/www.ersteprvaliga.hr\/plava-liga\/jubilarna-deseta-sezona-erste-plave-lige-starta-u-osijeku\/"},"wordCount":362,"commentCount":0,"publisher":{"@id":"https:\/\/www.ersteprvaliga.hr\/plava-liga\/#organization"},"image":{"@id":"https:\/\/www.ersteprvaliga.hr\/plava-liga\/jubilarna-deseta-sezona-erste-plave-lige-starta-u-osijeku\/#primaryimage"},"thumbnailUrl":"https:\/\/www.ersteprvaliga.hr\/plava-liga\/wp-content\/uploads\/sites\/2\/2022\/04\/ErsteLiga-Finale21-0913-01.jpg","keywords":["atletika","atletsko natjecanje","Erste Plava liga 2022"],"articleSection":["Vijesti"],"inLanguage":"hr","potentialAction":[{"@type":"CommentAction","name":"Comment","target":["https:\/\/www.ersteprvaliga.hr\/plava-liga\/jubilarna-deseta-sezona-erste-plave-lige-starta-u-osijeku\/#respond"]}]},{"@type":"WebPage","@id":"https:\/\/www.ersteprvaliga.hr\/plava-liga\/jubilarna-deseta-sezona-erste-plave-lige-starta-u-osijeku\/","url":"https:\/\/www.ersteprvaliga.hr\/plava-liga\/jubilarna-deseta-sezona-erste-plave-lige-starta-u-osijeku\/","name":"Jubilarna deseta sezona Erste Plave lige starta u Osijeku - Erste Plava Liga","isPartOf":{"@id":"https:\/\/www.ersteprvaliga.hr\/plava-liga\/#website"},"primaryImageOfPage":{"@id":"https:\/\/www.ersteprvaliga.hr\/plava-liga\/jubilarna-deseta-sezona-erste-plave-lige-starta-u-osijeku\/#primaryimage"},"image":{"@id":"https:\/\/www.ersteprvaliga.hr\/plava-liga\/jubilarna-deseta-sezona-erste-plave-lige-starta-u-osijeku\/#primaryimage"},"thumbnailUrl":"https:\/\/www.ersteprvaliga.hr\/plava-liga\/wp-content\/uploads\/sites\/2\/2022\/04\/ErsteLiga-Finale21-0913-01.jpg","datePublished":"2022-04-23T11:31:05+00:00","dateModified":"2022-04-25T09:51:16+00:00","breadcrumb":{"@id":"https:\/\/www.ersteprvaliga.hr\/plava-liga\/jubilarna-deseta-sezona-erste-plave-lige-starta-u-osijeku\/#breadcrumb"},"inLanguage":"hr","potentialAction":[{"@type":"ReadAction","target":["https:\/\/www.ersteprvaliga.hr\/plava-liga\/jubilarna-deseta-sezona-erste-plave-lige-starta-u-osijeku\/"]}]},{"@type":"ImageObject","inLanguage":"hr","@id":"https:\/\/www.ersteprvaliga.hr\/plava-liga\/jubilarna-deseta-sezona-erste-plave-lige-starta-u-osijeku\/#primaryimage","url":"https:\/\/www.ersteprvaliga.hr\/plava-liga\/wp-content\/uploads\/sites\/2\/2022\/04\/ErsteLiga-Finale21-0913-01.jpg","contentUrl":"https:\/\/www.ersteprvaliga.hr\/plava-liga\/wp-content\/uploads\/sites\/2\/2022\/04\/ErsteLiga-Finale21-0913-01.jpg","width":1181,"height":787},{"@type":"BreadcrumbList","@id":"https:\/\/www.ersteprvaliga.hr\/plava-liga\/jubilarna-deseta-sezona-erste-plave-lige-starta-u-osijeku\/#breadcrumb","itemListElement":[{"@type":"ListItem","position":1,"name":"Po\u010detna stranica","item":"https:\/\/www.ersteprvaliga.hr\/plava-liga\/"},{"@type":"ListItem","position":2,"name":"Jubilarna deseta sezona Erste Plave lige starta u Osijeku"}]},{"@type":"WebSite","@id":"https:\/\/www.ersteprvaliga.hr\/plava-liga\/#website","url":"https:\/\/www.ersteprvaliga.hr\/plava-liga\/","name":"Erste Plava Liga","description":"","publisher":{"@id":"https:\/\/www.ersteprvaliga.hr\/plava-liga\/#organization"},"potentialAction":[{"@type":"SearchAction","target":{"@type":"EntryPoint","urlTemplate":"https:\/\/www.ersteprvaliga.hr\/plava-liga\/?s={search_term_string}"},"query-input":{"@type":"PropertyValueSpecification","valueRequired":true,"valueName":"search_term_string"}}],"inLanguage":"hr"},{"@type":"Organization","@id":"https:\/\/www.ersteprvaliga.hr\/plava-liga\/#organization","name":"Erste Plava Liga","url":"https:\/\/www.ersteprvaliga.hr\/plava-liga\/","logo":{"@type":"ImageObject","inLanguage":"hr","@id":"https:\/\/www.ersteprvaliga.hr\/plava-liga\/#\/schema\/logo\/image\/","url":"https:\/\/www.ersteprvaliga.hr\/plava-liga\/wp-content\/uploads\/sites\/2\/2022\/03\/fb-share-plava-liga-1.jpg","contentUrl":"https:\/\/www.ersteprvaliga.hr\/plava-liga\/wp-content\/uploads\/sites\/2\/2022\/03\/fb-share-plava-liga-1.jpg","width":1200,"height":630,"caption":"Erste Plava Liga"},"image":{"@id":"https:\/\/www.ersteprvaliga.hr\/plava-liga\/#\/schema\/logo\/image\/"}},{"@type":"Person","@id":"https:\/\/www.ersteprvaliga.hr\/plava-liga\/#\/schema\/person\/b8a657cf6397e2c2e6b9f208d1f5cd0b","name":"Marin \u0160arec","image":{"@type":"ImageObject","inLanguage":"hr","@id":"https:\/\/secure.gravatar.com\/avatar\/c9ead507faf6bb31e2ed98aeb1453bd75599faf65890726d60d6f206cc766d6d?s=96&d=mm&r=g","url":"https:\/\/secure.gravatar.com\/avatar\/c9ead507faf6bb31e2ed98aeb1453bd75599faf65890726d60d6f206cc766d6d?s=96&d=mm&r=g","contentUrl":"https:\/\/secure.gravatar.com\/avatar\/c9ead507faf6bb31e2ed98aeb1453bd75599faf65890726d60d6f206cc766d6d?s=96&d=mm&r=g","caption":"Marin \u0160arec"},"url":"https:\/\/www.ersteprvaliga.hr\/plava-liga\/author\/marin_sarec\/"}]}},"_links":{"self":[{"href":"https:\/\/www.ersteprvaliga.hr\/plava-liga\/wp-json\/wp\/v2\/posts\/3396","targetHints":{"allow":["GET"]}}],"collection":[{"href":"https:\/\/www.ersteprvaliga.hr\/plava-liga\/wp-json\/wp\/v2\/posts"}],"about":[{"href":"https:\/\/www.ersteprvaliga.hr\/plava-liga\/wp-json\/wp\/v2\/types\/post"}],"author":[{"embeddable":true,"href":"https:\/\/www.ersteprvaliga.hr\/plava-liga\/wp-json\/wp\/v2\/users\/2581"}],"replies":[{"embeddable":true,"href":"https:\/\/www.ersteprvaliga.hr\/plava-liga\/wp-json\/wp\/v2\/comments?post=3396"}],"version-history":[{"count":3,"href":"https:\/\/www.ersteprvaliga.hr\/plava-liga\/wp-json\/wp\/v2\/posts\/3396\/revisions"}],"predecessor-version":[{"id":3400,"href":"https:\/\/www.ersteprvaliga.hr\/plava-liga\/wp-json\/wp\/v2\/posts\/3396\/revisions\/3400"}],"wp:featuredmedia":[{"embeddable":true,"href":"https:\/\/www.ersteprvaliga.hr\/plava-liga\/wp-json\/wp\/v2\/media\/3397"}],"wp:attachment":[{"href":"https:\/\/www.ersteprvaliga.hr\/plava-liga\/wp-json\/wp\/v2\/media?parent=3396"}],"wp:term":[{"taxonomy":"category","embeddable":true,"href":"https:\/\/www.ersteprvaliga.hr\/plava-liga\/wp-json\/wp\/v2\/categories?post=3396"},{"taxonomy":"post_tag","embeddable":true,"href":"https:\/\/www.ersteprvaliga.hr\/plava-liga\/wp-json\/wp\/v2\/tags?post=3396"}],"curies":[{"name":"wp","href":"https:\/\/api.w.org\/{rel}","templated":true}]}}