{"id":3362,"date":"2022-02-15T13:18:58","date_gmt":"2022-02-15T12:18:58","guid":{"rendered":"https:\/\/www.ersteprvaliga.hr\/plava-liga\/?p=3362"},"modified":"2022-02-15T13:18:59","modified_gmt":"2022-02-15T12:18:59","slug":"izabrano-novo-vodstvo-atletskog-kluba-pro-sport","status":"publish","type":"post","link":"https:\/\/www.ersteprvaliga.hr\/plava-liga\/izabrano-novo-vodstvo-atletskog-kluba-pro-sport\/","title":{"rendered":"Izabrano novo vodstvo atletskog kluba Pro Sport"},"content":{"rendered":"\n<p class=\"wp-block-paragraph\">Atletski klub Pro Sport, organizator najve\u0107eg dje\u010djeg atletskog natjecanja Erste Plave lige, dobio je novo vodstvo. Rije\u010d je o biv\u0161im istaknutim atleti\u010darima i reprezentativcima.<\/p>\n\n\n\n<p class=\"wp-block-paragraph\">Za predsjednicu kluba izabrana je <strong>Martina Luli\u0107<\/strong>, nekada\u0161nja rekorderka i dvostruka prvakinja Hrvatske u bacanju kugle. Novi dopredsjednik je <strong>Zlatan \u017dmirak<\/strong>, biv\u0161i prvak Hrvatske u bacanju kugle na otvorenome i u dvorani.<\/p>\n\n\n\n<p class=\"wp-block-paragraph\">AK Pro Sport nastavlja s organizacijom Erste Plave lige u kojoj je do sada sudjelovalo vi\u0161e od 32.000 osnovno\u0161kolaca, ali i ostalih projekata kojima je cilj uklju\u010diti u sport \u0161to vi\u0161e djece kroz organizaciju natjecanja, o\u017eivljavanje klubova i edukaciju.<\/p>\n\n\n\n<p class=\"wp-block-paragraph\">Jedan od njih je i projekt 60minutaKRENI, koji promi\u010de zna\u010daj svakodnevne fizi\u010dke aktivnosti djece pod stru\u010dnim vodstvom. Voditeljica ovog projekta je nekad najbolja atleti\u010darka svijeta <strong>Blanka Vla\u0161i\u0107<\/strong>.<\/p>\n","protected":false},"excerpt":{"rendered":"<p>Atletski klub Pro Sport, organizator najve\u0107eg dje\u010djeg atletskog natjecanja Erste Plave lige, dobio je novo vodstvo. Rije\u010d je o biv\u0161im istaknutim atleti\u010darima i reprezentativcima. Za predsjednicu kluba izabrana je Martina Luli\u0107, nekada\u0161nja rekorderka i dvostruka prvakinja Hrvatske u bacanju kugle. Novi dopredsjednik je Zlatan \u017dmirak, biv\u0161i prvak Hrvatske u bacanju kugle na otvorenome i u [&hellip;]<\/p>\n","protected":false},"author":4867,"featured_media":3363,"comment_status":"open","ping_status":"open","sticky":false,"template":"","format":"standard","meta":{"footnotes":""},"categories":[11],"tags":[29,23,43,42,44],"class_list":["post-3362","post","type-post","status-publish","format-standard","has-post-thumbnail","hentry","category-vijesti","tag-blanka-vlasic","tag-erste-plava-liga","tag-martina-lulic","tag-pro-sport","tag-zlatan-zmirak"],"yoast_head":"<!-- This site is optimized with the Yoast SEO plugin v28.3 - https:\/\/yoast.com\/product\/yoast-seo-wordpress\/ -->\n<title>Izabrano novo vodstvo atletskog kluba Pro Sport - Erste Plava Liga<\/title>\n<meta name=\"robots\" content=\"index, follow, max-snippet:-1, max-image-preview:large, max-video-preview:-1\" \/>\n<link rel=\"canonical\" href=\"https:\/\/www.ersteprvaliga.hr\/plava-liga\/izabrano-novo-vodstvo-atletskog-kluba-pro-sport\/\" \/>\n<meta property=\"og:locale\" content=\"hr_HR\" \/>\n<meta property=\"og:type\" content=\"article\" \/>\n<meta property=\"og:title\" content=\"Izabrano novo vodstvo atletskog kluba Pro Sport - Erste Plava Liga\" \/>\n<meta property=\"og:description\" content=\"Atletski klub Pro Sport, organizator najve\u0107eg dje\u010djeg atletskog natjecanja Erste Plave lige, dobio je novo vodstvo. Rije\u010d je o biv\u0161im istaknutim atleti\u010darima i reprezentativcima. Za predsjednicu kluba izabrana je Martina Luli\u0107, nekada\u0161nja rekorderka i dvostruka prvakinja Hrvatske u bacanju kugle. Novi dopredsjednik je Zlatan \u017dmirak, biv\u0161i prvak Hrvatske u bacanju kugle na otvorenome i u [&hellip;]\" \/>\n<meta property=\"og:url\" content=\"https:\/\/www.ersteprvaliga.hr\/plava-liga\/izabrano-novo-vodstvo-atletskog-kluba-pro-sport\/\" \/>\n<meta property=\"og:site_name\" content=\"Erste Plava Liga\" \/>\n<meta property=\"article:published_time\" content=\"2022-02-15T12:18:58+00:00\" \/>\n<meta property=\"article:modified_time\" content=\"2022-02-15T12:18:59+00:00\" \/>\n<meta property=\"og:image\" content=\"https:\/\/www.ersteprvaliga.hr\/plava-liga\/wp-content\/uploads\/sites\/2\/2022\/02\/Lula.jpg\" \/>\n\t<meta property=\"og:image:width\" content=\"1029\" \/>\n\t<meta property=\"og:image:height\" content=\"672\" \/>\n\t<meta property=\"og:image:type\" content=\"image\/jpeg\" \/>\n<meta name=\"author\" content=\"Marin\" \/>\n<meta name=\"twitter:card\" content=\"summary_large_image\" \/>\n<meta name=\"twitter:label1\" content=\"Napisao\/la\" \/>\n\t<meta name=\"twitter:data1\" content=\"Marin\" \/>\n\t<meta name=\"twitter:label2\" content=\"Procijenjeno vrijeme \u010ditanja\" \/>\n\t<meta name=\"twitter:data2\" content=\"1 minuta\" \/>\n<script type=\"application\/ld+json\" class=\"yoast-schema-graph\">{\"@context\":\"https:\\\/\\\/schema.org\",\"@graph\":[{\"@type\":\"Article\",\"@id\":\"https:\\\/\\\/www.ersteprvaliga.hr\\\/plava-liga\\\/izabrano-novo-vodstvo-atletskog-kluba-pro-sport\\\/#article\",\"isPartOf\":{\"@id\":\"https:\\\/\\\/www.ersteprvaliga.hr\\\/plava-liga\\\/izabrano-novo-vodstvo-atletskog-kluba-pro-sport\\\/\"},\"author\":{\"name\":\"Marin\",\"@id\":\"https:\\\/\\\/www.ersteprvaliga.hr\\\/plava-liga\\\/#\\\/schema\\\/person\\\/368b0abcd32dabf962d104fdfebda713\"},\"headline\":\"Izabrano novo vodstvo atletskog kluba Pro Sport\",\"datePublished\":\"2022-02-15T12:18:58+00:00\",\"dateModified\":\"2022-02-15T12:18:59+00:00\",\"mainEntityOfPage\":{\"@id\":\"https:\\\/\\\/www.ersteprvaliga.hr\\\/plava-liga\\\/izabrano-novo-vodstvo-atletskog-kluba-pro-sport\\\/\"},\"wordCount\":145,\"commentCount\":0,\"publisher\":{\"@id\":\"https:\\\/\\\/www.ersteprvaliga.hr\\\/plava-liga\\\/#organization\"},\"image\":{\"@id\":\"https:\\\/\\\/www.ersteprvaliga.hr\\\/plava-liga\\\/izabrano-novo-vodstvo-atletskog-kluba-pro-sport\\\/#primaryimage\"},\"thumbnailUrl\":\"https:\\\/\\\/www.ersteprvaliga.hr\\\/plava-liga\\\/wp-content\\\/uploads\\\/sites\\\/2\\\/2022\\\/02\\\/Lula.jpg\",\"keywords\":[\"blanka vla\u0161i\u0107\",\"erste plava liga\",\"Martina Luli\u0107\",\"Pro Sport\",\"Zlatan \u017dmirak\"],\"articleSection\":[\"Vijesti\"],\"inLanguage\":\"hr\",\"potentialAction\":[{\"@type\":\"CommentAction\",\"name\":\"Comment\",\"target\":[\"https:\\\/\\\/www.ersteprvaliga.hr\\\/plava-liga\\\/izabrano-novo-vodstvo-atletskog-kluba-pro-sport\\\/#respond\"]}]},{\"@type\":\"WebPage\",\"@id\":\"https:\\\/\\\/www.ersteprvaliga.hr\\\/plava-liga\\\/izabrano-novo-vodstvo-atletskog-kluba-pro-sport\\\/\",\"url\":\"https:\\\/\\\/www.ersteprvaliga.hr\\\/plava-liga\\\/izabrano-novo-vodstvo-atletskog-kluba-pro-sport\\\/\",\"name\":\"Izabrano novo vodstvo atletskog kluba Pro Sport - Erste Plava Liga\",\"isPartOf\":{\"@id\":\"https:\\\/\\\/www.ersteprvaliga.hr\\\/plava-liga\\\/#website\"},\"primaryImageOfPage\":{\"@id\":\"https:\\\/\\\/www.ersteprvaliga.hr\\\/plava-liga\\\/izabrano-novo-vodstvo-atletskog-kluba-pro-sport\\\/#primaryimage\"},\"image\":{\"@id\":\"https:\\\/\\\/www.ersteprvaliga.hr\\\/plava-liga\\\/izabrano-novo-vodstvo-atletskog-kluba-pro-sport\\\/#primaryimage\"},\"thumbnailUrl\":\"https:\\\/\\\/www.ersteprvaliga.hr\\\/plava-liga\\\/wp-content\\\/uploads\\\/sites\\\/2\\\/2022\\\/02\\\/Lula.jpg\",\"datePublished\":\"2022-02-15T12:18:58+00:00\",\"dateModified\":\"2022-02-15T12:18:59+00:00\",\"breadcrumb\":{\"@id\":\"https:\\\/\\\/www.ersteprvaliga.hr\\\/plava-liga\\\/izabrano-novo-vodstvo-atletskog-kluba-pro-sport\\\/#breadcrumb\"},\"inLanguage\":\"hr\",\"potentialAction\":[{\"@type\":\"ReadAction\",\"target\":[\"https:\\\/\\\/www.ersteprvaliga.hr\\\/plava-liga\\\/izabrano-novo-vodstvo-atletskog-kluba-pro-sport\\\/\"]}]},{\"@type\":\"ImageObject\",\"inLanguage\":\"hr\",\"@id\":\"https:\\\/\\\/www.ersteprvaliga.hr\\\/plava-liga\\\/izabrano-novo-vodstvo-atletskog-kluba-pro-sport\\\/#primaryimage\",\"url\":\"https:\\\/\\\/www.ersteprvaliga.hr\\\/plava-liga\\\/wp-content\\\/uploads\\\/sites\\\/2\\\/2022\\\/02\\\/Lula.jpg\",\"contentUrl\":\"https:\\\/\\\/www.ersteprvaliga.hr\\\/plava-liga\\\/wp-content\\\/uploads\\\/sites\\\/2\\\/2022\\\/02\\\/Lula.jpg\",\"width\":1029,\"height\":672},{\"@type\":\"BreadcrumbList\",\"@id\":\"https:\\\/\\\/www.ersteprvaliga.hr\\\/plava-liga\\\/izabrano-novo-vodstvo-atletskog-kluba-pro-sport\\\/#breadcrumb\",\"itemListElement\":[{\"@type\":\"ListItem\",\"position\":1,\"name\":\"Po\u010detna stranica\",\"item\":\"https:\\\/\\\/www.ersteprvaliga.hr\\\/plava-liga\\\/\"},{\"@type\":\"ListItem\",\"position\":2,\"name\":\"Izabrano novo vodstvo atletskog kluba Pro Sport\"}]},{\"@type\":\"WebSite\",\"@id\":\"https:\\\/\\\/www.ersteprvaliga.hr\\\/plava-liga\\\/#website\",\"url\":\"https:\\\/\\\/www.ersteprvaliga.hr\\\/plava-liga\\\/\",\"name\":\"Erste Plava Liga\",\"description\":\"\",\"publisher\":{\"@id\":\"https:\\\/\\\/www.ersteprvaliga.hr\\\/plava-liga\\\/#organization\"},\"potentialAction\":[{\"@type\":\"SearchAction\",\"target\":{\"@type\":\"EntryPoint\",\"urlTemplate\":\"https:\\\/\\\/www.ersteprvaliga.hr\\\/plava-liga\\\/?s={search_term_string}\"},\"query-input\":{\"@type\":\"PropertyValueSpecification\",\"valueRequired\":true,\"valueName\":\"search_term_string\"}}],\"inLanguage\":\"hr\"},{\"@type\":\"Organization\",\"@id\":\"https:\\\/\\\/www.ersteprvaliga.hr\\\/plava-liga\\\/#organization\",\"name\":\"Erste Plava Liga\",\"url\":\"https:\\\/\\\/www.ersteprvaliga.hr\\\/plava-liga\\\/\",\"logo\":{\"@type\":\"ImageObject\",\"inLanguage\":\"hr\",\"@id\":\"https:\\\/\\\/www.ersteprvaliga.hr\\\/plava-liga\\\/#\\\/schema\\\/logo\\\/image\\\/\",\"url\":\"https:\\\/\\\/www.ersteprvaliga.hr\\\/plava-liga\\\/wp-content\\\/uploads\\\/sites\\\/2\\\/2022\\\/03\\\/fb-share-plava-liga-1.jpg\",\"contentUrl\":\"https:\\\/\\\/www.ersteprvaliga.hr\\\/plava-liga\\\/wp-content\\\/uploads\\\/sites\\\/2\\\/2022\\\/03\\\/fb-share-plava-liga-1.jpg\",\"width\":1200,\"height\":630,\"caption\":\"Erste Plava Liga\"},\"image\":{\"@id\":\"https:\\\/\\\/www.ersteprvaliga.hr\\\/plava-liga\\\/#\\\/schema\\\/logo\\\/image\\\/\"}},{\"@type\":\"Person\",\"@id\":\"https:\\\/\\\/www.ersteprvaliga.hr\\\/plava-liga\\\/#\\\/schema\\\/person\\\/368b0abcd32dabf962d104fdfebda713\",\"name\":\"Marin\",\"image\":{\"@type\":\"ImageObject\",\"inLanguage\":\"hr\",\"@id\":\"https:\\\/\\\/secure.gravatar.com\\\/avatar\\\/e632f4f7eb4b34fdb92c6fcc7e0a33284049b281ccd804e4faa22f85903127b9?s=96&d=mm&r=g\",\"url\":\"https:\\\/\\\/secure.gravatar.com\\\/avatar\\\/e632f4f7eb4b34fdb92c6fcc7e0a33284049b281ccd804e4faa22f85903127b9?s=96&d=mm&r=g\",\"contentUrl\":\"https:\\\/\\\/secure.gravatar.com\\\/avatar\\\/e632f4f7eb4b34fdb92c6fcc7e0a33284049b281ccd804e4faa22f85903127b9?s=96&d=mm&r=g\",\"caption\":\"Marin\"},\"url\":\"https:\\\/\\\/www.ersteprvaliga.hr\\\/plava-liga\\\/author\\\/marin2\\\/\"}]}<\/script>\n<!-- \/ Yoast SEO plugin. -->","yoast_head_json":{"title":"Izabrano novo vodstvo atletskog kluba Pro Sport - Erste Plava Liga","robots":{"index":"index","follow":"follow","max-snippet":"max-snippet:-1","max-image-preview":"max-image-preview:large","max-video-preview":"max-video-preview:-1"},"canonical":"https:\/\/www.ersteprvaliga.hr\/plava-liga\/izabrano-novo-vodstvo-atletskog-kluba-pro-sport\/","og_locale":"hr_HR","og_type":"article","og_title":"Izabrano novo vodstvo atletskog kluba Pro Sport - Erste Plava Liga","og_description":"Atletski klub Pro Sport, organizator najve\u0107eg dje\u010djeg atletskog natjecanja Erste Plave lige, dobio je novo vodstvo. Rije\u010d je o biv\u0161im istaknutim atleti\u010darima i reprezentativcima. Za predsjednicu kluba izabrana je Martina Luli\u0107, nekada\u0161nja rekorderka i dvostruka prvakinja Hrvatske u bacanju kugle. Novi dopredsjednik je Zlatan \u017dmirak, biv\u0161i prvak Hrvatske u bacanju kugle na otvorenome i u [&hellip;]","og_url":"https:\/\/www.ersteprvaliga.hr\/plava-liga\/izabrano-novo-vodstvo-atletskog-kluba-pro-sport\/","og_site_name":"Erste Plava Liga","article_published_time":"2022-02-15T12:18:58+00:00","article_modified_time":"2022-02-15T12:18:59+00:00","og_image":[{"width":1029,"height":672,"url":"https:\/\/www.ersteprvaliga.hr\/plava-liga\/wp-content\/uploads\/sites\/2\/2022\/02\/Lula.jpg","type":"image\/jpeg"}],"author":"Marin","twitter_card":"summary_large_image","twitter_misc":{"Napisao\/la":"Marin","Procijenjeno vrijeme \u010ditanja":"1 minuta"},"schema":{"@context":"https:\/\/schema.org","@graph":[{"@type":"Article","@id":"https:\/\/www.ersteprvaliga.hr\/plava-liga\/izabrano-novo-vodstvo-atletskog-kluba-pro-sport\/#article","isPartOf":{"@id":"https:\/\/www.ersteprvaliga.hr\/plava-liga\/izabrano-novo-vodstvo-atletskog-kluba-pro-sport\/"},"author":{"name":"Marin","@id":"https:\/\/www.ersteprvaliga.hr\/plava-liga\/#\/schema\/person\/368b0abcd32dabf962d104fdfebda713"},"headline":"Izabrano novo vodstvo atletskog kluba Pro Sport","datePublished":"2022-02-15T12:18:58+00:00","dateModified":"2022-02-15T12:18:59+00:00","mainEntityOfPage":{"@id":"https:\/\/www.ersteprvaliga.hr\/plava-liga\/izabrano-novo-vodstvo-atletskog-kluba-pro-sport\/"},"wordCount":145,"commentCount":0,"publisher":{"@id":"https:\/\/www.ersteprvaliga.hr\/plava-liga\/#organization"},"image":{"@id":"https:\/\/www.ersteprvaliga.hr\/plava-liga\/izabrano-novo-vodstvo-atletskog-kluba-pro-sport\/#primaryimage"},"thumbnailUrl":"https:\/\/www.ersteprvaliga.hr\/plava-liga\/wp-content\/uploads\/sites\/2\/2022\/02\/Lula.jpg","keywords":["blanka vla\u0161i\u0107","erste plava liga","Martina Luli\u0107","Pro Sport","Zlatan \u017dmirak"],"articleSection":["Vijesti"],"inLanguage":"hr","potentialAction":[{"@type":"CommentAction","name":"Comment","target":["https:\/\/www.ersteprvaliga.hr\/plava-liga\/izabrano-novo-vodstvo-atletskog-kluba-pro-sport\/#respond"]}]},{"@type":"WebPage","@id":"https:\/\/www.ersteprvaliga.hr\/plava-liga\/izabrano-novo-vodstvo-atletskog-kluba-pro-sport\/","url":"https:\/\/www.ersteprvaliga.hr\/plava-liga\/izabrano-novo-vodstvo-atletskog-kluba-pro-sport\/","name":"Izabrano novo vodstvo atletskog kluba Pro Sport - Erste Plava Liga","isPartOf":{"@id":"https:\/\/www.ersteprvaliga.hr\/plava-liga\/#website"},"primaryImageOfPage":{"@id":"https:\/\/www.ersteprvaliga.hr\/plava-liga\/izabrano-novo-vodstvo-atletskog-kluba-pro-sport\/#primaryimage"},"image":{"@id":"https:\/\/www.ersteprvaliga.hr\/plava-liga\/izabrano-novo-vodstvo-atletskog-kluba-pro-sport\/#primaryimage"},"thumbnailUrl":"https:\/\/www.ersteprvaliga.hr\/plava-liga\/wp-content\/uploads\/sites\/2\/2022\/02\/Lula.jpg","datePublished":"2022-02-15T12:18:58+00:00","dateModified":"2022-02-15T12:18:59+00:00","breadcrumb":{"@id":"https:\/\/www.ersteprvaliga.hr\/plava-liga\/izabrano-novo-vodstvo-atletskog-kluba-pro-sport\/#breadcrumb"},"inLanguage":"hr","potentialAction":[{"@type":"ReadAction","target":["https:\/\/www.ersteprvaliga.hr\/plava-liga\/izabrano-novo-vodstvo-atletskog-kluba-pro-sport\/"]}]},{"@type":"ImageObject","inLanguage":"hr","@id":"https:\/\/www.ersteprvaliga.hr\/plava-liga\/izabrano-novo-vodstvo-atletskog-kluba-pro-sport\/#primaryimage","url":"https:\/\/www.ersteprvaliga.hr\/plava-liga\/wp-content\/uploads\/sites\/2\/2022\/02\/Lula.jpg","contentUrl":"https:\/\/www.ersteprvaliga.hr\/plava-liga\/wp-content\/uploads\/sites\/2\/2022\/02\/Lula.jpg","width":1029,"height":672},{"@type":"BreadcrumbList","@id":"https:\/\/www.ersteprvaliga.hr\/plava-liga\/izabrano-novo-vodstvo-atletskog-kluba-pro-sport\/#breadcrumb","itemListElement":[{"@type":"ListItem","position":1,"name":"Po\u010detna stranica","item":"https:\/\/www.ersteprvaliga.hr\/plava-liga\/"},{"@type":"ListItem","position":2,"name":"Izabrano novo vodstvo atletskog kluba Pro Sport"}]},{"@type":"WebSite","@id":"https:\/\/www.ersteprvaliga.hr\/plava-liga\/#website","url":"https:\/\/www.ersteprvaliga.hr\/plava-liga\/","name":"Erste Plava Liga","description":"","publisher":{"@id":"https:\/\/www.ersteprvaliga.hr\/plava-liga\/#organization"},"potentialAction":[{"@type":"SearchAction","target":{"@type":"EntryPoint","urlTemplate":"https:\/\/www.ersteprvaliga.hr\/plava-liga\/?s={search_term_string}"},"query-input":{"@type":"PropertyValueSpecification","valueRequired":true,"valueName":"search_term_string"}}],"inLanguage":"hr"},{"@type":"Organization","@id":"https:\/\/www.ersteprvaliga.hr\/plava-liga\/#organization","name":"Erste Plava Liga","url":"https:\/\/www.ersteprvaliga.hr\/plava-liga\/","logo":{"@type":"ImageObject","inLanguage":"hr","@id":"https:\/\/www.ersteprvaliga.hr\/plava-liga\/#\/schema\/logo\/image\/","url":"https:\/\/www.ersteprvaliga.hr\/plava-liga\/wp-content\/uploads\/sites\/2\/2022\/03\/fb-share-plava-liga-1.jpg","contentUrl":"https:\/\/www.ersteprvaliga.hr\/plava-liga\/wp-content\/uploads\/sites\/2\/2022\/03\/fb-share-plava-liga-1.jpg","width":1200,"height":630,"caption":"Erste Plava Liga"},"image":{"@id":"https:\/\/www.ersteprvaliga.hr\/plava-liga\/#\/schema\/logo\/image\/"}},{"@type":"Person","@id":"https:\/\/www.ersteprvaliga.hr\/plava-liga\/#\/schema\/person\/368b0abcd32dabf962d104fdfebda713","name":"Marin","image":{"@type":"ImageObject","inLanguage":"hr","@id":"https:\/\/secure.gravatar.com\/avatar\/e632f4f7eb4b34fdb92c6fcc7e0a33284049b281ccd804e4faa22f85903127b9?s=96&d=mm&r=g","url":"https:\/\/secure.gravatar.com\/avatar\/e632f4f7eb4b34fdb92c6fcc7e0a33284049b281ccd804e4faa22f85903127b9?s=96&d=mm&r=g","contentUrl":"https:\/\/secure.gravatar.com\/avatar\/e632f4f7eb4b34fdb92c6fcc7e0a33284049b281ccd804e4faa22f85903127b9?s=96&d=mm&r=g","caption":"Marin"},"url":"https:\/\/www.ersteprvaliga.hr\/plava-liga\/author\/marin2\/"}]}},"_links":{"self":[{"href":"https:\/\/www.ersteprvaliga.hr\/plava-liga\/wp-json\/wp\/v2\/posts\/3362","targetHints":{"allow":["GET"]}}],"collection":[{"href":"https:\/\/www.ersteprvaliga.hr\/plava-liga\/wp-json\/wp\/v2\/posts"}],"about":[{"href":"https:\/\/www.ersteprvaliga.hr\/plava-liga\/wp-json\/wp\/v2\/types\/post"}],"author":[{"embeddable":true,"href":"https:\/\/www.ersteprvaliga.hr\/plava-liga\/wp-json\/wp\/v2\/users\/4867"}],"replies":[{"embeddable":true,"href":"https:\/\/www.ersteprvaliga.hr\/plava-liga\/wp-json\/wp\/v2\/comments?post=3362"}],"version-history":[{"count":1,"href":"https:\/\/www.ersteprvaliga.hr\/plava-liga\/wp-json\/wp\/v2\/posts\/3362\/revisions"}],"predecessor-version":[{"id":3364,"href":"https:\/\/www.ersteprvaliga.hr\/plava-liga\/wp-json\/wp\/v2\/posts\/3362\/revisions\/3364"}],"wp:featuredmedia":[{"embeddable":true,"href":"https:\/\/www.ersteprvaliga.hr\/plava-liga\/wp-json\/wp\/v2\/media\/3363"}],"wp:attachment":[{"href":"https:\/\/www.ersteprvaliga.hr\/plava-liga\/wp-json\/wp\/v2\/media?parent=3362"}],"wp:term":[{"taxonomy":"category","embeddable":true,"href":"https:\/\/www.ersteprvaliga.hr\/plava-liga\/wp-json\/wp\/v2\/categories?post=3362"},{"taxonomy":"post_tag","embeddable":true,"href":"https:\/\/www.ersteprvaliga.hr\/plava-liga\/wp-json\/wp\/v2\/tags?post=3362"}],"curies":[{"name":"wp","href":"https:\/\/api.w.org\/{rel}","templated":true}]}}