{"id":3080,"date":"2021-09-05T13:52:09","date_gmt":"2021-09-05T11:52:09","guid":{"rendered":"https:\/\/www.ersteprvaliga.hr\/plava-liga\/?p=3080"},"modified":"2022-05-15T11:43:44","modified_gmt":"2022-05-15T09:43:44","slug":"finale-erste-plave-lige-ipak-ce-biti-odrzano-na-sveticama","status":"publish","type":"post","link":"https:\/\/www.ersteprvaliga.hr\/plava-liga\/finale-erste-plave-lige-ipak-ce-biti-odrzano-na-sveticama\/","title":{"rendered":"Finale Erste Plave lige ipak \u0107e biti odr\u017eano \u2013 na Sveticama!"},"content":{"rendered":"\n<p class=\"wp-block-paragraph\"><strong>Iako je ranije objavljeno da se zbog epidemiolo\u0161kih mjera na Memorijalu Borisa Han\u017eekovi\u0107a ne\u0107e odr\u017eati finale ovogodi\u0161nje Erste Plave lige, ono \u0107e ipak biti odr\u017eano, ali na Sveticama.<\/strong><\/p>\n\n\n\n<p class=\"wp-block-paragraph\">Nakon konzultacije s klubovima suorganizatorima ovog najve\u0107eg dje\u010djeg atletskog natjecanja u Hrvatskoj, odlu\u010deno je da se finale Erste Plave lige 2021 odr\u017ei na atletskom&nbsp;<strong>stadionu SRC Svetice u Zagrebu, 13. rujna u 15 sati.<\/strong>&nbsp;Informacije o putovanju i ostalim va\u017enim organizacijskim pojedinostima sudionicima finala na vrijeme \u0107e javiti klubovi i gradovi suorganizatori lige.<\/p>\n\n\n\n<p class=\"wp-block-paragraph\">Ispri\u010davamo se natjecateljima, njihovim roditeljima, \u0161kolama i klubovima koji su sudjelovali u kvalifikacijama u devet hrvatskih gradova zbog toga \u0161to finale Erste Plave lige 2021 ne\u0107e biti odr\u017eano u sklopu Memorijala Borisa Han\u017eekovi\u0107a, ve\u0107 dan ranije na drugom stadionu u Zagrebu.<\/p>\n\n\n\n<p class=\"wp-block-paragraph\">Posljednjih dana radimo sve kako bismo prona\u0161li najbolje rje\u0161enje za odr\u017eavanje finala Erste Plave lige i vjerujemo da \u0107emo i s novim terminom i stadionom imati normalnu zavr\u0161nicu natjecanja na kojem je ove godine sudjelovalo 2600 u\u010denica i u\u010denika od 3. do 6. razreda osnovnih \u0161kola.<\/p>\n\n\n\n<p class=\"wp-block-paragraph\">Zahvaljujemo svima na razumijevanju i strpljenju.<\/p>\n","protected":false},"excerpt":{"rendered":"<p>Iako je ranije objavljeno da se zbog epidemiolo\u0161kih mjera na Memorijalu Borisa Han\u017eekovi\u0107a ne\u0107e odr\u017eati finale ovogodi\u0161nje Erste Plave lige, ono \u0107e ipak biti odr\u017eano, ali na Sveticama. Nakon konzultacije s klubovima suorganizatorima ovog najve\u0107eg dje\u010djeg atletskog natjecanja u Hrvatskoj, odlu\u010deno je da se finale Erste Plave lige 2021 odr\u017ei na atletskom&nbsp;stadionu SRC Svetice u [&hellip;]<\/p>\n","protected":false},"author":4867,"featured_media":3081,"comment_status":"open","ping_status":"open","sticky":false,"template":"","format":"standard","meta":{"footnotes":""},"categories":[11],"tags":[],"class_list":["post-3080","post","type-post","status-publish","format-standard","has-post-thumbnail","hentry","category-vijesti"],"yoast_head":"<!-- This site is optimized with the Yoast SEO plugin v28.3 - https:\/\/yoast.com\/product\/yoast-seo-wordpress\/ -->\n<title>Finale Erste Plave lige ipak \u0107e biti odr\u017eano \u2013 na Sveticama! - Erste Plava Liga<\/title>\n<meta name=\"robots\" content=\"index, follow, max-snippet:-1, max-image-preview:large, max-video-preview:-1\" \/>\n<link rel=\"canonical\" href=\"https:\/\/www.ersteprvaliga.hr\/plava-liga\/finale-erste-plave-lige-ipak-ce-biti-odrzano-na-sveticama\/\" \/>\n<meta property=\"og:locale\" content=\"hr_HR\" \/>\n<meta property=\"og:type\" content=\"article\" \/>\n<meta property=\"og:title\" content=\"Finale Erste Plave lige ipak \u0107e biti odr\u017eano \u2013 na Sveticama! - Erste Plava Liga\" \/>\n<meta property=\"og:description\" content=\"Iako je ranije objavljeno da se zbog epidemiolo\u0161kih mjera na Memorijalu Borisa Han\u017eekovi\u0107a ne\u0107e odr\u017eati finale ovogodi\u0161nje Erste Plave lige, ono \u0107e ipak biti odr\u017eano, ali na Sveticama. Nakon konzultacije s klubovima suorganizatorima ovog najve\u0107eg dje\u010djeg atletskog natjecanja u Hrvatskoj, odlu\u010deno je da se finale Erste Plave lige 2021 odr\u017ei na atletskom&nbsp;stadionu SRC Svetice u [&hellip;]\" \/>\n<meta property=\"og:url\" content=\"https:\/\/www.ersteprvaliga.hr\/plava-liga\/finale-erste-plave-lige-ipak-ce-biti-odrzano-na-sveticama\/\" \/>\n<meta property=\"og:site_name\" content=\"Erste Plava Liga\" \/>\n<meta property=\"article:published_time\" content=\"2021-09-05T11:52:09+00:00\" \/>\n<meta property=\"article:modified_time\" content=\"2022-05-15T09:43:44+00:00\" \/>\n<meta property=\"og:image\" content=\"https:\/\/www.ersteprvaliga.hr\/plava-liga\/wp-content\/uploads\/sites\/2\/2021\/09\/epl.jpeg\" \/>\n\t<meta property=\"og:image:width\" content=\"1861\" \/>\n\t<meta property=\"og:image:height\" content=\"1183\" \/>\n\t<meta property=\"og:image:type\" content=\"image\/jpeg\" \/>\n<meta name=\"author\" content=\"Marin\" \/>\n<meta name=\"twitter:card\" content=\"summary_large_image\" \/>\n<meta name=\"twitter:label1\" content=\"Napisao\/la\" \/>\n\t<meta name=\"twitter:data1\" content=\"Marin\" \/>\n\t<meta name=\"twitter:label2\" content=\"Procijenjeno vrijeme \u010ditanja\" \/>\n\t<meta name=\"twitter:data2\" content=\"1 minuta\" \/>\n<script type=\"application\/ld+json\" class=\"yoast-schema-graph\">{\"@context\":\"https:\\\/\\\/schema.org\",\"@graph\":[{\"@type\":\"Article\",\"@id\":\"https:\\\/\\\/www.ersteprvaliga.hr\\\/plava-liga\\\/finale-erste-plave-lige-ipak-ce-biti-odrzano-na-sveticama\\\/#article\",\"isPartOf\":{\"@id\":\"https:\\\/\\\/www.ersteprvaliga.hr\\\/plava-liga\\\/finale-erste-plave-lige-ipak-ce-biti-odrzano-na-sveticama\\\/\"},\"author\":{\"name\":\"Marin\",\"@id\":\"https:\\\/\\\/www.ersteprvaliga.hr\\\/plava-liga\\\/#\\\/schema\\\/person\\\/368b0abcd32dabf962d104fdfebda713\"},\"headline\":\"Finale Erste Plave lige ipak \u0107e biti odr\u017eano \u2013 na Sveticama!\",\"datePublished\":\"2021-09-05T11:52:09+00:00\",\"dateModified\":\"2022-05-15T09:43:44+00:00\",\"mainEntityOfPage\":{\"@id\":\"https:\\\/\\\/www.ersteprvaliga.hr\\\/plava-liga\\\/finale-erste-plave-lige-ipak-ce-biti-odrzano-na-sveticama\\\/\"},\"wordCount\":203,\"commentCount\":0,\"publisher\":{\"@id\":\"https:\\\/\\\/www.ersteprvaliga.hr\\\/plava-liga\\\/#organization\"},\"image\":{\"@id\":\"https:\\\/\\\/www.ersteprvaliga.hr\\\/plava-liga\\\/finale-erste-plave-lige-ipak-ce-biti-odrzano-na-sveticama\\\/#primaryimage\"},\"thumbnailUrl\":\"https:\\\/\\\/www.ersteprvaliga.hr\\\/plava-liga\\\/wp-content\\\/uploads\\\/sites\\\/2\\\/2021\\\/09\\\/epl.jpeg\",\"articleSection\":[\"Vijesti\"],\"inLanguage\":\"hr\",\"potentialAction\":[{\"@type\":\"CommentAction\",\"name\":\"Comment\",\"target\":[\"https:\\\/\\\/www.ersteprvaliga.hr\\\/plava-liga\\\/finale-erste-plave-lige-ipak-ce-biti-odrzano-na-sveticama\\\/#respond\"]}]},{\"@type\":\"WebPage\",\"@id\":\"https:\\\/\\\/www.ersteprvaliga.hr\\\/plava-liga\\\/finale-erste-plave-lige-ipak-ce-biti-odrzano-na-sveticama\\\/\",\"url\":\"https:\\\/\\\/www.ersteprvaliga.hr\\\/plava-liga\\\/finale-erste-plave-lige-ipak-ce-biti-odrzano-na-sveticama\\\/\",\"name\":\"Finale Erste Plave lige ipak \u0107e biti odr\u017eano \u2013 na Sveticama! - Erste Plava Liga\",\"isPartOf\":{\"@id\":\"https:\\\/\\\/www.ersteprvaliga.hr\\\/plava-liga\\\/#website\"},\"primaryImageOfPage\":{\"@id\":\"https:\\\/\\\/www.ersteprvaliga.hr\\\/plava-liga\\\/finale-erste-plave-lige-ipak-ce-biti-odrzano-na-sveticama\\\/#primaryimage\"},\"image\":{\"@id\":\"https:\\\/\\\/www.ersteprvaliga.hr\\\/plava-liga\\\/finale-erste-plave-lige-ipak-ce-biti-odrzano-na-sveticama\\\/#primaryimage\"},\"thumbnailUrl\":\"https:\\\/\\\/www.ersteprvaliga.hr\\\/plava-liga\\\/wp-content\\\/uploads\\\/sites\\\/2\\\/2021\\\/09\\\/epl.jpeg\",\"datePublished\":\"2021-09-05T11:52:09+00:00\",\"dateModified\":\"2022-05-15T09:43:44+00:00\",\"breadcrumb\":{\"@id\":\"https:\\\/\\\/www.ersteprvaliga.hr\\\/plava-liga\\\/finale-erste-plave-lige-ipak-ce-biti-odrzano-na-sveticama\\\/#breadcrumb\"},\"inLanguage\":\"hr\",\"potentialAction\":[{\"@type\":\"ReadAction\",\"target\":[\"https:\\\/\\\/www.ersteprvaliga.hr\\\/plava-liga\\\/finale-erste-plave-lige-ipak-ce-biti-odrzano-na-sveticama\\\/\"]}]},{\"@type\":\"ImageObject\",\"inLanguage\":\"hr\",\"@id\":\"https:\\\/\\\/www.ersteprvaliga.hr\\\/plava-liga\\\/finale-erste-plave-lige-ipak-ce-biti-odrzano-na-sveticama\\\/#primaryimage\",\"url\":\"https:\\\/\\\/www.ersteprvaliga.hr\\\/plava-liga\\\/wp-content\\\/uploads\\\/sites\\\/2\\\/2021\\\/09\\\/epl.jpeg\",\"contentUrl\":\"https:\\\/\\\/www.ersteprvaliga.hr\\\/plava-liga\\\/wp-content\\\/uploads\\\/sites\\\/2\\\/2021\\\/09\\\/epl.jpeg\",\"width\":1861,\"height\":1183},{\"@type\":\"BreadcrumbList\",\"@id\":\"https:\\\/\\\/www.ersteprvaliga.hr\\\/plava-liga\\\/finale-erste-plave-lige-ipak-ce-biti-odrzano-na-sveticama\\\/#breadcrumb\",\"itemListElement\":[{\"@type\":\"ListItem\",\"position\":1,\"name\":\"Po\u010detna stranica\",\"item\":\"https:\\\/\\\/www.ersteprvaliga.hr\\\/plava-liga\\\/\"},{\"@type\":\"ListItem\",\"position\":2,\"name\":\"Finale Erste Plave lige ipak \u0107e biti odr\u017eano \u2013 na Sveticama!\"}]},{\"@type\":\"WebSite\",\"@id\":\"https:\\\/\\\/www.ersteprvaliga.hr\\\/plava-liga\\\/#website\",\"url\":\"https:\\\/\\\/www.ersteprvaliga.hr\\\/plava-liga\\\/\",\"name\":\"Erste Plava Liga\",\"description\":\"\",\"publisher\":{\"@id\":\"https:\\\/\\\/www.ersteprvaliga.hr\\\/plava-liga\\\/#organization\"},\"potentialAction\":[{\"@type\":\"SearchAction\",\"target\":{\"@type\":\"EntryPoint\",\"urlTemplate\":\"https:\\\/\\\/www.ersteprvaliga.hr\\\/plava-liga\\\/?s={search_term_string}\"},\"query-input\":{\"@type\":\"PropertyValueSpecification\",\"valueRequired\":true,\"valueName\":\"search_term_string\"}}],\"inLanguage\":\"hr\"},{\"@type\":\"Organization\",\"@id\":\"https:\\\/\\\/www.ersteprvaliga.hr\\\/plava-liga\\\/#organization\",\"name\":\"Erste Plava Liga\",\"url\":\"https:\\\/\\\/www.ersteprvaliga.hr\\\/plava-liga\\\/\",\"logo\":{\"@type\":\"ImageObject\",\"inLanguage\":\"hr\",\"@id\":\"https:\\\/\\\/www.ersteprvaliga.hr\\\/plava-liga\\\/#\\\/schema\\\/logo\\\/image\\\/\",\"url\":\"https:\\\/\\\/www.ersteprvaliga.hr\\\/plava-liga\\\/wp-content\\\/uploads\\\/sites\\\/2\\\/2022\\\/03\\\/fb-share-plava-liga-1.jpg\",\"contentUrl\":\"https:\\\/\\\/www.ersteprvaliga.hr\\\/plava-liga\\\/wp-content\\\/uploads\\\/sites\\\/2\\\/2022\\\/03\\\/fb-share-plava-liga-1.jpg\",\"width\":1200,\"height\":630,\"caption\":\"Erste Plava Liga\"},\"image\":{\"@id\":\"https:\\\/\\\/www.ersteprvaliga.hr\\\/plava-liga\\\/#\\\/schema\\\/logo\\\/image\\\/\"}},{\"@type\":\"Person\",\"@id\":\"https:\\\/\\\/www.ersteprvaliga.hr\\\/plava-liga\\\/#\\\/schema\\\/person\\\/368b0abcd32dabf962d104fdfebda713\",\"name\":\"Marin\",\"image\":{\"@type\":\"ImageObject\",\"inLanguage\":\"hr\",\"@id\":\"https:\\\/\\\/secure.gravatar.com\\\/avatar\\\/e632f4f7eb4b34fdb92c6fcc7e0a33284049b281ccd804e4faa22f85903127b9?s=96&d=mm&r=g\",\"url\":\"https:\\\/\\\/secure.gravatar.com\\\/avatar\\\/e632f4f7eb4b34fdb92c6fcc7e0a33284049b281ccd804e4faa22f85903127b9?s=96&d=mm&r=g\",\"contentUrl\":\"https:\\\/\\\/secure.gravatar.com\\\/avatar\\\/e632f4f7eb4b34fdb92c6fcc7e0a33284049b281ccd804e4faa22f85903127b9?s=96&d=mm&r=g\",\"caption\":\"Marin\"},\"url\":\"https:\\\/\\\/www.ersteprvaliga.hr\\\/plava-liga\\\/author\\\/marin2\\\/\"}]}<\/script>\n<!-- \/ Yoast SEO plugin. -->","yoast_head_json":{"title":"Finale Erste Plave lige ipak \u0107e biti odr\u017eano \u2013 na Sveticama! - Erste Plava Liga","robots":{"index":"index","follow":"follow","max-snippet":"max-snippet:-1","max-image-preview":"max-image-preview:large","max-video-preview":"max-video-preview:-1"},"canonical":"https:\/\/www.ersteprvaliga.hr\/plava-liga\/finale-erste-plave-lige-ipak-ce-biti-odrzano-na-sveticama\/","og_locale":"hr_HR","og_type":"article","og_title":"Finale Erste Plave lige ipak \u0107e biti odr\u017eano \u2013 na Sveticama! - Erste Plava Liga","og_description":"Iako je ranije objavljeno da se zbog epidemiolo\u0161kih mjera na Memorijalu Borisa Han\u017eekovi\u0107a ne\u0107e odr\u017eati finale ovogodi\u0161nje Erste Plave lige, ono \u0107e ipak biti odr\u017eano, ali na Sveticama. Nakon konzultacije s klubovima suorganizatorima ovog najve\u0107eg dje\u010djeg atletskog natjecanja u Hrvatskoj, odlu\u010deno je da se finale Erste Plave lige 2021 odr\u017ei na atletskom&nbsp;stadionu SRC Svetice u [&hellip;]","og_url":"https:\/\/www.ersteprvaliga.hr\/plava-liga\/finale-erste-plave-lige-ipak-ce-biti-odrzano-na-sveticama\/","og_site_name":"Erste Plava Liga","article_published_time":"2021-09-05T11:52:09+00:00","article_modified_time":"2022-05-15T09:43:44+00:00","og_image":[{"width":1861,"height":1183,"url":"https:\/\/www.ersteprvaliga.hr\/plava-liga\/wp-content\/uploads\/sites\/2\/2021\/09\/epl.jpeg","type":"image\/jpeg"}],"author":"Marin","twitter_card":"summary_large_image","twitter_misc":{"Napisao\/la":"Marin","Procijenjeno vrijeme \u010ditanja":"1 minuta"},"schema":{"@context":"https:\/\/schema.org","@graph":[{"@type":"Article","@id":"https:\/\/www.ersteprvaliga.hr\/plava-liga\/finale-erste-plave-lige-ipak-ce-biti-odrzano-na-sveticama\/#article","isPartOf":{"@id":"https:\/\/www.ersteprvaliga.hr\/plava-liga\/finale-erste-plave-lige-ipak-ce-biti-odrzano-na-sveticama\/"},"author":{"name":"Marin","@id":"https:\/\/www.ersteprvaliga.hr\/plava-liga\/#\/schema\/person\/368b0abcd32dabf962d104fdfebda713"},"headline":"Finale Erste Plave lige ipak \u0107e biti odr\u017eano \u2013 na Sveticama!","datePublished":"2021-09-05T11:52:09+00:00","dateModified":"2022-05-15T09:43:44+00:00","mainEntityOfPage":{"@id":"https:\/\/www.ersteprvaliga.hr\/plava-liga\/finale-erste-plave-lige-ipak-ce-biti-odrzano-na-sveticama\/"},"wordCount":203,"commentCount":0,"publisher":{"@id":"https:\/\/www.ersteprvaliga.hr\/plava-liga\/#organization"},"image":{"@id":"https:\/\/www.ersteprvaliga.hr\/plava-liga\/finale-erste-plave-lige-ipak-ce-biti-odrzano-na-sveticama\/#primaryimage"},"thumbnailUrl":"https:\/\/www.ersteprvaliga.hr\/plava-liga\/wp-content\/uploads\/sites\/2\/2021\/09\/epl.jpeg","articleSection":["Vijesti"],"inLanguage":"hr","potentialAction":[{"@type":"CommentAction","name":"Comment","target":["https:\/\/www.ersteprvaliga.hr\/plava-liga\/finale-erste-plave-lige-ipak-ce-biti-odrzano-na-sveticama\/#respond"]}]},{"@type":"WebPage","@id":"https:\/\/www.ersteprvaliga.hr\/plava-liga\/finale-erste-plave-lige-ipak-ce-biti-odrzano-na-sveticama\/","url":"https:\/\/www.ersteprvaliga.hr\/plava-liga\/finale-erste-plave-lige-ipak-ce-biti-odrzano-na-sveticama\/","name":"Finale Erste Plave lige ipak \u0107e biti odr\u017eano \u2013 na Sveticama! - Erste Plava Liga","isPartOf":{"@id":"https:\/\/www.ersteprvaliga.hr\/plava-liga\/#website"},"primaryImageOfPage":{"@id":"https:\/\/www.ersteprvaliga.hr\/plava-liga\/finale-erste-plave-lige-ipak-ce-biti-odrzano-na-sveticama\/#primaryimage"},"image":{"@id":"https:\/\/www.ersteprvaliga.hr\/plava-liga\/finale-erste-plave-lige-ipak-ce-biti-odrzano-na-sveticama\/#primaryimage"},"thumbnailUrl":"https:\/\/www.ersteprvaliga.hr\/plava-liga\/wp-content\/uploads\/sites\/2\/2021\/09\/epl.jpeg","datePublished":"2021-09-05T11:52:09+00:00","dateModified":"2022-05-15T09:43:44+00:00","breadcrumb":{"@id":"https:\/\/www.ersteprvaliga.hr\/plava-liga\/finale-erste-plave-lige-ipak-ce-biti-odrzano-na-sveticama\/#breadcrumb"},"inLanguage":"hr","potentialAction":[{"@type":"ReadAction","target":["https:\/\/www.ersteprvaliga.hr\/plava-liga\/finale-erste-plave-lige-ipak-ce-biti-odrzano-na-sveticama\/"]}]},{"@type":"ImageObject","inLanguage":"hr","@id":"https:\/\/www.ersteprvaliga.hr\/plava-liga\/finale-erste-plave-lige-ipak-ce-biti-odrzano-na-sveticama\/#primaryimage","url":"https:\/\/www.ersteprvaliga.hr\/plava-liga\/wp-content\/uploads\/sites\/2\/2021\/09\/epl.jpeg","contentUrl":"https:\/\/www.ersteprvaliga.hr\/plava-liga\/wp-content\/uploads\/sites\/2\/2021\/09\/epl.jpeg","width":1861,"height":1183},{"@type":"BreadcrumbList","@id":"https:\/\/www.ersteprvaliga.hr\/plava-liga\/finale-erste-plave-lige-ipak-ce-biti-odrzano-na-sveticama\/#breadcrumb","itemListElement":[{"@type":"ListItem","position":1,"name":"Po\u010detna stranica","item":"https:\/\/www.ersteprvaliga.hr\/plava-liga\/"},{"@type":"ListItem","position":2,"name":"Finale Erste Plave lige ipak \u0107e biti odr\u017eano \u2013 na Sveticama!"}]},{"@type":"WebSite","@id":"https:\/\/www.ersteprvaliga.hr\/plava-liga\/#website","url":"https:\/\/www.ersteprvaliga.hr\/plava-liga\/","name":"Erste Plava Liga","description":"","publisher":{"@id":"https:\/\/www.ersteprvaliga.hr\/plava-liga\/#organization"},"potentialAction":[{"@type":"SearchAction","target":{"@type":"EntryPoint","urlTemplate":"https:\/\/www.ersteprvaliga.hr\/plava-liga\/?s={search_term_string}"},"query-input":{"@type":"PropertyValueSpecification","valueRequired":true,"valueName":"search_term_string"}}],"inLanguage":"hr"},{"@type":"Organization","@id":"https:\/\/www.ersteprvaliga.hr\/plava-liga\/#organization","name":"Erste Plava Liga","url":"https:\/\/www.ersteprvaliga.hr\/plava-liga\/","logo":{"@type":"ImageObject","inLanguage":"hr","@id":"https:\/\/www.ersteprvaliga.hr\/plava-liga\/#\/schema\/logo\/image\/","url":"https:\/\/www.ersteprvaliga.hr\/plava-liga\/wp-content\/uploads\/sites\/2\/2022\/03\/fb-share-plava-liga-1.jpg","contentUrl":"https:\/\/www.ersteprvaliga.hr\/plava-liga\/wp-content\/uploads\/sites\/2\/2022\/03\/fb-share-plava-liga-1.jpg","width":1200,"height":630,"caption":"Erste Plava Liga"},"image":{"@id":"https:\/\/www.ersteprvaliga.hr\/plava-liga\/#\/schema\/logo\/image\/"}},{"@type":"Person","@id":"https:\/\/www.ersteprvaliga.hr\/plava-liga\/#\/schema\/person\/368b0abcd32dabf962d104fdfebda713","name":"Marin","image":{"@type":"ImageObject","inLanguage":"hr","@id":"https:\/\/secure.gravatar.com\/avatar\/e632f4f7eb4b34fdb92c6fcc7e0a33284049b281ccd804e4faa22f85903127b9?s=96&d=mm&r=g","url":"https:\/\/secure.gravatar.com\/avatar\/e632f4f7eb4b34fdb92c6fcc7e0a33284049b281ccd804e4faa22f85903127b9?s=96&d=mm&r=g","contentUrl":"https:\/\/secure.gravatar.com\/avatar\/e632f4f7eb4b34fdb92c6fcc7e0a33284049b281ccd804e4faa22f85903127b9?s=96&d=mm&r=g","caption":"Marin"},"url":"https:\/\/www.ersteprvaliga.hr\/plava-liga\/author\/marin2\/"}]}},"_links":{"self":[{"href":"https:\/\/www.ersteprvaliga.hr\/plava-liga\/wp-json\/wp\/v2\/posts\/3080","targetHints":{"allow":["GET"]}}],"collection":[{"href":"https:\/\/www.ersteprvaliga.hr\/plava-liga\/wp-json\/wp\/v2\/posts"}],"about":[{"href":"https:\/\/www.ersteprvaliga.hr\/plava-liga\/wp-json\/wp\/v2\/types\/post"}],"author":[{"embeddable":true,"href":"https:\/\/www.ersteprvaliga.hr\/plava-liga\/wp-json\/wp\/v2\/users\/4867"}],"replies":[{"embeddable":true,"href":"https:\/\/www.ersteprvaliga.hr\/plava-liga\/wp-json\/wp\/v2\/comments?post=3080"}],"version-history":[{"count":1,"href":"https:\/\/www.ersteprvaliga.hr\/plava-liga\/wp-json\/wp\/v2\/posts\/3080\/revisions"}],"predecessor-version":[{"id":3082,"href":"https:\/\/www.ersteprvaliga.hr\/plava-liga\/wp-json\/wp\/v2\/posts\/3080\/revisions\/3082"}],"wp:featuredmedia":[{"embeddable":true,"href":"https:\/\/www.ersteprvaliga.hr\/plava-liga\/wp-json\/wp\/v2\/media\/3081"}],"wp:attachment":[{"href":"https:\/\/www.ersteprvaliga.hr\/plava-liga\/wp-json\/wp\/v2\/media?parent=3080"}],"wp:term":[{"taxonomy":"category","embeddable":true,"href":"https:\/\/www.ersteprvaliga.hr\/plava-liga\/wp-json\/wp\/v2\/categories?post=3080"},{"taxonomy":"post_tag","embeddable":true,"href":"https:\/\/www.ersteprvaliga.hr\/plava-liga\/wp-json\/wp\/v2\/tags?post=3080"}],"curies":[{"name":"wp","href":"https:\/\/api.w.org\/{rel}","templated":true}]}}