{"id":2098,"date":"2021-06-13T10:56:04","date_gmt":"2021-06-13T08:56:04","guid":{"rendered":"https:\/\/www.ersteprvaliga.hr\/plava-liga\/?p=2098"},"modified":"2021-06-13T11:40:52","modified_gmt":"2021-06-13T09:40:52","slug":"blankina-sportska-skolica-na-erste-plavoj-ligi-u-makarskoj","status":"publish","type":"post","link":"https:\/\/www.ersteprvaliga.hr\/plava-liga\/blankina-sportska-skolica-na-erste-plavoj-ligi-u-makarskoj\/","title":{"rendered":"Blankina sportska \u0161kolica na Erste Plavoj ligi u Makarskoj"},"content":{"rendered":"\n<p class=\"wp-block-paragraph\"><strong>Kvalifikacijsko natjecanje Erste Plave lige i ove je godine u Makarskoj izazvalo vrlo veliko zanimanje osmo\u0161kolaca.<\/strong><\/p>\n\n\n\n<p class=\"wp-block-paragraph\">U\u010denice i u\u010denici 3. do 6. razreda osnovnih \u0161kola natjecali su se u utrkama na 60, 300 i 600 metara, u skoku u dalj te bacanju kugle i vortexa. Po dvoje najboljih u svakoj disciplini nastupit \u0107e 14. rujna u finalu lige u Zagrebu, u okviru Memorijala Borisa Han\u017eekovi\u0107a.<\/p>\n\n\n\n<p class=\"wp-block-paragraph\">Uz 411 malih atleti\u010darki i atleti\u010dara bila je i ambasadorica Erste Plave lige <strong>Blanka Vla\u0161i\u0107<\/strong> koja je i u Makarskoj podijelila na stotine autograma i odazvala se brojnim pozivima na zajedni\u010dko fotografiranje. Blanka je na stadionu pod Biokovom odr\u017eala i svojevrsnu sportsku \u0161kolicu, demonstriraju\u0107i sudionicima Erste Plave lige neke atletske, ali i gimnasti\u010dke elemente i educiraju\u0107i ih o pravilima odr\u017eavanja atletskih natjecanja te va\u017enosti bavljenja sportom.<\/p>\n\n\n\n<p class=\"wp-block-paragraph\">Sudionike lige i brojne okupljene roditelje pozdravio je i makarski gradona\u010delnik <strong>Zoran Paunovi\u0107<\/strong>.<\/p>\n\n\n\n<p class=\"wp-block-paragraph\">\u201eNadam se da se dobro zabavljate jer u sportu nije uvijek bitno tko je pobijedio, ali je u sportu uvijek bitno sudjelovati i to uvijek imajte na umu. Zahvalio bih i svim roditeljima koji su vas doveli i nadam se da \u0107e se ova tradicija nastaviti i dalje. Mi \u0107emo u Makarskoj podr\u017eavati sve sportove jer mislimo da je to najbitnija stvar za razvoj svakog djeteta. U\u017eivajte i hvala vam!\u201c, rekao je gradona\u010delnik Paunovi\u0107.<\/p>\n\n\n\n<p class=\"wp-block-paragraph\">Kvalifikacije Erste Plave lige 2021, koje se odr\u017eavaju sukladno va\u017ee\u0107im epidemiolo\u0161kim mjerama, nastavljaju se natjecanjima u Puli i Zagrebu. &nbsp;<\/p>\n\n\n\n<figure class=\"wp-block-embed is-type-video is-provider-youtube wp-block-embed-youtube wp-embed-aspect-16-9 wp-has-aspect-ratio\"><div class=\"wp-block-embed__wrapper\">\n<iframe loading=\"lazy\" title=\"ERSTE PLAVA LIGA U MAKARSKOJ\" width=\"500\" height=\"281\" src=\"https:\/\/www.youtube.com\/embed\/CJ03-78V57E?feature=oembed\" frameborder=\"0\" allow=\"accelerometer; autoplay; clipboard-write; encrypted-media; gyroscope; picture-in-picture; web-share\" referrerpolicy=\"strict-origin-when-cross-origin\" allowfullscreen><\/iframe>\n<\/div><\/figure>\n\n\n\n<figure class=\"wp-block-image size-large\"><img loading=\"lazy\" decoding=\"async\" width=\"1024\" height=\"578\" src=\"https:\/\/www.ersteprvaliga.hr\/plava-liga\/wp-content\/uploads\/sites\/2\/2021\/06\/Makarska21-0612-05-kopija-1024x578.jpg\" alt=\"\" class=\"wp-image-2101\" srcset=\"https:\/\/www.ersteprvaliga.hr\/plava-liga\/wp-content\/uploads\/sites\/2\/2021\/06\/Makarska21-0612-05-kopija-1024x578.jpg 1024w, https:\/\/www.ersteprvaliga.hr\/plava-liga\/wp-content\/uploads\/sites\/2\/2021\/06\/Makarska21-0612-05-kopija-300x169.jpg 300w, https:\/\/www.ersteprvaliga.hr\/plava-liga\/wp-content\/uploads\/sites\/2\/2021\/06\/Makarska21-0612-05-kopija-768x433.jpg 768w, https:\/\/www.ersteprvaliga.hr\/plava-liga\/wp-content\/uploads\/sites\/2\/2021\/06\/Makarska21-0612-05-kopija.jpg 1200w\" sizes=\"auto, (max-width: 1024px) 100vw, 1024px\" \/><\/figure>\n","protected":false},"excerpt":{"rendered":"<p>Kvalifikacijsko natjecanje Erste Plave lige i ove je godine u Makarskoj izazvalo vrlo veliko zanimanje osmo\u0161kolaca. U\u010denice i u\u010denici 3. do 6. razreda osnovnih \u0161kola natjecali su se u utrkama na 60, 300 i 600 metara, u skoku u dalj te bacanju kugle i vortexa. Po dvoje najboljih u svakoj disciplini nastupit \u0107e 14. rujna [&hellip;]<\/p>\n","protected":false},"author":4867,"featured_media":2099,"comment_status":"open","ping_status":"open","sticky":false,"template":"","format":"standard","meta":{"footnotes":""},"categories":[11],"tags":[23,38],"class_list":["post-2098","post","type-post","status-publish","format-standard","has-post-thumbnail","hentry","category-vijesti","tag-erste-plava-liga","tag-makarska"],"yoast_head":"<!-- This site is optimized with the Yoast SEO plugin v28.3 - https:\/\/yoast.com\/product\/yoast-seo-wordpress\/ -->\n<title>Blankina sportska \u0161kolica na Erste Plavoj ligi u Makarskoj - Erste Plava Liga<\/title>\n<meta name=\"robots\" content=\"index, follow, max-snippet:-1, max-image-preview:large, max-video-preview:-1\" \/>\n<link rel=\"canonical\" href=\"https:\/\/www.ersteprvaliga.hr\/plava-liga\/blankina-sportska-skolica-na-erste-plavoj-ligi-u-makarskoj\/\" \/>\n<meta property=\"og:locale\" content=\"hr_HR\" \/>\n<meta property=\"og:type\" content=\"article\" \/>\n<meta property=\"og:title\" content=\"Blankina sportska \u0161kolica na Erste Plavoj ligi u Makarskoj - Erste Plava Liga\" \/>\n<meta property=\"og:description\" content=\"Kvalifikacijsko natjecanje Erste Plave lige i ove je godine u Makarskoj izazvalo vrlo veliko zanimanje osmo\u0161kolaca. U\u010denice i u\u010denici 3. do 6. razreda osnovnih \u0161kola natjecali su se u utrkama na 60, 300 i 600 metara, u skoku u dalj te bacanju kugle i vortexa. Po dvoje najboljih u svakoj disciplini nastupit \u0107e 14. rujna [&hellip;]\" \/>\n<meta property=\"og:url\" content=\"https:\/\/www.ersteprvaliga.hr\/plava-liga\/blankina-sportska-skolica-na-erste-plavoj-ligi-u-makarskoj\/\" \/>\n<meta property=\"og:site_name\" content=\"Erste Plava Liga\" \/>\n<meta property=\"article:published_time\" content=\"2021-06-13T08:56:04+00:00\" \/>\n<meta property=\"article:modified_time\" content=\"2021-06-13T09:40:52+00:00\" \/>\n<meta property=\"og:image\" content=\"https:\/\/www.ersteprvaliga.hr\/plava-liga\/wp-content\/uploads\/sites\/2\/2021\/06\/Makarska21-0612-03-kopija.jpg\" \/>\n\t<meta property=\"og:image:width\" content=\"1200\" \/>\n\t<meta property=\"og:image:height\" content=\"686\" \/>\n\t<meta property=\"og:image:type\" content=\"image\/jpeg\" \/>\n<meta name=\"author\" content=\"Marin\" \/>\n<meta name=\"twitter:card\" content=\"summary_large_image\" \/>\n<meta name=\"twitter:label1\" content=\"Napisao\/la\" \/>\n\t<meta name=\"twitter:data1\" content=\"Marin\" \/>\n\t<meta name=\"twitter:label2\" content=\"Procijenjeno vrijeme \u010ditanja\" \/>\n\t<meta name=\"twitter:data2\" content=\"2 minute\" \/>\n<script type=\"application\/ld+json\" class=\"yoast-schema-graph\">{\"@context\":\"https:\\\/\\\/schema.org\",\"@graph\":[{\"@type\":\"Article\",\"@id\":\"https:\\\/\\\/www.ersteprvaliga.hr\\\/plava-liga\\\/blankina-sportska-skolica-na-erste-plavoj-ligi-u-makarskoj\\\/#article\",\"isPartOf\":{\"@id\":\"https:\\\/\\\/www.ersteprvaliga.hr\\\/plava-liga\\\/blankina-sportska-skolica-na-erste-plavoj-ligi-u-makarskoj\\\/\"},\"author\":{\"name\":\"Marin\",\"@id\":\"https:\\\/\\\/www.ersteprvaliga.hr\\\/plava-liga\\\/#\\\/schema\\\/person\\\/368b0abcd32dabf962d104fdfebda713\"},\"headline\":\"Blankina sportska \u0161kolica na Erste Plavoj ligi u Makarskoj\",\"datePublished\":\"2021-06-13T08:56:04+00:00\",\"dateModified\":\"2021-06-13T09:40:52+00:00\",\"mainEntityOfPage\":{\"@id\":\"https:\\\/\\\/www.ersteprvaliga.hr\\\/plava-liga\\\/blankina-sportska-skolica-na-erste-plavoj-ligi-u-makarskoj\\\/\"},\"wordCount\":272,\"commentCount\":0,\"publisher\":{\"@id\":\"https:\\\/\\\/www.ersteprvaliga.hr\\\/plava-liga\\\/#organization\"},\"image\":{\"@id\":\"https:\\\/\\\/www.ersteprvaliga.hr\\\/plava-liga\\\/blankina-sportska-skolica-na-erste-plavoj-ligi-u-makarskoj\\\/#primaryimage\"},\"thumbnailUrl\":\"https:\\\/\\\/www.ersteprvaliga.hr\\\/plava-liga\\\/wp-content\\\/uploads\\\/sites\\\/2\\\/2021\\\/06\\\/Makarska21-0612-03-kopija.jpg\",\"keywords\":[\"erste plava liga\",\"Makarska\"],\"articleSection\":[\"Vijesti\"],\"inLanguage\":\"hr\",\"potentialAction\":[{\"@type\":\"CommentAction\",\"name\":\"Comment\",\"target\":[\"https:\\\/\\\/www.ersteprvaliga.hr\\\/plava-liga\\\/blankina-sportska-skolica-na-erste-plavoj-ligi-u-makarskoj\\\/#respond\"]}]},{\"@type\":\"WebPage\",\"@id\":\"https:\\\/\\\/www.ersteprvaliga.hr\\\/plava-liga\\\/blankina-sportska-skolica-na-erste-plavoj-ligi-u-makarskoj\\\/\",\"url\":\"https:\\\/\\\/www.ersteprvaliga.hr\\\/plava-liga\\\/blankina-sportska-skolica-na-erste-plavoj-ligi-u-makarskoj\\\/\",\"name\":\"Blankina sportska \u0161kolica na Erste Plavoj ligi u Makarskoj - Erste Plava Liga\",\"isPartOf\":{\"@id\":\"https:\\\/\\\/www.ersteprvaliga.hr\\\/plava-liga\\\/#website\"},\"primaryImageOfPage\":{\"@id\":\"https:\\\/\\\/www.ersteprvaliga.hr\\\/plava-liga\\\/blankina-sportska-skolica-na-erste-plavoj-ligi-u-makarskoj\\\/#primaryimage\"},\"image\":{\"@id\":\"https:\\\/\\\/www.ersteprvaliga.hr\\\/plava-liga\\\/blankina-sportska-skolica-na-erste-plavoj-ligi-u-makarskoj\\\/#primaryimage\"},\"thumbnailUrl\":\"https:\\\/\\\/www.ersteprvaliga.hr\\\/plava-liga\\\/wp-content\\\/uploads\\\/sites\\\/2\\\/2021\\\/06\\\/Makarska21-0612-03-kopija.jpg\",\"datePublished\":\"2021-06-13T08:56:04+00:00\",\"dateModified\":\"2021-06-13T09:40:52+00:00\",\"breadcrumb\":{\"@id\":\"https:\\\/\\\/www.ersteprvaliga.hr\\\/plava-liga\\\/blankina-sportska-skolica-na-erste-plavoj-ligi-u-makarskoj\\\/#breadcrumb\"},\"inLanguage\":\"hr\",\"potentialAction\":[{\"@type\":\"ReadAction\",\"target\":[\"https:\\\/\\\/www.ersteprvaliga.hr\\\/plava-liga\\\/blankina-sportska-skolica-na-erste-plavoj-ligi-u-makarskoj\\\/\"]}]},{\"@type\":\"ImageObject\",\"inLanguage\":\"hr\",\"@id\":\"https:\\\/\\\/www.ersteprvaliga.hr\\\/plava-liga\\\/blankina-sportska-skolica-na-erste-plavoj-ligi-u-makarskoj\\\/#primaryimage\",\"url\":\"https:\\\/\\\/www.ersteprvaliga.hr\\\/plava-liga\\\/wp-content\\\/uploads\\\/sites\\\/2\\\/2021\\\/06\\\/Makarska21-0612-03-kopija.jpg\",\"contentUrl\":\"https:\\\/\\\/www.ersteprvaliga.hr\\\/plava-liga\\\/wp-content\\\/uploads\\\/sites\\\/2\\\/2021\\\/06\\\/Makarska21-0612-03-kopija.jpg\",\"width\":1200,\"height\":686},{\"@type\":\"BreadcrumbList\",\"@id\":\"https:\\\/\\\/www.ersteprvaliga.hr\\\/plava-liga\\\/blankina-sportska-skolica-na-erste-plavoj-ligi-u-makarskoj\\\/#breadcrumb\",\"itemListElement\":[{\"@type\":\"ListItem\",\"position\":1,\"name\":\"Po\u010detna stranica\",\"item\":\"https:\\\/\\\/www.ersteprvaliga.hr\\\/plava-liga\\\/\"},{\"@type\":\"ListItem\",\"position\":2,\"name\":\"Blankina sportska \u0161kolica na Erste Plavoj ligi u Makarskoj\"}]},{\"@type\":\"WebSite\",\"@id\":\"https:\\\/\\\/www.ersteprvaliga.hr\\\/plava-liga\\\/#website\",\"url\":\"https:\\\/\\\/www.ersteprvaliga.hr\\\/plava-liga\\\/\",\"name\":\"Erste Plava Liga\",\"description\":\"\",\"publisher\":{\"@id\":\"https:\\\/\\\/www.ersteprvaliga.hr\\\/plava-liga\\\/#organization\"},\"potentialAction\":[{\"@type\":\"SearchAction\",\"target\":{\"@type\":\"EntryPoint\",\"urlTemplate\":\"https:\\\/\\\/www.ersteprvaliga.hr\\\/plava-liga\\\/?s={search_term_string}\"},\"query-input\":{\"@type\":\"PropertyValueSpecification\",\"valueRequired\":true,\"valueName\":\"search_term_string\"}}],\"inLanguage\":\"hr\"},{\"@type\":\"Organization\",\"@id\":\"https:\\\/\\\/www.ersteprvaliga.hr\\\/plava-liga\\\/#organization\",\"name\":\"Erste Plava Liga\",\"url\":\"https:\\\/\\\/www.ersteprvaliga.hr\\\/plava-liga\\\/\",\"logo\":{\"@type\":\"ImageObject\",\"inLanguage\":\"hr\",\"@id\":\"https:\\\/\\\/www.ersteprvaliga.hr\\\/plava-liga\\\/#\\\/schema\\\/logo\\\/image\\\/\",\"url\":\"https:\\\/\\\/www.ersteprvaliga.hr\\\/plava-liga\\\/wp-content\\\/uploads\\\/sites\\\/2\\\/2022\\\/03\\\/fb-share-plava-liga-1.jpg\",\"contentUrl\":\"https:\\\/\\\/www.ersteprvaliga.hr\\\/plava-liga\\\/wp-content\\\/uploads\\\/sites\\\/2\\\/2022\\\/03\\\/fb-share-plava-liga-1.jpg\",\"width\":1200,\"height\":630,\"caption\":\"Erste Plava Liga\"},\"image\":{\"@id\":\"https:\\\/\\\/www.ersteprvaliga.hr\\\/plava-liga\\\/#\\\/schema\\\/logo\\\/image\\\/\"}},{\"@type\":\"Person\",\"@id\":\"https:\\\/\\\/www.ersteprvaliga.hr\\\/plava-liga\\\/#\\\/schema\\\/person\\\/368b0abcd32dabf962d104fdfebda713\",\"name\":\"Marin\",\"image\":{\"@type\":\"ImageObject\",\"inLanguage\":\"hr\",\"@id\":\"https:\\\/\\\/secure.gravatar.com\\\/avatar\\\/e632f4f7eb4b34fdb92c6fcc7e0a33284049b281ccd804e4faa22f85903127b9?s=96&d=mm&r=g\",\"url\":\"https:\\\/\\\/secure.gravatar.com\\\/avatar\\\/e632f4f7eb4b34fdb92c6fcc7e0a33284049b281ccd804e4faa22f85903127b9?s=96&d=mm&r=g\",\"contentUrl\":\"https:\\\/\\\/secure.gravatar.com\\\/avatar\\\/e632f4f7eb4b34fdb92c6fcc7e0a33284049b281ccd804e4faa22f85903127b9?s=96&d=mm&r=g\",\"caption\":\"Marin\"},\"url\":\"https:\\\/\\\/www.ersteprvaliga.hr\\\/plava-liga\\\/author\\\/marin2\\\/\"}]}<\/script>\n<!-- \/ Yoast SEO plugin. -->","yoast_head_json":{"title":"Blankina sportska \u0161kolica na Erste Plavoj ligi u Makarskoj - Erste Plava Liga","robots":{"index":"index","follow":"follow","max-snippet":"max-snippet:-1","max-image-preview":"max-image-preview:large","max-video-preview":"max-video-preview:-1"},"canonical":"https:\/\/www.ersteprvaliga.hr\/plava-liga\/blankina-sportska-skolica-na-erste-plavoj-ligi-u-makarskoj\/","og_locale":"hr_HR","og_type":"article","og_title":"Blankina sportska \u0161kolica na Erste Plavoj ligi u Makarskoj - Erste Plava Liga","og_description":"Kvalifikacijsko natjecanje Erste Plave lige i ove je godine u Makarskoj izazvalo vrlo veliko zanimanje osmo\u0161kolaca. U\u010denice i u\u010denici 3. do 6. razreda osnovnih \u0161kola natjecali su se u utrkama na 60, 300 i 600 metara, u skoku u dalj te bacanju kugle i vortexa. Po dvoje najboljih u svakoj disciplini nastupit \u0107e 14. rujna [&hellip;]","og_url":"https:\/\/www.ersteprvaliga.hr\/plava-liga\/blankina-sportska-skolica-na-erste-plavoj-ligi-u-makarskoj\/","og_site_name":"Erste Plava Liga","article_published_time":"2021-06-13T08:56:04+00:00","article_modified_time":"2021-06-13T09:40:52+00:00","og_image":[{"width":1200,"height":686,"url":"https:\/\/www.ersteprvaliga.hr\/plava-liga\/wp-content\/uploads\/sites\/2\/2021\/06\/Makarska21-0612-03-kopija.jpg","type":"image\/jpeg"}],"author":"Marin","twitter_card":"summary_large_image","twitter_misc":{"Napisao\/la":"Marin","Procijenjeno vrijeme \u010ditanja":"2 minute"},"schema":{"@context":"https:\/\/schema.org","@graph":[{"@type":"Article","@id":"https:\/\/www.ersteprvaliga.hr\/plava-liga\/blankina-sportska-skolica-na-erste-plavoj-ligi-u-makarskoj\/#article","isPartOf":{"@id":"https:\/\/www.ersteprvaliga.hr\/plava-liga\/blankina-sportska-skolica-na-erste-plavoj-ligi-u-makarskoj\/"},"author":{"name":"Marin","@id":"https:\/\/www.ersteprvaliga.hr\/plava-liga\/#\/schema\/person\/368b0abcd32dabf962d104fdfebda713"},"headline":"Blankina sportska \u0161kolica na Erste Plavoj ligi u Makarskoj","datePublished":"2021-06-13T08:56:04+00:00","dateModified":"2021-06-13T09:40:52+00:00","mainEntityOfPage":{"@id":"https:\/\/www.ersteprvaliga.hr\/plava-liga\/blankina-sportska-skolica-na-erste-plavoj-ligi-u-makarskoj\/"},"wordCount":272,"commentCount":0,"publisher":{"@id":"https:\/\/www.ersteprvaliga.hr\/plava-liga\/#organization"},"image":{"@id":"https:\/\/www.ersteprvaliga.hr\/plava-liga\/blankina-sportska-skolica-na-erste-plavoj-ligi-u-makarskoj\/#primaryimage"},"thumbnailUrl":"https:\/\/www.ersteprvaliga.hr\/plava-liga\/wp-content\/uploads\/sites\/2\/2021\/06\/Makarska21-0612-03-kopija.jpg","keywords":["erste plava liga","Makarska"],"articleSection":["Vijesti"],"inLanguage":"hr","potentialAction":[{"@type":"CommentAction","name":"Comment","target":["https:\/\/www.ersteprvaliga.hr\/plava-liga\/blankina-sportska-skolica-na-erste-plavoj-ligi-u-makarskoj\/#respond"]}]},{"@type":"WebPage","@id":"https:\/\/www.ersteprvaliga.hr\/plava-liga\/blankina-sportska-skolica-na-erste-plavoj-ligi-u-makarskoj\/","url":"https:\/\/www.ersteprvaliga.hr\/plava-liga\/blankina-sportska-skolica-na-erste-plavoj-ligi-u-makarskoj\/","name":"Blankina sportska \u0161kolica na Erste Plavoj ligi u Makarskoj - Erste Plava Liga","isPartOf":{"@id":"https:\/\/www.ersteprvaliga.hr\/plava-liga\/#website"},"primaryImageOfPage":{"@id":"https:\/\/www.ersteprvaliga.hr\/plava-liga\/blankina-sportska-skolica-na-erste-plavoj-ligi-u-makarskoj\/#primaryimage"},"image":{"@id":"https:\/\/www.ersteprvaliga.hr\/plava-liga\/blankina-sportska-skolica-na-erste-plavoj-ligi-u-makarskoj\/#primaryimage"},"thumbnailUrl":"https:\/\/www.ersteprvaliga.hr\/plava-liga\/wp-content\/uploads\/sites\/2\/2021\/06\/Makarska21-0612-03-kopija.jpg","datePublished":"2021-06-13T08:56:04+00:00","dateModified":"2021-06-13T09:40:52+00:00","breadcrumb":{"@id":"https:\/\/www.ersteprvaliga.hr\/plava-liga\/blankina-sportska-skolica-na-erste-plavoj-ligi-u-makarskoj\/#breadcrumb"},"inLanguage":"hr","potentialAction":[{"@type":"ReadAction","target":["https:\/\/www.ersteprvaliga.hr\/plava-liga\/blankina-sportska-skolica-na-erste-plavoj-ligi-u-makarskoj\/"]}]},{"@type":"ImageObject","inLanguage":"hr","@id":"https:\/\/www.ersteprvaliga.hr\/plava-liga\/blankina-sportska-skolica-na-erste-plavoj-ligi-u-makarskoj\/#primaryimage","url":"https:\/\/www.ersteprvaliga.hr\/plava-liga\/wp-content\/uploads\/sites\/2\/2021\/06\/Makarska21-0612-03-kopija.jpg","contentUrl":"https:\/\/www.ersteprvaliga.hr\/plava-liga\/wp-content\/uploads\/sites\/2\/2021\/06\/Makarska21-0612-03-kopija.jpg","width":1200,"height":686},{"@type":"BreadcrumbList","@id":"https:\/\/www.ersteprvaliga.hr\/plava-liga\/blankina-sportska-skolica-na-erste-plavoj-ligi-u-makarskoj\/#breadcrumb","itemListElement":[{"@type":"ListItem","position":1,"name":"Po\u010detna stranica","item":"https:\/\/www.ersteprvaliga.hr\/plava-liga\/"},{"@type":"ListItem","position":2,"name":"Blankina sportska \u0161kolica na Erste Plavoj ligi u Makarskoj"}]},{"@type":"WebSite","@id":"https:\/\/www.ersteprvaliga.hr\/plava-liga\/#website","url":"https:\/\/www.ersteprvaliga.hr\/plava-liga\/","name":"Erste Plava Liga","description":"","publisher":{"@id":"https:\/\/www.ersteprvaliga.hr\/plava-liga\/#organization"},"potentialAction":[{"@type":"SearchAction","target":{"@type":"EntryPoint","urlTemplate":"https:\/\/www.ersteprvaliga.hr\/plava-liga\/?s={search_term_string}"},"query-input":{"@type":"PropertyValueSpecification","valueRequired":true,"valueName":"search_term_string"}}],"inLanguage":"hr"},{"@type":"Organization","@id":"https:\/\/www.ersteprvaliga.hr\/plava-liga\/#organization","name":"Erste Plava Liga","url":"https:\/\/www.ersteprvaliga.hr\/plava-liga\/","logo":{"@type":"ImageObject","inLanguage":"hr","@id":"https:\/\/www.ersteprvaliga.hr\/plava-liga\/#\/schema\/logo\/image\/","url":"https:\/\/www.ersteprvaliga.hr\/plava-liga\/wp-content\/uploads\/sites\/2\/2022\/03\/fb-share-plava-liga-1.jpg","contentUrl":"https:\/\/www.ersteprvaliga.hr\/plava-liga\/wp-content\/uploads\/sites\/2\/2022\/03\/fb-share-plava-liga-1.jpg","width":1200,"height":630,"caption":"Erste Plava Liga"},"image":{"@id":"https:\/\/www.ersteprvaliga.hr\/plava-liga\/#\/schema\/logo\/image\/"}},{"@type":"Person","@id":"https:\/\/www.ersteprvaliga.hr\/plava-liga\/#\/schema\/person\/368b0abcd32dabf962d104fdfebda713","name":"Marin","image":{"@type":"ImageObject","inLanguage":"hr","@id":"https:\/\/secure.gravatar.com\/avatar\/e632f4f7eb4b34fdb92c6fcc7e0a33284049b281ccd804e4faa22f85903127b9?s=96&d=mm&r=g","url":"https:\/\/secure.gravatar.com\/avatar\/e632f4f7eb4b34fdb92c6fcc7e0a33284049b281ccd804e4faa22f85903127b9?s=96&d=mm&r=g","contentUrl":"https:\/\/secure.gravatar.com\/avatar\/e632f4f7eb4b34fdb92c6fcc7e0a33284049b281ccd804e4faa22f85903127b9?s=96&d=mm&r=g","caption":"Marin"},"url":"https:\/\/www.ersteprvaliga.hr\/plava-liga\/author\/marin2\/"}]}},"_links":{"self":[{"href":"https:\/\/www.ersteprvaliga.hr\/plava-liga\/wp-json\/wp\/v2\/posts\/2098","targetHints":{"allow":["GET"]}}],"collection":[{"href":"https:\/\/www.ersteprvaliga.hr\/plava-liga\/wp-json\/wp\/v2\/posts"}],"about":[{"href":"https:\/\/www.ersteprvaliga.hr\/plava-liga\/wp-json\/wp\/v2\/types\/post"}],"author":[{"embeddable":true,"href":"https:\/\/www.ersteprvaliga.hr\/plava-liga\/wp-json\/wp\/v2\/users\/4867"}],"replies":[{"embeddable":true,"href":"https:\/\/www.ersteprvaliga.hr\/plava-liga\/wp-json\/wp\/v2\/comments?post=2098"}],"version-history":[{"count":3,"href":"https:\/\/www.ersteprvaliga.hr\/plava-liga\/wp-json\/wp\/v2\/posts\/2098\/revisions"}],"predecessor-version":[{"id":2103,"href":"https:\/\/www.ersteprvaliga.hr\/plava-liga\/wp-json\/wp\/v2\/posts\/2098\/revisions\/2103"}],"wp:featuredmedia":[{"embeddable":true,"href":"https:\/\/www.ersteprvaliga.hr\/plava-liga\/wp-json\/wp\/v2\/media\/2099"}],"wp:attachment":[{"href":"https:\/\/www.ersteprvaliga.hr\/plava-liga\/wp-json\/wp\/v2\/media?parent=2098"}],"wp:term":[{"taxonomy":"category","embeddable":true,"href":"https:\/\/www.ersteprvaliga.hr\/plava-liga\/wp-json\/wp\/v2\/categories?post=2098"},{"taxonomy":"post_tag","embeddable":true,"href":"https:\/\/www.ersteprvaliga.hr\/plava-liga\/wp-json\/wp\/v2\/tags?post=2098"}],"curies":[{"name":"wp","href":"https:\/\/api.w.org\/{rel}","templated":true}]}}