{"id":14099,"date":"2026-05-26T16:31:55","date_gmt":"2026-05-26T14:31:55","guid":{"rendered":"https:\/\/www.ersteprvaliga.hr\/plava-liga\/?p=14099"},"modified":"2026-05-26T16:32:31","modified_gmt":"2026-05-26T14:32:31","slug":"osijek-zakljucio-kvalifikacije-erste-plave-lige-vise-od-300-djece-napravilo-prve-atletske-korake","status":"publish","type":"post","link":"https:\/\/www.ersteprvaliga.hr\/plava-liga\/osijek-zakljucio-kvalifikacije-erste-plave-lige-vise-od-300-djece-napravilo-prve-atletske-korake\/","title":{"rendered":"Osijek zaklju\u010dio kvalifikacije Erste Plave lige \u2013 vi\u0161e od 300 djece napravilo prve atletske korake"},"content":{"rendered":"\n<p class=\"wp-block-paragraph\"><strong>Natjecanjem u Osijeku zavr\u0161ene su kvalifikacije Erste Plave lige, najve\u0107eg dje\u010djeg atletskog natjecanja u Hrvatskoj. Ovogodi\u0161nje natjecanje odr\u017eano je na terenima I. gimnazije u Osijeku, gdje se vi\u0161e od 300 djece oku\u0161alo u atletskim disciplinama prilago\u0111enima njihovoj dobi.<\/strong><\/p>\n\n\n\n<p class=\"wp-block-paragraph\">Mnogima od njih ovo je bio prvi susret s organiziranim natjecanjem i prvi kontakt s atletikom, kraljicom sportova.&nbsp;<\/p>\n\n\n\n<p class=\"wp-block-paragraph\">Va\u017ean dio ovogodi\u0161njeg natjecanja bilo je i uklju\u010divanje djece i mladih s invaliditetom te djece s pote\u0161ko\u0107ama u razvoju, \u010dime je jo\u0161 jednom potvr\u0111ena jedna od temeljnih vrijednosti Erste Plave lige, omogu\u0107iti svakom djetetu priliku da sudjeluje, do\u017eivi sport i bude dio zajedni\u010dke sportske pri\u010de.<\/p>\n\n\n\n<p class=\"wp-block-paragraph\">U natjecanju su sudjelovali korisnici <strong>Centra za autizam Osijek<\/strong>, <strong>Centra za odgoj i obrazovanje Ivan \u0160tark<\/strong>, ustanove za djecu i mlade s intelektualnim te\u0161ko\u0107ama, zatim djeca iz <strong>Centra za pru\u017eanje usluga u zajednici Klasje Osijek<\/strong>, koji skrbi o odgoju, obrazovanju, \u0161kolovanju, zdravlju i individualnim potrebama djece, kao i u\u010denici posebnog odjeljenja <strong>Osnovne \u0161kole Beli Manastir<\/strong>.<\/p>\n\n\n\n<p class=\"wp-block-paragraph\">Njihovo sudjelovanje jo\u0161 je jednom pokazalo kako sport mo\u017ee povezivati, stvarati osje\u0107aj pripadnosti i omogu\u0107iti svakom djetetu da bude ravnopravan dio sportskog iskustva.<\/p>\n\n\n\n<p class=\"wp-block-paragraph\">Natjecanje je odr\u017eano u suradnji s <strong>AK Slavonija-\u017dito<\/strong>, dugogodi\u0161njim partnerom i suorganizatorom Erste Plave lige u Osijeku, koji ve\u0107 <strong>14 godina<\/strong> sudjeluje u provedbi projekta i razvoju atletike me\u0111u djecom i mladima.<\/p>\n\n\n\n<p class=\"wp-block-paragraph\">Predsjednik i voditelj natjecanja <strong>Marko Grguri\u0107<\/strong> istaknuo je va\u017enost Lige za razvoj atletike u Osijeku:<\/p>\n\n\n\n<blockquote class=\"wp-block-quote is-layout-flow wp-block-quote-is-layout-flow\"><p><em>Erste Plava liga za nas ima veliku vrijednost jer djeci predstavlja prvi susret s atletikom i \u010desto prvi dolazak na stadion. Ve\u0107 14 godina zajedno gradimo ovu pri\u010du i svake godine vidimo koliko djece nakon natjecanja po\u017eeli nastaviti trenirati. Upravo je to najve\u0107i uspjeh projekta &#8211; kada djeca kroz jedno iskustvo zavole sport. Veseli nas \u0161to velik broj njih nakon Lige odlu\u010di napraviti prve ozbiljnije sportske korake i uklju\u010diti se u atletiku.<\/em><\/p><\/blockquote>\n\n\n\n<p class=\"wp-block-paragraph\">Galeriju fotografija iz Osijeka pogledajte <a href=\"https:\/\/www.ersteprvaliga.hr\/plava-liga\/multimedija\/osijek-2026\/\" target=\"_blank\" rel=\"noreferrer noopener\">OVDJE<\/a>.<\/p>\n\n\n\n<p class=\"wp-block-paragraph\">Djeca koja \u017eele nastaviti svoj sportski put mogu putem <a href=\"https:\/\/mvpiz.com\/\"><strong>MVPiz platforme<\/strong><\/a> ostvariti <strong>besplatno probno razdoblje<\/strong> u <a href=\"https:\/\/mvpiz.com\/club\/atletski-klub-slavonija-zito-75\"><strong>AK Slavonija-\u017dito<\/strong><\/a>, ali i u drugim sportskim klubovima koji su dio platforme.<\/p>\n\n\n\n<p class=\"wp-block-paragraph\">Erste Plava liga namijenjena je djeci od 1. do 6. razreda osnovne \u0161kole, bez obzira na to bave li se ve\u0107 sportom ili tek \u017eele isprobati ne\u0161to novo. Upravo u tome le\u017ei njezina posebnost \u2013 omogu\u0107iti svakom djetetu sudjelovanje u poticajnom i sigurnom okru\u017eenju koje razvija samopouzdanje, prijateljstvo i pozitivan odnos prema sportu.<\/p>\n\n\n\n<p class=\"wp-block-paragraph\">Kroz razli\u010dite atletske discipline djeca imaju priliku otkriti vlastite sposobnosti i do\u017eivjeti sport na na\u010din prilago\u0111en njihovoj dobi.<\/p>\n\n\n\n<p class=\"wp-block-paragraph\">Od svog pokretanja, Erste Plava liga okupila je vi\u0161e od <strong>50.000 djece<\/strong>, a mnogima je upravo ovo natjecanje bilo prvi korak prema aktivnom bavljenju sportom.<\/p>\n\n\n\n<p class=\"wp-block-paragraph\"><strong>Erste Plava liga \u2013 Vi\u0161e od rezultata. Vi\u0161e od sporta. Sigurno i vrijedno za sve.<\/strong><\/p>\n","protected":false},"excerpt":{"rendered":"<p>Natjecanjem u Osijeku zavr\u0161ene su kvalifikacije Erste Plave lige, najve\u0107eg dje\u010djeg atletskog natjecanja u Hrvatskoj. Ovogodi\u0161nje natjecanje odr\u017eano je na terenima I. gimnazije u Osijeku, gdje se vi\u0161e od 300 djece oku\u0161alo u atletskim disciplinama prilago\u0111enima njihovoj dobi. Mnogima od njih ovo je bio prvi susret s organiziranim natjecanjem i prvi kontakt s atletikom, kraljicom [&hellip;]<\/p>\n","protected":false},"author":2581,"featured_media":14049,"comment_status":"open","ping_status":"open","sticky":false,"template":"","format":"standard","meta":{"footnotes":""},"categories":[11],"tags":[],"class_list":["post-14099","post","type-post","status-publish","format-standard","has-post-thumbnail","hentry","category-vijesti"],"yoast_head":"<!-- This site is optimized with the Yoast SEO plugin v28.4 - https:\/\/yoast.com\/product\/yoast-seo-wordpress\/ -->\n<title>Osijek zaklju\u010dio kvalifikacije Erste Plave lige \u2013 vi\u0161e od 300 djece napravilo prve atletske korake - Erste Plava Liga<\/title>\n<meta name=\"robots\" content=\"index, follow, max-snippet:-1, max-image-preview:large, max-video-preview:-1\" \/>\n<link rel=\"canonical\" href=\"https:\/\/www.ersteprvaliga.hr\/plava-liga\/osijek-zakljucio-kvalifikacije-erste-plave-lige-vise-od-300-djece-napravilo-prve-atletske-korake\/\" \/>\n<meta property=\"og:locale\" content=\"hr_HR\" \/>\n<meta property=\"og:type\" content=\"article\" \/>\n<meta property=\"og:title\" content=\"Osijek zaklju\u010dio kvalifikacije Erste Plave lige \u2013 vi\u0161e od 300 djece napravilo prve atletske korake - Erste Plava Liga\" \/>\n<meta property=\"og:description\" content=\"Natjecanjem u Osijeku zavr\u0161ene su kvalifikacije Erste Plave lige, najve\u0107eg dje\u010djeg atletskog natjecanja u Hrvatskoj. Ovogodi\u0161nje natjecanje odr\u017eano je na terenima I. gimnazije u Osijeku, gdje se vi\u0161e od 300 djece oku\u0161alo u atletskim disciplinama prilago\u0111enima njihovoj dobi. Mnogima od njih ovo je bio prvi susret s organiziranim natjecanjem i prvi kontakt s atletikom, kraljicom [&hellip;]\" \/>\n<meta property=\"og:url\" content=\"https:\/\/www.ersteprvaliga.hr\/plava-liga\/osijek-zakljucio-kvalifikacije-erste-plave-lige-vise-od-300-djece-napravilo-prve-atletske-korake\/\" \/>\n<meta property=\"og:site_name\" content=\"Erste Plava Liga\" \/>\n<meta property=\"article:published_time\" content=\"2026-05-26T14:31:55+00:00\" \/>\n<meta property=\"article:modified_time\" content=\"2026-05-26T14:32:31+00:00\" \/>\n<meta property=\"og:image\" content=\"https:\/\/www.ersteprvaliga.hr\/plava-liga\/wp-content\/uploads\/sites\/2\/2026\/05\/Velika-stavka-erste_059_250526.jpeg\" \/>\n\t<meta property=\"og:image:width\" content=\"1280\" \/>\n\t<meta property=\"og:image:height\" content=\"853\" \/>\n\t<meta property=\"og:image:type\" content=\"image\/jpeg\" \/>\n<meta name=\"author\" content=\"Marin \u0160arec\" \/>\n<meta name=\"twitter:card\" content=\"summary_large_image\" \/>\n<meta name=\"twitter:label1\" content=\"Napisao\/la\" \/>\n\t<meta name=\"twitter:data1\" content=\"Marin \u0160arec\" \/>\n\t<meta name=\"twitter:label2\" content=\"Procijenjeno vrijeme \u010ditanja\" \/>\n\t<meta name=\"twitter:data2\" content=\"2 minute\" \/>\n<script type=\"application\/ld+json\" class=\"yoast-schema-graph\">{\"@context\":\"https:\\\/\\\/schema.org\",\"@graph\":[{\"@type\":\"Article\",\"@id\":\"https:\\\/\\\/www.ersteprvaliga.hr\\\/plava-liga\\\/osijek-zakljucio-kvalifikacije-erste-plave-lige-vise-od-300-djece-napravilo-prve-atletske-korake\\\/#article\",\"isPartOf\":{\"@id\":\"https:\\\/\\\/www.ersteprvaliga.hr\\\/plava-liga\\\/osijek-zakljucio-kvalifikacije-erste-plave-lige-vise-od-300-djece-napravilo-prve-atletske-korake\\\/\"},\"author\":{\"name\":\"Marin \u0160arec\",\"@id\":\"https:\\\/\\\/www.ersteprvaliga.hr\\\/plava-liga\\\/#\\\/schema\\\/person\\\/b8a657cf6397e2c2e6b9f208d1f5cd0b\"},\"headline\":\"Osijek zaklju\u010dio kvalifikacije Erste Plave lige \u2013 vi\u0161e od 300 djece napravilo prve atletske korake\",\"datePublished\":\"2026-05-26T14:31:55+00:00\",\"dateModified\":\"2026-05-26T14:32:31+00:00\",\"mainEntityOfPage\":{\"@id\":\"https:\\\/\\\/www.ersteprvaliga.hr\\\/plava-liga\\\/osijek-zakljucio-kvalifikacije-erste-plave-lige-vise-od-300-djece-napravilo-prve-atletske-korake\\\/\"},\"wordCount\":498,\"commentCount\":0,\"publisher\":{\"@id\":\"https:\\\/\\\/www.ersteprvaliga.hr\\\/plava-liga\\\/#organization\"},\"image\":{\"@id\":\"https:\\\/\\\/www.ersteprvaliga.hr\\\/plava-liga\\\/osijek-zakljucio-kvalifikacije-erste-plave-lige-vise-od-300-djece-napravilo-prve-atletske-korake\\\/#primaryimage\"},\"thumbnailUrl\":\"https:\\\/\\\/www.ersteprvaliga.hr\\\/plava-liga\\\/wp-content\\\/uploads\\\/sites\\\/2\\\/2026\\\/05\\\/Velika-stavka-erste_059_250526.jpeg\",\"articleSection\":[\"Vijesti\"],\"inLanguage\":\"hr\",\"potentialAction\":[{\"@type\":\"CommentAction\",\"name\":\"Comment\",\"target\":[\"https:\\\/\\\/www.ersteprvaliga.hr\\\/plava-liga\\\/osijek-zakljucio-kvalifikacije-erste-plave-lige-vise-od-300-djece-napravilo-prve-atletske-korake\\\/#respond\"]}]},{\"@type\":\"WebPage\",\"@id\":\"https:\\\/\\\/www.ersteprvaliga.hr\\\/plava-liga\\\/osijek-zakljucio-kvalifikacije-erste-plave-lige-vise-od-300-djece-napravilo-prve-atletske-korake\\\/\",\"url\":\"https:\\\/\\\/www.ersteprvaliga.hr\\\/plava-liga\\\/osijek-zakljucio-kvalifikacije-erste-plave-lige-vise-od-300-djece-napravilo-prve-atletske-korake\\\/\",\"name\":\"Osijek zaklju\u010dio kvalifikacije Erste Plave lige \u2013 vi\u0161e od 300 djece napravilo prve atletske korake - Erste Plava Liga\",\"isPartOf\":{\"@id\":\"https:\\\/\\\/www.ersteprvaliga.hr\\\/plava-liga\\\/#website\"},\"primaryImageOfPage\":{\"@id\":\"https:\\\/\\\/www.ersteprvaliga.hr\\\/plava-liga\\\/osijek-zakljucio-kvalifikacije-erste-plave-lige-vise-od-300-djece-napravilo-prve-atletske-korake\\\/#primaryimage\"},\"image\":{\"@id\":\"https:\\\/\\\/www.ersteprvaliga.hr\\\/plava-liga\\\/osijek-zakljucio-kvalifikacije-erste-plave-lige-vise-od-300-djece-napravilo-prve-atletske-korake\\\/#primaryimage\"},\"thumbnailUrl\":\"https:\\\/\\\/www.ersteprvaliga.hr\\\/plava-liga\\\/wp-content\\\/uploads\\\/sites\\\/2\\\/2026\\\/05\\\/Velika-stavka-erste_059_250526.jpeg\",\"datePublished\":\"2026-05-26T14:31:55+00:00\",\"dateModified\":\"2026-05-26T14:32:31+00:00\",\"breadcrumb\":{\"@id\":\"https:\\\/\\\/www.ersteprvaliga.hr\\\/plava-liga\\\/osijek-zakljucio-kvalifikacije-erste-plave-lige-vise-od-300-djece-napravilo-prve-atletske-korake\\\/#breadcrumb\"},\"inLanguage\":\"hr\",\"potentialAction\":[{\"@type\":\"ReadAction\",\"target\":[\"https:\\\/\\\/www.ersteprvaliga.hr\\\/plava-liga\\\/osijek-zakljucio-kvalifikacije-erste-plave-lige-vise-od-300-djece-napravilo-prve-atletske-korake\\\/\"]}]},{\"@type\":\"ImageObject\",\"inLanguage\":\"hr\",\"@id\":\"https:\\\/\\\/www.ersteprvaliga.hr\\\/plava-liga\\\/osijek-zakljucio-kvalifikacije-erste-plave-lige-vise-od-300-djece-napravilo-prve-atletske-korake\\\/#primaryimage\",\"url\":\"https:\\\/\\\/www.ersteprvaliga.hr\\\/plava-liga\\\/wp-content\\\/uploads\\\/sites\\\/2\\\/2026\\\/05\\\/Velika-stavka-erste_059_250526.jpeg\",\"contentUrl\":\"https:\\\/\\\/www.ersteprvaliga.hr\\\/plava-liga\\\/wp-content\\\/uploads\\\/sites\\\/2\\\/2026\\\/05\\\/Velika-stavka-erste_059_250526.jpeg\",\"width\":1280,\"height\":853},{\"@type\":\"BreadcrumbList\",\"@id\":\"https:\\\/\\\/www.ersteprvaliga.hr\\\/plava-liga\\\/osijek-zakljucio-kvalifikacije-erste-plave-lige-vise-od-300-djece-napravilo-prve-atletske-korake\\\/#breadcrumb\",\"itemListElement\":[{\"@type\":\"ListItem\",\"position\":1,\"name\":\"Po\u010detna stranica\",\"item\":\"https:\\\/\\\/www.ersteprvaliga.hr\\\/plava-liga\\\/\"},{\"@type\":\"ListItem\",\"position\":2,\"name\":\"Osijek zaklju\u010dio kvalifikacije Erste Plave lige \u2013 vi\u0161e od 300 djece napravilo prve atletske korake\"}]},{\"@type\":\"WebSite\",\"@id\":\"https:\\\/\\\/www.ersteprvaliga.hr\\\/plava-liga\\\/#website\",\"url\":\"https:\\\/\\\/www.ersteprvaliga.hr\\\/plava-liga\\\/\",\"name\":\"Erste Plava Liga\",\"description\":\"\",\"publisher\":{\"@id\":\"https:\\\/\\\/www.ersteprvaliga.hr\\\/plava-liga\\\/#organization\"},\"potentialAction\":[{\"@type\":\"SearchAction\",\"target\":{\"@type\":\"EntryPoint\",\"urlTemplate\":\"https:\\\/\\\/www.ersteprvaliga.hr\\\/plava-liga\\\/?s={search_term_string}\"},\"query-input\":{\"@type\":\"PropertyValueSpecification\",\"valueRequired\":true,\"valueName\":\"search_term_string\"}}],\"inLanguage\":\"hr\"},{\"@type\":\"Organization\",\"@id\":\"https:\\\/\\\/www.ersteprvaliga.hr\\\/plava-liga\\\/#organization\",\"name\":\"Erste Plava Liga\",\"url\":\"https:\\\/\\\/www.ersteprvaliga.hr\\\/plava-liga\\\/\",\"logo\":{\"@type\":\"ImageObject\",\"inLanguage\":\"hr\",\"@id\":\"https:\\\/\\\/www.ersteprvaliga.hr\\\/plava-liga\\\/#\\\/schema\\\/logo\\\/image\\\/\",\"url\":\"https:\\\/\\\/www.ersteprvaliga.hr\\\/plava-liga\\\/wp-content\\\/uploads\\\/sites\\\/2\\\/2022\\\/03\\\/fb-share-plava-liga-1.jpg\",\"contentUrl\":\"https:\\\/\\\/www.ersteprvaliga.hr\\\/plava-liga\\\/wp-content\\\/uploads\\\/sites\\\/2\\\/2022\\\/03\\\/fb-share-plava-liga-1.jpg\",\"width\":1200,\"height\":630,\"caption\":\"Erste Plava Liga\"},\"image\":{\"@id\":\"https:\\\/\\\/www.ersteprvaliga.hr\\\/plava-liga\\\/#\\\/schema\\\/logo\\\/image\\\/\"}},{\"@type\":\"Person\",\"@id\":\"https:\\\/\\\/www.ersteprvaliga.hr\\\/plava-liga\\\/#\\\/schema\\\/person\\\/b8a657cf6397e2c2e6b9f208d1f5cd0b\",\"name\":\"Marin \u0160arec\",\"image\":{\"@type\":\"ImageObject\",\"inLanguage\":\"hr\",\"@id\":\"https:\\\/\\\/secure.gravatar.com\\\/avatar\\\/c9ead507faf6bb31e2ed98aeb1453bd75599faf65890726d60d6f206cc766d6d?s=96&d=mm&r=g\",\"url\":\"https:\\\/\\\/secure.gravatar.com\\\/avatar\\\/c9ead507faf6bb31e2ed98aeb1453bd75599faf65890726d60d6f206cc766d6d?s=96&d=mm&r=g\",\"contentUrl\":\"https:\\\/\\\/secure.gravatar.com\\\/avatar\\\/c9ead507faf6bb31e2ed98aeb1453bd75599faf65890726d60d6f206cc766d6d?s=96&d=mm&r=g\",\"caption\":\"Marin \u0160arec\"},\"url\":\"https:\\\/\\\/www.ersteprvaliga.hr\\\/plava-liga\\\/author\\\/marin_sarec\\\/\"}]}<\/script>\n<!-- \/ Yoast SEO plugin. -->","yoast_head_json":{"title":"Osijek zaklju\u010dio kvalifikacije Erste Plave lige \u2013 vi\u0161e od 300 djece napravilo prve atletske korake - Erste Plava Liga","robots":{"index":"index","follow":"follow","max-snippet":"max-snippet:-1","max-image-preview":"max-image-preview:large","max-video-preview":"max-video-preview:-1"},"canonical":"https:\/\/www.ersteprvaliga.hr\/plava-liga\/osijek-zakljucio-kvalifikacije-erste-plave-lige-vise-od-300-djece-napravilo-prve-atletske-korake\/","og_locale":"hr_HR","og_type":"article","og_title":"Osijek zaklju\u010dio kvalifikacije Erste Plave lige \u2013 vi\u0161e od 300 djece napravilo prve atletske korake - Erste Plava Liga","og_description":"Natjecanjem u Osijeku zavr\u0161ene su kvalifikacije Erste Plave lige, najve\u0107eg dje\u010djeg atletskog natjecanja u Hrvatskoj. Ovogodi\u0161nje natjecanje odr\u017eano je na terenima I. gimnazije u Osijeku, gdje se vi\u0161e od 300 djece oku\u0161alo u atletskim disciplinama prilago\u0111enima njihovoj dobi. Mnogima od njih ovo je bio prvi susret s organiziranim natjecanjem i prvi kontakt s atletikom, kraljicom [&hellip;]","og_url":"https:\/\/www.ersteprvaliga.hr\/plava-liga\/osijek-zakljucio-kvalifikacije-erste-plave-lige-vise-od-300-djece-napravilo-prve-atletske-korake\/","og_site_name":"Erste Plava Liga","article_published_time":"2026-05-26T14:31:55+00:00","article_modified_time":"2026-05-26T14:32:31+00:00","og_image":[{"width":1280,"height":853,"url":"https:\/\/www.ersteprvaliga.hr\/plava-liga\/wp-content\/uploads\/sites\/2\/2026\/05\/Velika-stavka-erste_059_250526.jpeg","type":"image\/jpeg"}],"author":"Marin \u0160arec","twitter_card":"summary_large_image","twitter_misc":{"Napisao\/la":"Marin \u0160arec","Procijenjeno vrijeme \u010ditanja":"2 minute"},"schema":{"@context":"https:\/\/schema.org","@graph":[{"@type":"Article","@id":"https:\/\/www.ersteprvaliga.hr\/plava-liga\/osijek-zakljucio-kvalifikacije-erste-plave-lige-vise-od-300-djece-napravilo-prve-atletske-korake\/#article","isPartOf":{"@id":"https:\/\/www.ersteprvaliga.hr\/plava-liga\/osijek-zakljucio-kvalifikacije-erste-plave-lige-vise-od-300-djece-napravilo-prve-atletske-korake\/"},"author":{"name":"Marin \u0160arec","@id":"https:\/\/www.ersteprvaliga.hr\/plava-liga\/#\/schema\/person\/b8a657cf6397e2c2e6b9f208d1f5cd0b"},"headline":"Osijek zaklju\u010dio kvalifikacije Erste Plave lige \u2013 vi\u0161e od 300 djece napravilo prve atletske korake","datePublished":"2026-05-26T14:31:55+00:00","dateModified":"2026-05-26T14:32:31+00:00","mainEntityOfPage":{"@id":"https:\/\/www.ersteprvaliga.hr\/plava-liga\/osijek-zakljucio-kvalifikacije-erste-plave-lige-vise-od-300-djece-napravilo-prve-atletske-korake\/"},"wordCount":498,"commentCount":0,"publisher":{"@id":"https:\/\/www.ersteprvaliga.hr\/plava-liga\/#organization"},"image":{"@id":"https:\/\/www.ersteprvaliga.hr\/plava-liga\/osijek-zakljucio-kvalifikacije-erste-plave-lige-vise-od-300-djece-napravilo-prve-atletske-korake\/#primaryimage"},"thumbnailUrl":"https:\/\/www.ersteprvaliga.hr\/plava-liga\/wp-content\/uploads\/sites\/2\/2026\/05\/Velika-stavka-erste_059_250526.jpeg","articleSection":["Vijesti"],"inLanguage":"hr","potentialAction":[{"@type":"CommentAction","name":"Comment","target":["https:\/\/www.ersteprvaliga.hr\/plava-liga\/osijek-zakljucio-kvalifikacije-erste-plave-lige-vise-od-300-djece-napravilo-prve-atletske-korake\/#respond"]}]},{"@type":"WebPage","@id":"https:\/\/www.ersteprvaliga.hr\/plava-liga\/osijek-zakljucio-kvalifikacije-erste-plave-lige-vise-od-300-djece-napravilo-prve-atletske-korake\/","url":"https:\/\/www.ersteprvaliga.hr\/plava-liga\/osijek-zakljucio-kvalifikacije-erste-plave-lige-vise-od-300-djece-napravilo-prve-atletske-korake\/","name":"Osijek zaklju\u010dio kvalifikacije Erste Plave lige \u2013 vi\u0161e od 300 djece napravilo prve atletske korake - Erste Plava Liga","isPartOf":{"@id":"https:\/\/www.ersteprvaliga.hr\/plava-liga\/#website"},"primaryImageOfPage":{"@id":"https:\/\/www.ersteprvaliga.hr\/plava-liga\/osijek-zakljucio-kvalifikacije-erste-plave-lige-vise-od-300-djece-napravilo-prve-atletske-korake\/#primaryimage"},"image":{"@id":"https:\/\/www.ersteprvaliga.hr\/plava-liga\/osijek-zakljucio-kvalifikacije-erste-plave-lige-vise-od-300-djece-napravilo-prve-atletske-korake\/#primaryimage"},"thumbnailUrl":"https:\/\/www.ersteprvaliga.hr\/plava-liga\/wp-content\/uploads\/sites\/2\/2026\/05\/Velika-stavka-erste_059_250526.jpeg","datePublished":"2026-05-26T14:31:55+00:00","dateModified":"2026-05-26T14:32:31+00:00","breadcrumb":{"@id":"https:\/\/www.ersteprvaliga.hr\/plava-liga\/osijek-zakljucio-kvalifikacije-erste-plave-lige-vise-od-300-djece-napravilo-prve-atletske-korake\/#breadcrumb"},"inLanguage":"hr","potentialAction":[{"@type":"ReadAction","target":["https:\/\/www.ersteprvaliga.hr\/plava-liga\/osijek-zakljucio-kvalifikacije-erste-plave-lige-vise-od-300-djece-napravilo-prve-atletske-korake\/"]}]},{"@type":"ImageObject","inLanguage":"hr","@id":"https:\/\/www.ersteprvaliga.hr\/plava-liga\/osijek-zakljucio-kvalifikacije-erste-plave-lige-vise-od-300-djece-napravilo-prve-atletske-korake\/#primaryimage","url":"https:\/\/www.ersteprvaliga.hr\/plava-liga\/wp-content\/uploads\/sites\/2\/2026\/05\/Velika-stavka-erste_059_250526.jpeg","contentUrl":"https:\/\/www.ersteprvaliga.hr\/plava-liga\/wp-content\/uploads\/sites\/2\/2026\/05\/Velika-stavka-erste_059_250526.jpeg","width":1280,"height":853},{"@type":"BreadcrumbList","@id":"https:\/\/www.ersteprvaliga.hr\/plava-liga\/osijek-zakljucio-kvalifikacije-erste-plave-lige-vise-od-300-djece-napravilo-prve-atletske-korake\/#breadcrumb","itemListElement":[{"@type":"ListItem","position":1,"name":"Po\u010detna stranica","item":"https:\/\/www.ersteprvaliga.hr\/plava-liga\/"},{"@type":"ListItem","position":2,"name":"Osijek zaklju\u010dio kvalifikacije Erste Plave lige \u2013 vi\u0161e od 300 djece napravilo prve atletske korake"}]},{"@type":"WebSite","@id":"https:\/\/www.ersteprvaliga.hr\/plava-liga\/#website","url":"https:\/\/www.ersteprvaliga.hr\/plava-liga\/","name":"Erste Plava Liga","description":"","publisher":{"@id":"https:\/\/www.ersteprvaliga.hr\/plava-liga\/#organization"},"potentialAction":[{"@type":"SearchAction","target":{"@type":"EntryPoint","urlTemplate":"https:\/\/www.ersteprvaliga.hr\/plava-liga\/?s={search_term_string}"},"query-input":{"@type":"PropertyValueSpecification","valueRequired":true,"valueName":"search_term_string"}}],"inLanguage":"hr"},{"@type":"Organization","@id":"https:\/\/www.ersteprvaliga.hr\/plava-liga\/#organization","name":"Erste Plava Liga","url":"https:\/\/www.ersteprvaliga.hr\/plava-liga\/","logo":{"@type":"ImageObject","inLanguage":"hr","@id":"https:\/\/www.ersteprvaliga.hr\/plava-liga\/#\/schema\/logo\/image\/","url":"https:\/\/www.ersteprvaliga.hr\/plava-liga\/wp-content\/uploads\/sites\/2\/2022\/03\/fb-share-plava-liga-1.jpg","contentUrl":"https:\/\/www.ersteprvaliga.hr\/plava-liga\/wp-content\/uploads\/sites\/2\/2022\/03\/fb-share-plava-liga-1.jpg","width":1200,"height":630,"caption":"Erste Plava Liga"},"image":{"@id":"https:\/\/www.ersteprvaliga.hr\/plava-liga\/#\/schema\/logo\/image\/"}},{"@type":"Person","@id":"https:\/\/www.ersteprvaliga.hr\/plava-liga\/#\/schema\/person\/b8a657cf6397e2c2e6b9f208d1f5cd0b","name":"Marin \u0160arec","image":{"@type":"ImageObject","inLanguage":"hr","@id":"https:\/\/secure.gravatar.com\/avatar\/c9ead507faf6bb31e2ed98aeb1453bd75599faf65890726d60d6f206cc766d6d?s=96&d=mm&r=g","url":"https:\/\/secure.gravatar.com\/avatar\/c9ead507faf6bb31e2ed98aeb1453bd75599faf65890726d60d6f206cc766d6d?s=96&d=mm&r=g","contentUrl":"https:\/\/secure.gravatar.com\/avatar\/c9ead507faf6bb31e2ed98aeb1453bd75599faf65890726d60d6f206cc766d6d?s=96&d=mm&r=g","caption":"Marin \u0160arec"},"url":"https:\/\/www.ersteprvaliga.hr\/plava-liga\/author\/marin_sarec\/"}]}},"_links":{"self":[{"href":"https:\/\/www.ersteprvaliga.hr\/plava-liga\/wp-json\/wp\/v2\/posts\/14099","targetHints":{"allow":["GET"]}}],"collection":[{"href":"https:\/\/www.ersteprvaliga.hr\/plava-liga\/wp-json\/wp\/v2\/posts"}],"about":[{"href":"https:\/\/www.ersteprvaliga.hr\/plava-liga\/wp-json\/wp\/v2\/types\/post"}],"author":[{"embeddable":true,"href":"https:\/\/www.ersteprvaliga.hr\/plava-liga\/wp-json\/wp\/v2\/users\/2581"}],"replies":[{"embeddable":true,"href":"https:\/\/www.ersteprvaliga.hr\/plava-liga\/wp-json\/wp\/v2\/comments?post=14099"}],"version-history":[{"count":2,"href":"https:\/\/www.ersteprvaliga.hr\/plava-liga\/wp-json\/wp\/v2\/posts\/14099\/revisions"}],"predecessor-version":[{"id":14101,"href":"https:\/\/www.ersteprvaliga.hr\/plava-liga\/wp-json\/wp\/v2\/posts\/14099\/revisions\/14101"}],"wp:featuredmedia":[{"embeddable":true,"href":"https:\/\/www.ersteprvaliga.hr\/plava-liga\/wp-json\/wp\/v2\/media\/14049"}],"wp:attachment":[{"href":"https:\/\/www.ersteprvaliga.hr\/plava-liga\/wp-json\/wp\/v2\/media?parent=14099"}],"wp:term":[{"taxonomy":"category","embeddable":true,"href":"https:\/\/www.ersteprvaliga.hr\/plava-liga\/wp-json\/wp\/v2\/categories?post=14099"},{"taxonomy":"post_tag","embeddable":true,"href":"https:\/\/www.ersteprvaliga.hr\/plava-liga\/wp-json\/wp\/v2\/tags?post=14099"}],"curies":[{"name":"wp","href":"https:\/\/api.w.org\/{rel}","templated":true}]}}