{"id":13950,"date":"2026-05-26T14:53:55","date_gmt":"2026-05-26T12:53:55","guid":{"rendered":"https:\/\/www.ersteprvaliga.hr\/plava-liga\/?p=13950"},"modified":"2026-05-26T14:55:27","modified_gmt":"2026-05-26T12:55:27","slug":"erste-plava-liga-vratila-se-u-split-ask-split-ponovno-okupio-mlade-sportase","status":"publish","type":"post","link":"https:\/\/www.ersteprvaliga.hr\/plava-liga\/erste-plava-liga-vratila-se-u-split-ask-split-ponovno-okupio-mlade-sportase\/","title":{"rendered":"Erste Plava liga vratila se u Split \u2013 ASK Split ponovno okupio mlade sporta\u0161e"},"content":{"rendered":"\n<blockquote class=\"wp-block-quote is-layout-flow wp-block-quote-is-layout-flow\"><p><em>Blanka Vla\u0161i\u0107: Djeca kroz atletiku otkrivaju svoje talente, a to je najve\u0107a vrijednost ovog projekta<\/em><\/p><\/blockquote>\n\n\n\n<p class=\"wp-block-paragraph\"><strong>Nakon vi\u0161e godina pauze, Erste Plava liga ponovno se vratila u Split, a povratak najve\u0107eg dje\u010djeg atletskog natjecanja u Hrvatskoj izazvao je veliko zanimanje djece, roditelja i \u0161kola.<\/strong><\/p>\n\n\n\n<p class=\"wp-block-paragraph\">Natjecanje je odr\u017eano <strong>pod pokroviteljstvom Grada Splita<\/strong>, u organizaciji <strong>ASK Split<\/strong>, najve\u0107eg atletskog kluba u Dalmaciji, na \u010dijem je \u010delu predsjednica kluba i ambasadorica Erste Plave lige <strong>Blanka Vla\u0161i\u0107<\/strong>.<\/p>\n\n\n\n<p class=\"wp-block-paragraph\">Natjecanje je otvorio pro\u010delnik <strong>Upravnog odjela za sport i politike mladih Grada Splita Igor Mareti\u0107<\/strong>, koji je pozdravio sve sudionike te naglasio va\u017enost ulaganja u sportsku infrastrukturu i projekte koji djeci omogu\u0107avaju otkrivanje talenata i uklju\u010divanje u sport.<\/p>\n\n\n\n<p class=\"wp-block-paragraph\"><strong>Trofej za najbrojniju \u0161kolu<\/strong> osvojila je <strong>Osnovna \u0161kola Spinut Split<\/strong>, s najve\u0107im brojem prijavljenih u\u010denika.<\/p>\n\n\n\n<p class=\"wp-block-paragraph\">Poseban naglasak stavljen je i na uklju\u010divost. U sklopu sportskog poligona nastupila su i djeca iz <strong>Centra za odgoj i obrazovanje Juraj Bona\u010di<\/strong>, dok ASK Split u svojim redovima ve\u0107 dugi niz godina okuplja i velik broj uspje\u0161nih parasporta\u0161a.<\/p>\n\n\n\n<p class=\"wp-block-paragraph\">Predsjednica ASK Split i ambasadorica Lige <strong>Blanka Vla\u0161i\u0107<\/strong> istaknula je:<\/p>\n\n\n\n<blockquote class=\"wp-block-quote is-layout-flow wp-block-quote-is-layout-flow\"><p><em>Sretna sam \u0161to se Erste Plava liga vratila u Split jer ovaj projekt dijeli iste vrijednosti koje njeguje ASK Split \u2013 razvoj djece, otkrivanje talenata i pribli\u017eavanje atletike \u0161to ve\u0107em broju djece. Kao najve\u0107i atletski klub u Dalmaciji \u017eelimo povezivati klubove i razvijati atletiku i u manjim sredinama, kako bi svako dijete dobilo priliku prona\u0107i svoj put u sportu.<\/em><\/p><\/blockquote>\n\n\n\n<p class=\"wp-block-paragraph\">Galeriju fotografija iz Splita pogledajte<a href=\"https:\/\/www.ersteprvaliga.hr\/plava-liga\/multimedija\/split-2026\/\" target=\"_blank\" rel=\"noreferrer noopener\"> OVDJE<\/a>.<\/p>\n\n\n\n<p class=\"wp-block-paragraph\">Djeca koja \u017eele nastaviti svoj sportski put mogu putem <a href=\"https:\/\/mvpiz.com\/\"><strong>MVPiz platforme<\/strong><\/a> ostvariti <strong>besplatne probne treninge<\/strong> u <a href=\"https:\/\/mvpiz.com\/club\/ask-split-1283\"><strong>ASK Splitu<\/strong><\/a>, ali i u drugim sportskim klubovima na podru\u010dju Splita koji su dio platforme. Cilj je djeci omogu\u0107iti jednostavniji put prema sportu i pomo\u0107i im prona\u0107i aktivnost koja im najvi\u0161e odgovara.<\/p>\n\n\n\n<p class=\"wp-block-paragraph\">Od svog pokretanja, Erste Plava liga okupila je vi\u0161e od <strong>50.000 djece<\/strong>, a mnogima je upravo ovo natjecanje bilo prvi korak prema aktivnom bavljenju sportom.<\/p>\n\n\n\n<p class=\"wp-block-paragraph\">Realizaciju projekta omogu\u0107uju partneri koji prepoznaju va\u017enost ulaganja u mlade: Erste banka, Erste mirovinski fondovi, Ministarstvo turizma i sporta, Janaf, XIXO napitci te medijski pokrovitelji 24sata.hr i JoomBoos.<\/p>\n\n\n\n<p class=\"wp-block-paragraph\"><strong>Erste Plava liga \u2013 Vi\u0161e od rezultata. Vi\u0161e od sporta. Sigurno i vrijedno za sve.<\/strong><\/p>\n\n\n\n<p class=\"wp-block-paragraph\"><\/p>\n","protected":false},"excerpt":{"rendered":"<p>Blanka Vla\u0161i\u0107: Djeca kroz atletiku otkrivaju svoje talente, a to je najve\u0107a vrijednost ovog projekta Nakon vi\u0161e godina pauze, Erste Plava liga ponovno se vratila u Split, a povratak najve\u0107eg dje\u010djeg atletskog natjecanja u Hrvatskoj izazvao je veliko zanimanje djece, roditelja i \u0161kola. Natjecanje je odr\u017eano pod pokroviteljstvom Grada Splita, u organizaciji ASK Split, najve\u0107eg [&hellip;]<\/p>\n","protected":false},"author":2581,"featured_media":13951,"comment_status":"open","ping_status":"open","sticky":false,"template":"","format":"standard","meta":{"footnotes":""},"categories":[11],"tags":[],"class_list":["post-13950","post","type-post","status-publish","format-standard","has-post-thumbnail","hentry","category-vijesti"],"yoast_head":"<!-- This site is optimized with the Yoast SEO plugin v28.3 - https:\/\/yoast.com\/product\/yoast-seo-wordpress\/ -->\n<title>Erste Plava liga vratila se u Split \u2013 ASK Split ponovno okupio mlade sporta\u0161e - Erste Plava Liga<\/title>\n<meta name=\"robots\" content=\"index, follow, max-snippet:-1, max-image-preview:large, max-video-preview:-1\" \/>\n<link rel=\"canonical\" href=\"https:\/\/www.ersteprvaliga.hr\/plava-liga\/erste-plava-liga-vratila-se-u-split-ask-split-ponovno-okupio-mlade-sportase\/\" \/>\n<meta property=\"og:locale\" content=\"hr_HR\" \/>\n<meta property=\"og:type\" content=\"article\" \/>\n<meta property=\"og:title\" content=\"Erste Plava liga vratila se u Split \u2013 ASK Split ponovno okupio mlade sporta\u0161e - Erste Plava Liga\" \/>\n<meta property=\"og:description\" content=\"Blanka Vla\u0161i\u0107: Djeca kroz atletiku otkrivaju svoje talente, a to je najve\u0107a vrijednost ovog projekta Nakon vi\u0161e godina pauze, Erste Plava liga ponovno se vratila u Split, a povratak najve\u0107eg dje\u010djeg atletskog natjecanja u Hrvatskoj izazvao je veliko zanimanje djece, roditelja i \u0161kola. Natjecanje je odr\u017eano pod pokroviteljstvom Grada Splita, u organizaciji ASK Split, najve\u0107eg [&hellip;]\" \/>\n<meta property=\"og:url\" content=\"https:\/\/www.ersteprvaliga.hr\/plava-liga\/erste-plava-liga-vratila-se-u-split-ask-split-ponovno-okupio-mlade-sportase\/\" \/>\n<meta property=\"og:site_name\" content=\"Erste Plava Liga\" \/>\n<meta property=\"article:published_time\" content=\"2026-05-26T12:53:55+00:00\" \/>\n<meta property=\"article:modified_time\" content=\"2026-05-26T12:55:27+00:00\" \/>\n<meta property=\"og:image\" content=\"https:\/\/www.ersteprvaliga.hr\/plava-liga\/wp-content\/uploads\/sites\/2\/2026\/05\/Velika-stavka-ERSTE-Split078_jura_220526-1.jpeg\" \/>\n\t<meta property=\"og:image:width\" content=\"1200\" \/>\n\t<meta property=\"og:image:height\" content=\"788\" \/>\n\t<meta property=\"og:image:type\" content=\"image\/jpeg\" \/>\n<meta name=\"author\" content=\"Marin \u0160arec\" \/>\n<meta name=\"twitter:card\" content=\"summary_large_image\" \/>\n<meta name=\"twitter:label1\" content=\"Napisao\/la\" \/>\n\t<meta name=\"twitter:data1\" content=\"Marin \u0160arec\" \/>\n\t<meta name=\"twitter:label2\" content=\"Procijenjeno vrijeme \u010ditanja\" \/>\n\t<meta name=\"twitter:data2\" content=\"2 minute\" \/>\n<script type=\"application\/ld+json\" class=\"yoast-schema-graph\">{\"@context\":\"https:\\\/\\\/schema.org\",\"@graph\":[{\"@type\":\"Article\",\"@id\":\"https:\\\/\\\/www.ersteprvaliga.hr\\\/plava-liga\\\/erste-plava-liga-vratila-se-u-split-ask-split-ponovno-okupio-mlade-sportase\\\/#article\",\"isPartOf\":{\"@id\":\"https:\\\/\\\/www.ersteprvaliga.hr\\\/plava-liga\\\/erste-plava-liga-vratila-se-u-split-ask-split-ponovno-okupio-mlade-sportase\\\/\"},\"author\":{\"name\":\"Marin \u0160arec\",\"@id\":\"https:\\\/\\\/www.ersteprvaliga.hr\\\/plava-liga\\\/#\\\/schema\\\/person\\\/b8a657cf6397e2c2e6b9f208d1f5cd0b\"},\"headline\":\"Erste Plava liga vratila se u Split \u2013 ASK Split ponovno okupio mlade sporta\u0161e\",\"datePublished\":\"2026-05-26T12:53:55+00:00\",\"dateModified\":\"2026-05-26T12:55:27+00:00\",\"mainEntityOfPage\":{\"@id\":\"https:\\\/\\\/www.ersteprvaliga.hr\\\/plava-liga\\\/erste-plava-liga-vratila-se-u-split-ask-split-ponovno-okupio-mlade-sportase\\\/\"},\"wordCount\":400,\"commentCount\":0,\"publisher\":{\"@id\":\"https:\\\/\\\/www.ersteprvaliga.hr\\\/plava-liga\\\/#organization\"},\"image\":{\"@id\":\"https:\\\/\\\/www.ersteprvaliga.hr\\\/plava-liga\\\/erste-plava-liga-vratila-se-u-split-ask-split-ponovno-okupio-mlade-sportase\\\/#primaryimage\"},\"thumbnailUrl\":\"https:\\\/\\\/www.ersteprvaliga.hr\\\/plava-liga\\\/wp-content\\\/uploads\\\/sites\\\/2\\\/2026\\\/05\\\/Velika-stavka-ERSTE-Split078_jura_220526-1.jpeg\",\"articleSection\":[\"Vijesti\"],\"inLanguage\":\"hr\",\"potentialAction\":[{\"@type\":\"CommentAction\",\"name\":\"Comment\",\"target\":[\"https:\\\/\\\/www.ersteprvaliga.hr\\\/plava-liga\\\/erste-plava-liga-vratila-se-u-split-ask-split-ponovno-okupio-mlade-sportase\\\/#respond\"]}]},{\"@type\":\"WebPage\",\"@id\":\"https:\\\/\\\/www.ersteprvaliga.hr\\\/plava-liga\\\/erste-plava-liga-vratila-se-u-split-ask-split-ponovno-okupio-mlade-sportase\\\/\",\"url\":\"https:\\\/\\\/www.ersteprvaliga.hr\\\/plava-liga\\\/erste-plava-liga-vratila-se-u-split-ask-split-ponovno-okupio-mlade-sportase\\\/\",\"name\":\"Erste Plava liga vratila se u Split \u2013 ASK Split ponovno okupio mlade sporta\u0161e - Erste Plava Liga\",\"isPartOf\":{\"@id\":\"https:\\\/\\\/www.ersteprvaliga.hr\\\/plava-liga\\\/#website\"},\"primaryImageOfPage\":{\"@id\":\"https:\\\/\\\/www.ersteprvaliga.hr\\\/plava-liga\\\/erste-plava-liga-vratila-se-u-split-ask-split-ponovno-okupio-mlade-sportase\\\/#primaryimage\"},\"image\":{\"@id\":\"https:\\\/\\\/www.ersteprvaliga.hr\\\/plava-liga\\\/erste-plava-liga-vratila-se-u-split-ask-split-ponovno-okupio-mlade-sportase\\\/#primaryimage\"},\"thumbnailUrl\":\"https:\\\/\\\/www.ersteprvaliga.hr\\\/plava-liga\\\/wp-content\\\/uploads\\\/sites\\\/2\\\/2026\\\/05\\\/Velika-stavka-ERSTE-Split078_jura_220526-1.jpeg\",\"datePublished\":\"2026-05-26T12:53:55+00:00\",\"dateModified\":\"2026-05-26T12:55:27+00:00\",\"breadcrumb\":{\"@id\":\"https:\\\/\\\/www.ersteprvaliga.hr\\\/plava-liga\\\/erste-plava-liga-vratila-se-u-split-ask-split-ponovno-okupio-mlade-sportase\\\/#breadcrumb\"},\"inLanguage\":\"hr\",\"potentialAction\":[{\"@type\":\"ReadAction\",\"target\":[\"https:\\\/\\\/www.ersteprvaliga.hr\\\/plava-liga\\\/erste-plava-liga-vratila-se-u-split-ask-split-ponovno-okupio-mlade-sportase\\\/\"]}]},{\"@type\":\"ImageObject\",\"inLanguage\":\"hr\",\"@id\":\"https:\\\/\\\/www.ersteprvaliga.hr\\\/plava-liga\\\/erste-plava-liga-vratila-se-u-split-ask-split-ponovno-okupio-mlade-sportase\\\/#primaryimage\",\"url\":\"https:\\\/\\\/www.ersteprvaliga.hr\\\/plava-liga\\\/wp-content\\\/uploads\\\/sites\\\/2\\\/2026\\\/05\\\/Velika-stavka-ERSTE-Split078_jura_220526-1.jpeg\",\"contentUrl\":\"https:\\\/\\\/www.ersteprvaliga.hr\\\/plava-liga\\\/wp-content\\\/uploads\\\/sites\\\/2\\\/2026\\\/05\\\/Velika-stavka-ERSTE-Split078_jura_220526-1.jpeg\",\"width\":1200,\"height\":788},{\"@type\":\"BreadcrumbList\",\"@id\":\"https:\\\/\\\/www.ersteprvaliga.hr\\\/plava-liga\\\/erste-plava-liga-vratila-se-u-split-ask-split-ponovno-okupio-mlade-sportase\\\/#breadcrumb\",\"itemListElement\":[{\"@type\":\"ListItem\",\"position\":1,\"name\":\"Po\u010detna stranica\",\"item\":\"https:\\\/\\\/www.ersteprvaliga.hr\\\/plava-liga\\\/\"},{\"@type\":\"ListItem\",\"position\":2,\"name\":\"Erste Plava liga vratila se u Split \u2013 ASK Split ponovno okupio mlade sporta\u0161e\"}]},{\"@type\":\"WebSite\",\"@id\":\"https:\\\/\\\/www.ersteprvaliga.hr\\\/plava-liga\\\/#website\",\"url\":\"https:\\\/\\\/www.ersteprvaliga.hr\\\/plava-liga\\\/\",\"name\":\"Erste Plava Liga\",\"description\":\"\",\"publisher\":{\"@id\":\"https:\\\/\\\/www.ersteprvaliga.hr\\\/plava-liga\\\/#organization\"},\"potentialAction\":[{\"@type\":\"SearchAction\",\"target\":{\"@type\":\"EntryPoint\",\"urlTemplate\":\"https:\\\/\\\/www.ersteprvaliga.hr\\\/plava-liga\\\/?s={search_term_string}\"},\"query-input\":{\"@type\":\"PropertyValueSpecification\",\"valueRequired\":true,\"valueName\":\"search_term_string\"}}],\"inLanguage\":\"hr\"},{\"@type\":\"Organization\",\"@id\":\"https:\\\/\\\/www.ersteprvaliga.hr\\\/plava-liga\\\/#organization\",\"name\":\"Erste Plava Liga\",\"url\":\"https:\\\/\\\/www.ersteprvaliga.hr\\\/plava-liga\\\/\",\"logo\":{\"@type\":\"ImageObject\",\"inLanguage\":\"hr\",\"@id\":\"https:\\\/\\\/www.ersteprvaliga.hr\\\/plava-liga\\\/#\\\/schema\\\/logo\\\/image\\\/\",\"url\":\"https:\\\/\\\/www.ersteprvaliga.hr\\\/plava-liga\\\/wp-content\\\/uploads\\\/sites\\\/2\\\/2022\\\/03\\\/fb-share-plava-liga-1.jpg\",\"contentUrl\":\"https:\\\/\\\/www.ersteprvaliga.hr\\\/plava-liga\\\/wp-content\\\/uploads\\\/sites\\\/2\\\/2022\\\/03\\\/fb-share-plava-liga-1.jpg\",\"width\":1200,\"height\":630,\"caption\":\"Erste Plava Liga\"},\"image\":{\"@id\":\"https:\\\/\\\/www.ersteprvaliga.hr\\\/plava-liga\\\/#\\\/schema\\\/logo\\\/image\\\/\"}},{\"@type\":\"Person\",\"@id\":\"https:\\\/\\\/www.ersteprvaliga.hr\\\/plava-liga\\\/#\\\/schema\\\/person\\\/b8a657cf6397e2c2e6b9f208d1f5cd0b\",\"name\":\"Marin \u0160arec\",\"image\":{\"@type\":\"ImageObject\",\"inLanguage\":\"hr\",\"@id\":\"https:\\\/\\\/secure.gravatar.com\\\/avatar\\\/c9ead507faf6bb31e2ed98aeb1453bd75599faf65890726d60d6f206cc766d6d?s=96&d=mm&r=g\",\"url\":\"https:\\\/\\\/secure.gravatar.com\\\/avatar\\\/c9ead507faf6bb31e2ed98aeb1453bd75599faf65890726d60d6f206cc766d6d?s=96&d=mm&r=g\",\"contentUrl\":\"https:\\\/\\\/secure.gravatar.com\\\/avatar\\\/c9ead507faf6bb31e2ed98aeb1453bd75599faf65890726d60d6f206cc766d6d?s=96&d=mm&r=g\",\"caption\":\"Marin \u0160arec\"},\"url\":\"https:\\\/\\\/www.ersteprvaliga.hr\\\/plava-liga\\\/author\\\/marin_sarec\\\/\"}]}<\/script>\n<!-- \/ Yoast SEO plugin. -->","yoast_head_json":{"title":"Erste Plava liga vratila se u Split \u2013 ASK Split ponovno okupio mlade sporta\u0161e - Erste Plava Liga","robots":{"index":"index","follow":"follow","max-snippet":"max-snippet:-1","max-image-preview":"max-image-preview:large","max-video-preview":"max-video-preview:-1"},"canonical":"https:\/\/www.ersteprvaliga.hr\/plava-liga\/erste-plava-liga-vratila-se-u-split-ask-split-ponovno-okupio-mlade-sportase\/","og_locale":"hr_HR","og_type":"article","og_title":"Erste Plava liga vratila se u Split \u2013 ASK Split ponovno okupio mlade sporta\u0161e - Erste Plava Liga","og_description":"Blanka Vla\u0161i\u0107: Djeca kroz atletiku otkrivaju svoje talente, a to je najve\u0107a vrijednost ovog projekta Nakon vi\u0161e godina pauze, Erste Plava liga ponovno se vratila u Split, a povratak najve\u0107eg dje\u010djeg atletskog natjecanja u Hrvatskoj izazvao je veliko zanimanje djece, roditelja i \u0161kola. Natjecanje je odr\u017eano pod pokroviteljstvom Grada Splita, u organizaciji ASK Split, najve\u0107eg [&hellip;]","og_url":"https:\/\/www.ersteprvaliga.hr\/plava-liga\/erste-plava-liga-vratila-se-u-split-ask-split-ponovno-okupio-mlade-sportase\/","og_site_name":"Erste Plava Liga","article_published_time":"2026-05-26T12:53:55+00:00","article_modified_time":"2026-05-26T12:55:27+00:00","og_image":[{"width":1200,"height":788,"url":"https:\/\/www.ersteprvaliga.hr\/plava-liga\/wp-content\/uploads\/sites\/2\/2026\/05\/Velika-stavka-ERSTE-Split078_jura_220526-1.jpeg","type":"image\/jpeg"}],"author":"Marin \u0160arec","twitter_card":"summary_large_image","twitter_misc":{"Napisao\/la":"Marin \u0160arec","Procijenjeno vrijeme \u010ditanja":"2 minute"},"schema":{"@context":"https:\/\/schema.org","@graph":[{"@type":"Article","@id":"https:\/\/www.ersteprvaliga.hr\/plava-liga\/erste-plava-liga-vratila-se-u-split-ask-split-ponovno-okupio-mlade-sportase\/#article","isPartOf":{"@id":"https:\/\/www.ersteprvaliga.hr\/plava-liga\/erste-plava-liga-vratila-se-u-split-ask-split-ponovno-okupio-mlade-sportase\/"},"author":{"name":"Marin \u0160arec","@id":"https:\/\/www.ersteprvaliga.hr\/plava-liga\/#\/schema\/person\/b8a657cf6397e2c2e6b9f208d1f5cd0b"},"headline":"Erste Plava liga vratila se u Split \u2013 ASK Split ponovno okupio mlade sporta\u0161e","datePublished":"2026-05-26T12:53:55+00:00","dateModified":"2026-05-26T12:55:27+00:00","mainEntityOfPage":{"@id":"https:\/\/www.ersteprvaliga.hr\/plava-liga\/erste-plava-liga-vratila-se-u-split-ask-split-ponovno-okupio-mlade-sportase\/"},"wordCount":400,"commentCount":0,"publisher":{"@id":"https:\/\/www.ersteprvaliga.hr\/plava-liga\/#organization"},"image":{"@id":"https:\/\/www.ersteprvaliga.hr\/plava-liga\/erste-plava-liga-vratila-se-u-split-ask-split-ponovno-okupio-mlade-sportase\/#primaryimage"},"thumbnailUrl":"https:\/\/www.ersteprvaliga.hr\/plava-liga\/wp-content\/uploads\/sites\/2\/2026\/05\/Velika-stavka-ERSTE-Split078_jura_220526-1.jpeg","articleSection":["Vijesti"],"inLanguage":"hr","potentialAction":[{"@type":"CommentAction","name":"Comment","target":["https:\/\/www.ersteprvaliga.hr\/plava-liga\/erste-plava-liga-vratila-se-u-split-ask-split-ponovno-okupio-mlade-sportase\/#respond"]}]},{"@type":"WebPage","@id":"https:\/\/www.ersteprvaliga.hr\/plava-liga\/erste-plava-liga-vratila-se-u-split-ask-split-ponovno-okupio-mlade-sportase\/","url":"https:\/\/www.ersteprvaliga.hr\/plava-liga\/erste-plava-liga-vratila-se-u-split-ask-split-ponovno-okupio-mlade-sportase\/","name":"Erste Plava liga vratila se u Split \u2013 ASK Split ponovno okupio mlade sporta\u0161e - Erste Plava Liga","isPartOf":{"@id":"https:\/\/www.ersteprvaliga.hr\/plava-liga\/#website"},"primaryImageOfPage":{"@id":"https:\/\/www.ersteprvaliga.hr\/plava-liga\/erste-plava-liga-vratila-se-u-split-ask-split-ponovno-okupio-mlade-sportase\/#primaryimage"},"image":{"@id":"https:\/\/www.ersteprvaliga.hr\/plava-liga\/erste-plava-liga-vratila-se-u-split-ask-split-ponovno-okupio-mlade-sportase\/#primaryimage"},"thumbnailUrl":"https:\/\/www.ersteprvaliga.hr\/plava-liga\/wp-content\/uploads\/sites\/2\/2026\/05\/Velika-stavka-ERSTE-Split078_jura_220526-1.jpeg","datePublished":"2026-05-26T12:53:55+00:00","dateModified":"2026-05-26T12:55:27+00:00","breadcrumb":{"@id":"https:\/\/www.ersteprvaliga.hr\/plava-liga\/erste-plava-liga-vratila-se-u-split-ask-split-ponovno-okupio-mlade-sportase\/#breadcrumb"},"inLanguage":"hr","potentialAction":[{"@type":"ReadAction","target":["https:\/\/www.ersteprvaliga.hr\/plava-liga\/erste-plava-liga-vratila-se-u-split-ask-split-ponovno-okupio-mlade-sportase\/"]}]},{"@type":"ImageObject","inLanguage":"hr","@id":"https:\/\/www.ersteprvaliga.hr\/plava-liga\/erste-plava-liga-vratila-se-u-split-ask-split-ponovno-okupio-mlade-sportase\/#primaryimage","url":"https:\/\/www.ersteprvaliga.hr\/plava-liga\/wp-content\/uploads\/sites\/2\/2026\/05\/Velika-stavka-ERSTE-Split078_jura_220526-1.jpeg","contentUrl":"https:\/\/www.ersteprvaliga.hr\/plava-liga\/wp-content\/uploads\/sites\/2\/2026\/05\/Velika-stavka-ERSTE-Split078_jura_220526-1.jpeg","width":1200,"height":788},{"@type":"BreadcrumbList","@id":"https:\/\/www.ersteprvaliga.hr\/plava-liga\/erste-plava-liga-vratila-se-u-split-ask-split-ponovno-okupio-mlade-sportase\/#breadcrumb","itemListElement":[{"@type":"ListItem","position":1,"name":"Po\u010detna stranica","item":"https:\/\/www.ersteprvaliga.hr\/plava-liga\/"},{"@type":"ListItem","position":2,"name":"Erste Plava liga vratila se u Split \u2013 ASK Split ponovno okupio mlade sporta\u0161e"}]},{"@type":"WebSite","@id":"https:\/\/www.ersteprvaliga.hr\/plava-liga\/#website","url":"https:\/\/www.ersteprvaliga.hr\/plava-liga\/","name":"Erste Plava Liga","description":"","publisher":{"@id":"https:\/\/www.ersteprvaliga.hr\/plava-liga\/#organization"},"potentialAction":[{"@type":"SearchAction","target":{"@type":"EntryPoint","urlTemplate":"https:\/\/www.ersteprvaliga.hr\/plava-liga\/?s={search_term_string}"},"query-input":{"@type":"PropertyValueSpecification","valueRequired":true,"valueName":"search_term_string"}}],"inLanguage":"hr"},{"@type":"Organization","@id":"https:\/\/www.ersteprvaliga.hr\/plava-liga\/#organization","name":"Erste Plava Liga","url":"https:\/\/www.ersteprvaliga.hr\/plava-liga\/","logo":{"@type":"ImageObject","inLanguage":"hr","@id":"https:\/\/www.ersteprvaliga.hr\/plava-liga\/#\/schema\/logo\/image\/","url":"https:\/\/www.ersteprvaliga.hr\/plava-liga\/wp-content\/uploads\/sites\/2\/2022\/03\/fb-share-plava-liga-1.jpg","contentUrl":"https:\/\/www.ersteprvaliga.hr\/plava-liga\/wp-content\/uploads\/sites\/2\/2022\/03\/fb-share-plava-liga-1.jpg","width":1200,"height":630,"caption":"Erste Plava Liga"},"image":{"@id":"https:\/\/www.ersteprvaliga.hr\/plava-liga\/#\/schema\/logo\/image\/"}},{"@type":"Person","@id":"https:\/\/www.ersteprvaliga.hr\/plava-liga\/#\/schema\/person\/b8a657cf6397e2c2e6b9f208d1f5cd0b","name":"Marin \u0160arec","image":{"@type":"ImageObject","inLanguage":"hr","@id":"https:\/\/secure.gravatar.com\/avatar\/c9ead507faf6bb31e2ed98aeb1453bd75599faf65890726d60d6f206cc766d6d?s=96&d=mm&r=g","url":"https:\/\/secure.gravatar.com\/avatar\/c9ead507faf6bb31e2ed98aeb1453bd75599faf65890726d60d6f206cc766d6d?s=96&d=mm&r=g","contentUrl":"https:\/\/secure.gravatar.com\/avatar\/c9ead507faf6bb31e2ed98aeb1453bd75599faf65890726d60d6f206cc766d6d?s=96&d=mm&r=g","caption":"Marin \u0160arec"},"url":"https:\/\/www.ersteprvaliga.hr\/plava-liga\/author\/marin_sarec\/"}]}},"_links":{"self":[{"href":"https:\/\/www.ersteprvaliga.hr\/plava-liga\/wp-json\/wp\/v2\/posts\/13950","targetHints":{"allow":["GET"]}}],"collection":[{"href":"https:\/\/www.ersteprvaliga.hr\/plava-liga\/wp-json\/wp\/v2\/posts"}],"about":[{"href":"https:\/\/www.ersteprvaliga.hr\/plava-liga\/wp-json\/wp\/v2\/types\/post"}],"author":[{"embeddable":true,"href":"https:\/\/www.ersteprvaliga.hr\/plava-liga\/wp-json\/wp\/v2\/users\/2581"}],"replies":[{"embeddable":true,"href":"https:\/\/www.ersteprvaliga.hr\/plava-liga\/wp-json\/wp\/v2\/comments?post=13950"}],"version-history":[{"count":2,"href":"https:\/\/www.ersteprvaliga.hr\/plava-liga\/wp-json\/wp\/v2\/posts\/13950\/revisions"}],"predecessor-version":[{"id":13954,"href":"https:\/\/www.ersteprvaliga.hr\/plava-liga\/wp-json\/wp\/v2\/posts\/13950\/revisions\/13954"}],"wp:featuredmedia":[{"embeddable":true,"href":"https:\/\/www.ersteprvaliga.hr\/plava-liga\/wp-json\/wp\/v2\/media\/13951"}],"wp:attachment":[{"href":"https:\/\/www.ersteprvaliga.hr\/plava-liga\/wp-json\/wp\/v2\/media?parent=13950"}],"wp:term":[{"taxonomy":"category","embeddable":true,"href":"https:\/\/www.ersteprvaliga.hr\/plava-liga\/wp-json\/wp\/v2\/categories?post=13950"},{"taxonomy":"post_tag","embeddable":true,"href":"https:\/\/www.ersteprvaliga.hr\/plava-liga\/wp-json\/wp\/v2\/tags?post=13950"}],"curies":[{"name":"wp","href":"https:\/\/api.w.org\/{rel}","templated":true}]}}