{"id":13946,"date":"2026-05-26T14:47:30","date_gmt":"2026-05-26T12:47:30","guid":{"rendered":"https:\/\/www.ersteprvaliga.hr\/plava-liga\/?p=13946"},"modified":"2026-05-26T14:48:00","modified_gmt":"2026-05-26T12:48:00","slug":"knin-jos-jednom-pokazao-kako-sport-povezuje-zajednicu","status":"publish","type":"post","link":"https:\/\/www.ersteprvaliga.hr\/plava-liga\/knin-jos-jednom-pokazao-kako-sport-povezuje-zajednicu\/","title":{"rendered":"Knin jo\u0161 jednom pokazao kako sport povezuje zajednicu"},"content":{"rendered":"\n<blockquote class=\"wp-block-quote is-layout-flow wp-block-quote-is-layout-flow\"><p><em>Dora Mlinari\u0107: Najva\u017enije je da svako dijete osjeti da pripada sportu<\/em><\/p><\/blockquote>\n\n\n\n<p class=\"wp-block-paragraph\"><strong>Knin je ponovno bio doma\u0107in Erste Plave lige, najve\u0107eg dje\u010djeg atletskog natjecanja u Hrvatskoj, koje je i ove godine okupilo velik broj u\u010denika, roditelja i sportskih zaljubljenika. <\/strong><\/p>\n\n\n\n<p class=\"wp-block-paragraph\">Mladi natjecatelji iz Knina i okolice oku\u0161ali su se u atletskim disciplinama prilago\u0111enima svom uzrastu, a stadion je tijekom cijelog dana bio mjesto sporta, navijanja i zajedni\u0161tva.<\/p>\n\n\n\n<p class=\"wp-block-paragraph\">Ovogodi\u0161nje natjecanje odr\u017eano je i u emotivnim okolnostima. U znak po\u0161tovanja prema tragi\u010dno stradalom <strong>Luki<\/strong>, dje\u010daku iz Drni\u0161a, kao i zbog osobnog gubitka koji je pogodio <strong>AK Knin<\/strong>, gdje je sportska zajednica izgubila mladog oca i roditelja djeteta iz kluba, natjecanje je odr\u017eano bez glazbenog programa. Cijeli doga\u0111aj protekao je dostojanstveno, uz zajedni\u0161tvo i me\u0111usobnu podr\u0161ku, jo\u0161 jednom potvr\u0111uju\u0107i kako sport nije samo rezultat i natjecanje, ve\u0107 i zajednica koja dijeli i lijepe i te\u0161ke trenutke.<\/p>\n\n\n\n<p class=\"wp-block-paragraph\">Natjecanje je odr\u017eano u suradnji s <strong>AK Knin<\/strong>, koji iz godine u godinu potvr\u0111uje va\u017enu ulogu u razvoju sporta me\u0111u djecom i mladima u gradu.<\/p>\n\n\n\n<p class=\"wp-block-paragraph\">Koordinatorica natjecanja <strong>Dora Mlinari\u0107<\/strong>, dobitnica priznanja Ve\u010dernjeg lista <strong>\u201e\u017dene koje mijenjaju Hrvatsku\u201c<\/strong> u kategoriji sport, istaknula je:<\/p>\n\n\n\n<blockquote class=\"wp-block-quote is-layout-flow wp-block-quote-is-layout-flow\"><p><em>Sport djeci daje mnogo vi\u0161e od rezultata. U\u010di ih zajedni\u0161tvu, disciplini i samopouzdanju. Upravo zato nam je va\u017eno da svako dijete osjeti da pripada sportu i da dobije priliku sudjelovati. To je najve\u0107a vrijednost Erste Plave lige. Ponosni smo \u0161to kroz ovakva natjecanja gradimo zajedni\u0161tvo i djeci pokazujemo da sport pripada svima.<\/em><\/p><\/blockquote>\n\n\n\n<p class=\"wp-block-paragraph\">Va\u017ean dio ovogodi\u0161njeg programa ponovno je bilo stvaranje sportskog okru\u017eenja dostupnog svoj djeci. U Kninu je tradicionalno odr\u017eana <strong>utrka na 60 metara za osobe s invaliditetom<\/strong> u suradnji s <strong>Udrugom osoba s invaliditetom Sveti Bartolomej<\/strong>, \u010dime je jo\u0161 jednom poslana poruka kako sport treba biti dostupan svima. Njihovo sudjelovanje pokazalo je kako Erste Plava liga nastoji stvarati okru\u017eenje u kojem svako dijete ima priliku sudjelovati, do\u017eivjeti sport i biti dio zajedni\u010dke sportske pri\u010de.<\/p>\n\n\n\n<p class=\"wp-block-paragraph\">Galeriju fotografija iz Knina pogledajte <a href=\"https:\/\/www.ersteprvaliga.hr\/plava-liga\/multimedija\/knin-2026\/\" target=\"_blank\" rel=\"noreferrer noopener\">OVDJE<\/a>.<\/p>\n\n\n\n<p class=\"wp-block-paragraph\">Erste Plava liga namijenjena je djeci od <strong>1. do 6. razreda osnovne \u0161kole<\/strong>, bez obzira na to bave li se ve\u0107 sportom ili tek \u017eele isprobati ne\u0161to novo. Upravo u tome le\u017ei njezina posebnost \u2013 omogu\u0107iti svakom djetetu sudjelovanje u poticajnom i sigurnom okru\u017eenju koje razvija samopouzdanje, prijateljstvo i pozitivan odnos prema sportu.<\/p>\n\n\n\n<p class=\"wp-block-paragraph\">Kroz razli\u010dite atletske discipline djeca imaju priliku otkriti vlastite sposobnosti i do\u017eivjeti sport na na\u010din prilago\u0111en njihovoj dobi.<\/p>\n\n\n\n<p class=\"wp-block-paragraph\">Od svog pokretanja, Erste Plava liga okupila je vi\u0161e od <strong>50.000 djece<\/strong>, a mnogima je upravo ovo natjecanje bilo prvi korak prema aktivnom bavljenju sportom.<\/p>\n\n\n\n<p class=\"wp-block-paragraph\">Realizaciju projekta omogu\u0107uju partneri koji prepoznaju va\u017enost ulaganja u mlade: Erste banka, Erste mirovinski fondovi, Ministarstvo turizma i sporta, Janaf, XIXO napitci te medijski pokrovitelji 24sata.hr i JoomBoos.<\/p>\n\n\n\n<p class=\"wp-block-paragraph\"><strong>Erste Plava liga \u2013 Vi\u0161e od rezultata. Vi\u0161e od sporta. Sigurno i vrijedno za sve.<\/strong><\/p>\n","protected":false},"excerpt":{"rendered":"<p>Dora Mlinari\u0107: Najva\u017enije je da svako dijete osjeti da pripada sportu Knin je ponovno bio doma\u0107in Erste Plave lige, najve\u0107eg dje\u010djeg atletskog natjecanja u Hrvatskoj, koje je i ove godine okupilo velik broj u\u010denika, roditelja i sportskih zaljubljenika. Mladi natjecatelji iz Knina i okolice oku\u0161ali su se u atletskim disciplinama prilago\u0111enima svom uzrastu, a stadion [&hellip;]<\/p>\n","protected":false},"author":2581,"featured_media":13862,"comment_status":"open","ping_status":"open","sticky":false,"template":"","format":"standard","meta":{"footnotes":""},"categories":[11],"tags":[],"class_list":["post-13946","post","type-post","status-publish","format-standard","has-post-thumbnail","hentry","category-vijesti"],"yoast_head":"<!-- This site is optimized with the Yoast SEO plugin v28.3 - https:\/\/yoast.com\/product\/yoast-seo-wordpress\/ -->\n<title>Knin jo\u0161 jednom pokazao kako sport povezuje zajednicu - Erste Plava Liga<\/title>\n<meta name=\"robots\" content=\"index, follow, max-snippet:-1, max-image-preview:large, max-video-preview:-1\" \/>\n<link rel=\"canonical\" href=\"https:\/\/www.ersteprvaliga.hr\/plava-liga\/knin-jos-jednom-pokazao-kako-sport-povezuje-zajednicu\/\" \/>\n<meta property=\"og:locale\" content=\"hr_HR\" \/>\n<meta property=\"og:type\" content=\"article\" \/>\n<meta property=\"og:title\" content=\"Knin jo\u0161 jednom pokazao kako sport povezuje zajednicu - Erste Plava Liga\" \/>\n<meta property=\"og:description\" content=\"Dora Mlinari\u0107: Najva\u017enije je da svako dijete osjeti da pripada sportu Knin je ponovno bio doma\u0107in Erste Plave lige, najve\u0107eg dje\u010djeg atletskog natjecanja u Hrvatskoj, koje je i ove godine okupilo velik broj u\u010denika, roditelja i sportskih zaljubljenika. Mladi natjecatelji iz Knina i okolice oku\u0161ali su se u atletskim disciplinama prilago\u0111enima svom uzrastu, a stadion [&hellip;]\" \/>\n<meta property=\"og:url\" content=\"https:\/\/www.ersteprvaliga.hr\/plava-liga\/knin-jos-jednom-pokazao-kako-sport-povezuje-zajednicu\/\" \/>\n<meta property=\"og:site_name\" content=\"Erste Plava Liga\" \/>\n<meta property=\"article:published_time\" content=\"2026-05-26T12:47:30+00:00\" \/>\n<meta property=\"article:modified_time\" content=\"2026-05-26T12:48:00+00:00\" \/>\n<meta property=\"og:image\" content=\"https:\/\/www.ersteprvaliga.hr\/plava-liga\/wp-content\/uploads\/sites\/2\/2026\/05\/Velika-stavka-ERSTE-Knin082_jura_240526.jpeg\" \/>\n\t<meta property=\"og:image:width\" content=\"1280\" \/>\n\t<meta property=\"og:image:height\" content=\"838\" \/>\n\t<meta property=\"og:image:type\" content=\"image\/jpeg\" \/>\n<meta name=\"author\" content=\"Marin \u0160arec\" \/>\n<meta name=\"twitter:card\" content=\"summary_large_image\" \/>\n<meta name=\"twitter:label1\" content=\"Napisao\/la\" \/>\n\t<meta name=\"twitter:data1\" content=\"Marin \u0160arec\" \/>\n\t<meta name=\"twitter:label2\" content=\"Procijenjeno vrijeme \u010ditanja\" \/>\n\t<meta name=\"twitter:data2\" content=\"2 minute\" \/>\n<script type=\"application\/ld+json\" class=\"yoast-schema-graph\">{\"@context\":\"https:\\\/\\\/schema.org\",\"@graph\":[{\"@type\":\"Article\",\"@id\":\"https:\\\/\\\/www.ersteprvaliga.hr\\\/plava-liga\\\/knin-jos-jednom-pokazao-kako-sport-povezuje-zajednicu\\\/#article\",\"isPartOf\":{\"@id\":\"https:\\\/\\\/www.ersteprvaliga.hr\\\/plava-liga\\\/knin-jos-jednom-pokazao-kako-sport-povezuje-zajednicu\\\/\"},\"author\":{\"name\":\"Marin \u0160arec\",\"@id\":\"https:\\\/\\\/www.ersteprvaliga.hr\\\/plava-liga\\\/#\\\/schema\\\/person\\\/b8a657cf6397e2c2e6b9f208d1f5cd0b\"},\"headline\":\"Knin jo\u0161 jednom pokazao kako sport povezuje zajednicu\",\"datePublished\":\"2026-05-26T12:47:30+00:00\",\"dateModified\":\"2026-05-26T12:48:00+00:00\",\"mainEntityOfPage\":{\"@id\":\"https:\\\/\\\/www.ersteprvaliga.hr\\\/plava-liga\\\/knin-jos-jednom-pokazao-kako-sport-povezuje-zajednicu\\\/\"},\"wordCount\":510,\"commentCount\":0,\"publisher\":{\"@id\":\"https:\\\/\\\/www.ersteprvaliga.hr\\\/plava-liga\\\/#organization\"},\"image\":{\"@id\":\"https:\\\/\\\/www.ersteprvaliga.hr\\\/plava-liga\\\/knin-jos-jednom-pokazao-kako-sport-povezuje-zajednicu\\\/#primaryimage\"},\"thumbnailUrl\":\"https:\\\/\\\/www.ersteprvaliga.hr\\\/plava-liga\\\/wp-content\\\/uploads\\\/sites\\\/2\\\/2026\\\/05\\\/Velika-stavka-ERSTE-Knin082_jura_240526.jpeg\",\"articleSection\":[\"Vijesti\"],\"inLanguage\":\"hr\",\"potentialAction\":[{\"@type\":\"CommentAction\",\"name\":\"Comment\",\"target\":[\"https:\\\/\\\/www.ersteprvaliga.hr\\\/plava-liga\\\/knin-jos-jednom-pokazao-kako-sport-povezuje-zajednicu\\\/#respond\"]}]},{\"@type\":\"WebPage\",\"@id\":\"https:\\\/\\\/www.ersteprvaliga.hr\\\/plava-liga\\\/knin-jos-jednom-pokazao-kako-sport-povezuje-zajednicu\\\/\",\"url\":\"https:\\\/\\\/www.ersteprvaliga.hr\\\/plava-liga\\\/knin-jos-jednom-pokazao-kako-sport-povezuje-zajednicu\\\/\",\"name\":\"Knin jo\u0161 jednom pokazao kako sport povezuje zajednicu - Erste Plava Liga\",\"isPartOf\":{\"@id\":\"https:\\\/\\\/www.ersteprvaliga.hr\\\/plava-liga\\\/#website\"},\"primaryImageOfPage\":{\"@id\":\"https:\\\/\\\/www.ersteprvaliga.hr\\\/plava-liga\\\/knin-jos-jednom-pokazao-kako-sport-povezuje-zajednicu\\\/#primaryimage\"},\"image\":{\"@id\":\"https:\\\/\\\/www.ersteprvaliga.hr\\\/plava-liga\\\/knin-jos-jednom-pokazao-kako-sport-povezuje-zajednicu\\\/#primaryimage\"},\"thumbnailUrl\":\"https:\\\/\\\/www.ersteprvaliga.hr\\\/plava-liga\\\/wp-content\\\/uploads\\\/sites\\\/2\\\/2026\\\/05\\\/Velika-stavka-ERSTE-Knin082_jura_240526.jpeg\",\"datePublished\":\"2026-05-26T12:47:30+00:00\",\"dateModified\":\"2026-05-26T12:48:00+00:00\",\"breadcrumb\":{\"@id\":\"https:\\\/\\\/www.ersteprvaliga.hr\\\/plava-liga\\\/knin-jos-jednom-pokazao-kako-sport-povezuje-zajednicu\\\/#breadcrumb\"},\"inLanguage\":\"hr\",\"potentialAction\":[{\"@type\":\"ReadAction\",\"target\":[\"https:\\\/\\\/www.ersteprvaliga.hr\\\/plava-liga\\\/knin-jos-jednom-pokazao-kako-sport-povezuje-zajednicu\\\/\"]}]},{\"@type\":\"ImageObject\",\"inLanguage\":\"hr\",\"@id\":\"https:\\\/\\\/www.ersteprvaliga.hr\\\/plava-liga\\\/knin-jos-jednom-pokazao-kako-sport-povezuje-zajednicu\\\/#primaryimage\",\"url\":\"https:\\\/\\\/www.ersteprvaliga.hr\\\/plava-liga\\\/wp-content\\\/uploads\\\/sites\\\/2\\\/2026\\\/05\\\/Velika-stavka-ERSTE-Knin082_jura_240526.jpeg\",\"contentUrl\":\"https:\\\/\\\/www.ersteprvaliga.hr\\\/plava-liga\\\/wp-content\\\/uploads\\\/sites\\\/2\\\/2026\\\/05\\\/Velika-stavka-ERSTE-Knin082_jura_240526.jpeg\",\"width\":1280,\"height\":838},{\"@type\":\"BreadcrumbList\",\"@id\":\"https:\\\/\\\/www.ersteprvaliga.hr\\\/plava-liga\\\/knin-jos-jednom-pokazao-kako-sport-povezuje-zajednicu\\\/#breadcrumb\",\"itemListElement\":[{\"@type\":\"ListItem\",\"position\":1,\"name\":\"Po\u010detna stranica\",\"item\":\"https:\\\/\\\/www.ersteprvaliga.hr\\\/plava-liga\\\/\"},{\"@type\":\"ListItem\",\"position\":2,\"name\":\"Knin jo\u0161 jednom pokazao kako sport povezuje zajednicu\"}]},{\"@type\":\"WebSite\",\"@id\":\"https:\\\/\\\/www.ersteprvaliga.hr\\\/plava-liga\\\/#website\",\"url\":\"https:\\\/\\\/www.ersteprvaliga.hr\\\/plava-liga\\\/\",\"name\":\"Erste Plava Liga\",\"description\":\"\",\"publisher\":{\"@id\":\"https:\\\/\\\/www.ersteprvaliga.hr\\\/plava-liga\\\/#organization\"},\"potentialAction\":[{\"@type\":\"SearchAction\",\"target\":{\"@type\":\"EntryPoint\",\"urlTemplate\":\"https:\\\/\\\/www.ersteprvaliga.hr\\\/plava-liga\\\/?s={search_term_string}\"},\"query-input\":{\"@type\":\"PropertyValueSpecification\",\"valueRequired\":true,\"valueName\":\"search_term_string\"}}],\"inLanguage\":\"hr\"},{\"@type\":\"Organization\",\"@id\":\"https:\\\/\\\/www.ersteprvaliga.hr\\\/plava-liga\\\/#organization\",\"name\":\"Erste Plava Liga\",\"url\":\"https:\\\/\\\/www.ersteprvaliga.hr\\\/plava-liga\\\/\",\"logo\":{\"@type\":\"ImageObject\",\"inLanguage\":\"hr\",\"@id\":\"https:\\\/\\\/www.ersteprvaliga.hr\\\/plava-liga\\\/#\\\/schema\\\/logo\\\/image\\\/\",\"url\":\"https:\\\/\\\/www.ersteprvaliga.hr\\\/plava-liga\\\/wp-content\\\/uploads\\\/sites\\\/2\\\/2022\\\/03\\\/fb-share-plava-liga-1.jpg\",\"contentUrl\":\"https:\\\/\\\/www.ersteprvaliga.hr\\\/plava-liga\\\/wp-content\\\/uploads\\\/sites\\\/2\\\/2022\\\/03\\\/fb-share-plava-liga-1.jpg\",\"width\":1200,\"height\":630,\"caption\":\"Erste Plava Liga\"},\"image\":{\"@id\":\"https:\\\/\\\/www.ersteprvaliga.hr\\\/plava-liga\\\/#\\\/schema\\\/logo\\\/image\\\/\"}},{\"@type\":\"Person\",\"@id\":\"https:\\\/\\\/www.ersteprvaliga.hr\\\/plava-liga\\\/#\\\/schema\\\/person\\\/b8a657cf6397e2c2e6b9f208d1f5cd0b\",\"name\":\"Marin \u0160arec\",\"image\":{\"@type\":\"ImageObject\",\"inLanguage\":\"hr\",\"@id\":\"https:\\\/\\\/secure.gravatar.com\\\/avatar\\\/c9ead507faf6bb31e2ed98aeb1453bd75599faf65890726d60d6f206cc766d6d?s=96&d=mm&r=g\",\"url\":\"https:\\\/\\\/secure.gravatar.com\\\/avatar\\\/c9ead507faf6bb31e2ed98aeb1453bd75599faf65890726d60d6f206cc766d6d?s=96&d=mm&r=g\",\"contentUrl\":\"https:\\\/\\\/secure.gravatar.com\\\/avatar\\\/c9ead507faf6bb31e2ed98aeb1453bd75599faf65890726d60d6f206cc766d6d?s=96&d=mm&r=g\",\"caption\":\"Marin \u0160arec\"},\"url\":\"https:\\\/\\\/www.ersteprvaliga.hr\\\/plava-liga\\\/author\\\/marin_sarec\\\/\"}]}<\/script>\n<!-- \/ Yoast SEO plugin. -->","yoast_head_json":{"title":"Knin jo\u0161 jednom pokazao kako sport povezuje zajednicu - Erste Plava Liga","robots":{"index":"index","follow":"follow","max-snippet":"max-snippet:-1","max-image-preview":"max-image-preview:large","max-video-preview":"max-video-preview:-1"},"canonical":"https:\/\/www.ersteprvaliga.hr\/plava-liga\/knin-jos-jednom-pokazao-kako-sport-povezuje-zajednicu\/","og_locale":"hr_HR","og_type":"article","og_title":"Knin jo\u0161 jednom pokazao kako sport povezuje zajednicu - Erste Plava Liga","og_description":"Dora Mlinari\u0107: Najva\u017enije je da svako dijete osjeti da pripada sportu Knin je ponovno bio doma\u0107in Erste Plave lige, najve\u0107eg dje\u010djeg atletskog natjecanja u Hrvatskoj, koje je i ove godine okupilo velik broj u\u010denika, roditelja i sportskih zaljubljenika. Mladi natjecatelji iz Knina i okolice oku\u0161ali su se u atletskim disciplinama prilago\u0111enima svom uzrastu, a stadion [&hellip;]","og_url":"https:\/\/www.ersteprvaliga.hr\/plava-liga\/knin-jos-jednom-pokazao-kako-sport-povezuje-zajednicu\/","og_site_name":"Erste Plava Liga","article_published_time":"2026-05-26T12:47:30+00:00","article_modified_time":"2026-05-26T12:48:00+00:00","og_image":[{"width":1280,"height":838,"url":"https:\/\/www.ersteprvaliga.hr\/plava-liga\/wp-content\/uploads\/sites\/2\/2026\/05\/Velika-stavka-ERSTE-Knin082_jura_240526.jpeg","type":"image\/jpeg"}],"author":"Marin \u0160arec","twitter_card":"summary_large_image","twitter_misc":{"Napisao\/la":"Marin \u0160arec","Procijenjeno vrijeme \u010ditanja":"2 minute"},"schema":{"@context":"https:\/\/schema.org","@graph":[{"@type":"Article","@id":"https:\/\/www.ersteprvaliga.hr\/plava-liga\/knin-jos-jednom-pokazao-kako-sport-povezuje-zajednicu\/#article","isPartOf":{"@id":"https:\/\/www.ersteprvaliga.hr\/plava-liga\/knin-jos-jednom-pokazao-kako-sport-povezuje-zajednicu\/"},"author":{"name":"Marin \u0160arec","@id":"https:\/\/www.ersteprvaliga.hr\/plava-liga\/#\/schema\/person\/b8a657cf6397e2c2e6b9f208d1f5cd0b"},"headline":"Knin jo\u0161 jednom pokazao kako sport povezuje zajednicu","datePublished":"2026-05-26T12:47:30+00:00","dateModified":"2026-05-26T12:48:00+00:00","mainEntityOfPage":{"@id":"https:\/\/www.ersteprvaliga.hr\/plava-liga\/knin-jos-jednom-pokazao-kako-sport-povezuje-zajednicu\/"},"wordCount":510,"commentCount":0,"publisher":{"@id":"https:\/\/www.ersteprvaliga.hr\/plava-liga\/#organization"},"image":{"@id":"https:\/\/www.ersteprvaliga.hr\/plava-liga\/knin-jos-jednom-pokazao-kako-sport-povezuje-zajednicu\/#primaryimage"},"thumbnailUrl":"https:\/\/www.ersteprvaliga.hr\/plava-liga\/wp-content\/uploads\/sites\/2\/2026\/05\/Velika-stavka-ERSTE-Knin082_jura_240526.jpeg","articleSection":["Vijesti"],"inLanguage":"hr","potentialAction":[{"@type":"CommentAction","name":"Comment","target":["https:\/\/www.ersteprvaliga.hr\/plava-liga\/knin-jos-jednom-pokazao-kako-sport-povezuje-zajednicu\/#respond"]}]},{"@type":"WebPage","@id":"https:\/\/www.ersteprvaliga.hr\/plava-liga\/knin-jos-jednom-pokazao-kako-sport-povezuje-zajednicu\/","url":"https:\/\/www.ersteprvaliga.hr\/plava-liga\/knin-jos-jednom-pokazao-kako-sport-povezuje-zajednicu\/","name":"Knin jo\u0161 jednom pokazao kako sport povezuje zajednicu - Erste Plava Liga","isPartOf":{"@id":"https:\/\/www.ersteprvaliga.hr\/plava-liga\/#website"},"primaryImageOfPage":{"@id":"https:\/\/www.ersteprvaliga.hr\/plava-liga\/knin-jos-jednom-pokazao-kako-sport-povezuje-zajednicu\/#primaryimage"},"image":{"@id":"https:\/\/www.ersteprvaliga.hr\/plava-liga\/knin-jos-jednom-pokazao-kako-sport-povezuje-zajednicu\/#primaryimage"},"thumbnailUrl":"https:\/\/www.ersteprvaliga.hr\/plava-liga\/wp-content\/uploads\/sites\/2\/2026\/05\/Velika-stavka-ERSTE-Knin082_jura_240526.jpeg","datePublished":"2026-05-26T12:47:30+00:00","dateModified":"2026-05-26T12:48:00+00:00","breadcrumb":{"@id":"https:\/\/www.ersteprvaliga.hr\/plava-liga\/knin-jos-jednom-pokazao-kako-sport-povezuje-zajednicu\/#breadcrumb"},"inLanguage":"hr","potentialAction":[{"@type":"ReadAction","target":["https:\/\/www.ersteprvaliga.hr\/plava-liga\/knin-jos-jednom-pokazao-kako-sport-povezuje-zajednicu\/"]}]},{"@type":"ImageObject","inLanguage":"hr","@id":"https:\/\/www.ersteprvaliga.hr\/plava-liga\/knin-jos-jednom-pokazao-kako-sport-povezuje-zajednicu\/#primaryimage","url":"https:\/\/www.ersteprvaliga.hr\/plava-liga\/wp-content\/uploads\/sites\/2\/2026\/05\/Velika-stavka-ERSTE-Knin082_jura_240526.jpeg","contentUrl":"https:\/\/www.ersteprvaliga.hr\/plava-liga\/wp-content\/uploads\/sites\/2\/2026\/05\/Velika-stavka-ERSTE-Knin082_jura_240526.jpeg","width":1280,"height":838},{"@type":"BreadcrumbList","@id":"https:\/\/www.ersteprvaliga.hr\/plava-liga\/knin-jos-jednom-pokazao-kako-sport-povezuje-zajednicu\/#breadcrumb","itemListElement":[{"@type":"ListItem","position":1,"name":"Po\u010detna stranica","item":"https:\/\/www.ersteprvaliga.hr\/plava-liga\/"},{"@type":"ListItem","position":2,"name":"Knin jo\u0161 jednom pokazao kako sport povezuje zajednicu"}]},{"@type":"WebSite","@id":"https:\/\/www.ersteprvaliga.hr\/plava-liga\/#website","url":"https:\/\/www.ersteprvaliga.hr\/plava-liga\/","name":"Erste Plava Liga","description":"","publisher":{"@id":"https:\/\/www.ersteprvaliga.hr\/plava-liga\/#organization"},"potentialAction":[{"@type":"SearchAction","target":{"@type":"EntryPoint","urlTemplate":"https:\/\/www.ersteprvaliga.hr\/plava-liga\/?s={search_term_string}"},"query-input":{"@type":"PropertyValueSpecification","valueRequired":true,"valueName":"search_term_string"}}],"inLanguage":"hr"},{"@type":"Organization","@id":"https:\/\/www.ersteprvaliga.hr\/plava-liga\/#organization","name":"Erste Plava Liga","url":"https:\/\/www.ersteprvaliga.hr\/plava-liga\/","logo":{"@type":"ImageObject","inLanguage":"hr","@id":"https:\/\/www.ersteprvaliga.hr\/plava-liga\/#\/schema\/logo\/image\/","url":"https:\/\/www.ersteprvaliga.hr\/plava-liga\/wp-content\/uploads\/sites\/2\/2022\/03\/fb-share-plava-liga-1.jpg","contentUrl":"https:\/\/www.ersteprvaliga.hr\/plava-liga\/wp-content\/uploads\/sites\/2\/2022\/03\/fb-share-plava-liga-1.jpg","width":1200,"height":630,"caption":"Erste Plava Liga"},"image":{"@id":"https:\/\/www.ersteprvaliga.hr\/plava-liga\/#\/schema\/logo\/image\/"}},{"@type":"Person","@id":"https:\/\/www.ersteprvaliga.hr\/plava-liga\/#\/schema\/person\/b8a657cf6397e2c2e6b9f208d1f5cd0b","name":"Marin \u0160arec","image":{"@type":"ImageObject","inLanguage":"hr","@id":"https:\/\/secure.gravatar.com\/avatar\/c9ead507faf6bb31e2ed98aeb1453bd75599faf65890726d60d6f206cc766d6d?s=96&d=mm&r=g","url":"https:\/\/secure.gravatar.com\/avatar\/c9ead507faf6bb31e2ed98aeb1453bd75599faf65890726d60d6f206cc766d6d?s=96&d=mm&r=g","contentUrl":"https:\/\/secure.gravatar.com\/avatar\/c9ead507faf6bb31e2ed98aeb1453bd75599faf65890726d60d6f206cc766d6d?s=96&d=mm&r=g","caption":"Marin \u0160arec"},"url":"https:\/\/www.ersteprvaliga.hr\/plava-liga\/author\/marin_sarec\/"}]}},"_links":{"self":[{"href":"https:\/\/www.ersteprvaliga.hr\/plava-liga\/wp-json\/wp\/v2\/posts\/13946","targetHints":{"allow":["GET"]}}],"collection":[{"href":"https:\/\/www.ersteprvaliga.hr\/plava-liga\/wp-json\/wp\/v2\/posts"}],"about":[{"href":"https:\/\/www.ersteprvaliga.hr\/plava-liga\/wp-json\/wp\/v2\/types\/post"}],"author":[{"embeddable":true,"href":"https:\/\/www.ersteprvaliga.hr\/plava-liga\/wp-json\/wp\/v2\/users\/2581"}],"replies":[{"embeddable":true,"href":"https:\/\/www.ersteprvaliga.hr\/plava-liga\/wp-json\/wp\/v2\/comments?post=13946"}],"version-history":[{"count":2,"href":"https:\/\/www.ersteprvaliga.hr\/plava-liga\/wp-json\/wp\/v2\/posts\/13946\/revisions"}],"predecessor-version":[{"id":13948,"href":"https:\/\/www.ersteprvaliga.hr\/plava-liga\/wp-json\/wp\/v2\/posts\/13946\/revisions\/13948"}],"wp:featuredmedia":[{"embeddable":true,"href":"https:\/\/www.ersteprvaliga.hr\/plava-liga\/wp-json\/wp\/v2\/media\/13862"}],"wp:attachment":[{"href":"https:\/\/www.ersteprvaliga.hr\/plava-liga\/wp-json\/wp\/v2\/media?parent=13946"}],"wp:term":[{"taxonomy":"category","embeddable":true,"href":"https:\/\/www.ersteprvaliga.hr\/plava-liga\/wp-json\/wp\/v2\/categories?post=13946"},{"taxonomy":"post_tag","embeddable":true,"href":"https:\/\/www.ersteprvaliga.hr\/plava-liga\/wp-json\/wp\/v2\/tags?post=13946"}],"curies":[{"name":"wp","href":"https:\/\/api.w.org\/{rel}","templated":true}]}}